{"id":994104,"date":"2026-01-26T08:32:00","date_gmt":"2026-01-26T11:32:00","guid":{"rendered":"https:\/\/www.cnbb.org.br\/?p=994104"},"modified":"2026-01-26T08:32:50","modified_gmt":"2026-01-26T11:32:50","slug":"o-domingo-da-palavra-de-deus-celebrando-a-riqueza-das-escrituras-sagradas","status":"publish","type":"post","link":"https:\/\/www.cnbb.org.br\/o-domingo-da-palavra-de-deus-celebrando-a-riqueza-das-escrituras-sagradas\/","title":{"rendered":"O Domingo da Palavra de Deus: celebrando a riqueza das Escrituras Sagradas\u00a0"},"content":{"rendered":"<p style=\"text-align: right;\"><b><span data-contrast=\"auto\">Dom Anuar Battisti<br \/>\nArcebispo Em\u00e9rito de Maring\u00e1 (PR)<\/p>\n<p><\/span><\/b><\/p>\n<p style=\"text-align: justify;\"><span data-ccp-props=\"{&quot;201341983&quot;:0,&quot;335551550&quot;:6,&quot;335551620&quot;:6,&quot;335559731&quot;:708,&quot;335559739&quot;:160,&quot;335559740&quot;:278}\">\u00a0<\/span><\/p>\n<p style=\"text-align: justify;\"><span data-contrast=\"auto\">O Domingo da Palavra de Deus, institu\u00eddo pelo Papa Francisco em 2019 por meio do Motu\u00a0Proprio\u00a0<\/span><i><span data-contrast=\"auto\">Aperuit\u00a0Illis<\/span><\/i><span data-contrast=\"auto\">, \u00e9 celebrado anualmente no terceiro domingo do Tempo Comum. Este dia \u00e9 dedicado a destacar a centralidade da Palavra de Deus na vida da Igreja e dos fi\u00e9is, incentivando a leitura, o estudo e a viv\u00eancia das Escrituras.<\/span><span data-ccp-props=\"{&quot;201341983&quot;:0,&quot;335551550&quot;:6,&quot;335551620&quot;:6,&quot;335559731&quot;:708,&quot;335559739&quot;:160,&quot;335559740&quot;:278}\">\u00a0<\/span><\/p>\n<p style=\"text-align: justify;\"><span data-contrast=\"auto\">A Sagrada Escritura \u00e9 o cora\u00e7\u00e3o pulsante da vida crist\u00e3. Como afirma o Salmo 119,105:\u00a0<\/span><i><span data-contrast=\"auto\">\u201cTua palavra \u00e9 l\u00e2mpada para os meus p\u00e9s e luz para o meu caminho\u201d<\/span><\/i><span data-contrast=\"auto\">. A B\u00edblia n\u00e3o \u00e9 apenas um livro, mas a revela\u00e7\u00e3o do amor de Deus, uma mensagem viva que nos orienta em nossa jornada de f\u00e9.<\/span><span data-ccp-props=\"{&quot;201341983&quot;:0,&quot;335551550&quot;:6,&quot;335551620&quot;:6,&quot;335559731&quot;:708,&quot;335559739&quot;:160,&quot;335559740&quot;:278}\">\u00a0<\/span><\/p>\n<p style=\"text-align: justify;\"><span data-contrast=\"auto\">O Domingo da Palavra de Deus nos lembra que as Escrituras n\u00e3o devem ser relegadas a um segundo plano, mas ocupar um lugar de destaque em nossa espiritualidade, em nossas celebra\u00e7\u00f5es lit\u00fargicas e em nossa vida cotidiana.<\/span><span data-ccp-props=\"{&quot;201341983&quot;:0,&quot;335551550&quot;:6,&quot;335551620&quot;:6,&quot;335559731&quot;:708,&quot;335559739&quot;:160,&quot;335559740&quot;:278}\">\u00a0<\/span><\/p>\n<p style=\"text-align: justify;\"><span data-contrast=\"auto\">O Papa Francisco destaca que, ao lermos a B\u00edblia, encontramos o pr\u00f3prio Cristo, pois Ele \u00e9 a Palavra viva de Deus. Este encontro transforma nossos cora\u00e7\u00f5es e nos impulsiona a sermos testemunhas do Evangelho no mundo.<\/span><span data-ccp-props=\"{&quot;201341983&quot;:0,&quot;335551550&quot;:6,&quot;335551620&quot;:6,&quot;335559731&quot;:708,&quot;335559739&quot;:160,&quot;335559740&quot;:278}\">\u00a0<\/span><\/p>\n<p style=\"text-align: justify;\"><span data-contrast=\"auto\">Na liturgia, especialmente na proclama\u00e7\u00e3o do Evangelho, Cristo se faz presente e fala diretamente ao seu povo. Por isso, a Igreja nos convida a ouvir a Palavra com aten\u00e7\u00e3o e a meditar sobre ela, deixando que ela penetre profundamente em nossas vidas.<\/span><span data-ccp-props=\"{&quot;201341983&quot;:0,&quot;335551550&quot;:6,&quot;335551620&quot;:6,&quot;335559731&quot;:708,&quot;335559739&quot;:160,&quot;335559740&quot;:278}\">\u00a0<\/span><\/p>\n<p style=\"text-align: justify;\"><span data-contrast=\"auto\">O Domingo da Palavra de Deus tamb\u00e9m refor\u00e7a o chamado mission\u00e1rio de cada crist\u00e3o. A exemplo dos disc\u00edpulos de Ema\u00fas (Lc\u00a024,13-35), somos convidados a reconhecer Cristo que caminha conosco, a escutar sua Palavra e a lev\u00e1-la a todos os cantos do mundo.<\/span><span data-ccp-props=\"{&quot;201341983&quot;:0,&quot;335551550&quot;:6,&quot;335551620&quot;:6,&quot;335559731&quot;:708,&quot;335559739&quot;:160,&quot;335559740&quot;:278}\">\u00a0<\/span><\/p>\n<p style=\"text-align: justify;\"><span data-contrast=\"auto\">A leitura orante da B\u00edblia, a\u00a0<\/span><i><span data-contrast=\"auto\">Lectio\u00a0Divina<\/span><\/i><span data-contrast=\"auto\">, \u00e9 uma pr\u00e1tica preciosa para nos aprofundarmos na Palavra. Por meio dela, somos conduzidos a meditar, rezar e contemplar o que Deus nos comunica, permitindo que essa mensagem se torne a\u00e7\u00e3o em nossas vidas.<\/span><span data-ccp-props=\"{&quot;201341983&quot;:0,&quot;335551550&quot;:6,&quot;335551620&quot;:6,&quot;335559731&quot;:708,&quot;335559739&quot;:160,&quot;335559740&quot;:278}\">\u00a0<\/span><\/p>\n<p style=\"text-align: justify;\"><span data-contrast=\"auto\">Celebrar o Domingo da Palavra de Deus \u00e9 tamb\u00e9m um convite \u00e0 convers\u00e3o. A Palavra nos chama \u00e0 justi\u00e7a, \u00e0 caridade e \u00e0 paz, inspirando-nos a transformar nossas atitudes e a construir uma sociedade mais fraterna.<\/span><span data-ccp-props=\"{&quot;201341983&quot;:0,&quot;335551550&quot;:6,&quot;335551620&quot;:6,&quot;335559731&quot;:708,&quot;335559739&quot;:160,&quot;335559740&quot;:278}\">\u00a0<\/span><\/p>\n<p style=\"text-align: justify;\"><span data-contrast=\"auto\">Neste dia, somos encorajados a refletir sobre como podemos integrar a B\u00edblia em nossas fam\u00edlias, comunidades e par\u00f3quias. A promo\u00e7\u00e3o de c\u00edrculos b\u00edblicos, estudos das Escrituras e momentos de ora\u00e7\u00e3o comunit\u00e1ria s\u00e3o formas concretas de vivermos este compromisso.<\/span><span data-ccp-props=\"{&quot;201341983&quot;:0,&quot;335551550&quot;:6,&quot;335551620&quot;:6,&quot;335559731&quot;:708,&quot;335559739&quot;:160,&quot;335559740&quot;:278}\">\u00a0<\/span><\/p>\n<p style=\"text-align: justify;\"><span data-contrast=\"auto\">O Domingo da Palavra de Deus \u00e9 um momento especial para renovar nosso amor pelas Escrituras e nosso desejo de viver segundo o Evangelho. Que possamos, como Maria, guardar a Palavra em nossos cora\u00e7\u00f5es e, como os ap\u00f3stolos, proclam\u00e1-la com coragem ao mundo.<\/span><span data-ccp-props=\"{&quot;201341983&quot;:0,&quot;335551550&quot;:6,&quot;335551620&quot;:6,&quot;335559731&quot;:708,&quot;335559739&quot;:160,&quot;335559740&quot;:278}\">\u00a0<\/span><\/p>\n<p style=\"text-align: justify;\"><span data-contrast=\"auto\">Que este dia inspire cada um de n\u00f3s a redescobrir a riqueza inesgot\u00e1vel da Palavra de Deus e a fazer dela uma fonte de vida e esperan\u00e7a em nossa caminhada de f\u00e9.<\/span><span data-ccp-props=\"{&quot;201341983&quot;:0,&quot;335551550&quot;:6,&quot;335551620&quot;:6,&quot;335559731&quot;:708,&quot;335559739&quot;:160,&quot;335559740&quot;:278}\">\u00a0<\/span><\/p>\n<p style=\"text-align: justify;\"><span data-ccp-props=\"{&quot;201341983&quot;:0,&quot;335551550&quot;:2,&quot;335551620&quot;:2,&quot;335559739&quot;:160,&quot;335559740&quot;:278}\">\u00a0<\/span><\/p>\n<p style=\"text-align: justify;\">\n<p><span data-ccp-props=\"{&quot;201341983&quot;:0,&quot;335559739&quot;:160,&quot;335559740&quot;:278}\">\u00a0<\/span><\/p>\n","protected":false},"excerpt":{"rendered":"<p>Dom Anuar Battisti Arcebispo Em\u00e9rito de Maring\u00e1 (PR) \u00a0 O Domingo da Palavra de Deus, institu\u00eddo pelo Papa Francisco em 2019 por meio do Motu\u00a0Proprio\u00a0Aperuit\u00a0Illis, \u00e9 celebrado anualmente no terceiro domingo do Tempo Comum. Este dia \u00e9 dedicado a destacar a centralidade da Palavra de Deus na vida da Igreja e dos fi\u00e9is, incentivando a &hellip;<\/p>\n<p class=\"read-more\"> <a class=\"\" href=\"https:\/\/www.cnbb.org.br\/o-domingo-da-palavra-de-deus-celebrando-a-riqueza-das-escrituras-sagradas\/\"> <span class=\"screen-reader-text\">O Domingo da Palavra de Deus: celebrando a riqueza das Escrituras Sagradas\u00a0<\/span> Leia mais &raquo;<\/a><\/p>\n","protected":false},"author":41,"featured_media":0,"comment_status":"closed","ping_status":"closed","sticky":false,"template":"","format":"standard","meta":{"site-sidebar-layout":"default","site-content-layout":"default","ast-global-header-display":"","ast-banner-title-visibility":"","ast-main-header-display":"","ast-hfb-above-header-display":"","ast-hfb-below-header-display":"","ast-hfb-mobile-header-display":"","site-post-title":"","ast-breadcrumbs-content":"","ast-featured-img":"","footer-sml-layout":"","theme-transparent-header-meta":"default","adv-header-id-meta":"","stick-header-meta":"","header-above-stick-meta":"","header-main-stick-meta":"","header-below-stick-meta":""},"categories":[758],"tags":[],"acf":[],"_links":{"self":[{"href":"https:\/\/www.cnbb.org.br\/cnbb-app\/wp\/v2\/posts\/994104"}],"collection":[{"href":"https:\/\/www.cnbb.org.br\/cnbb-app\/wp\/v2\/posts"}],"about":[{"href":"https:\/\/www.cnbb.org.br\/cnbb-app\/wp\/v2\/types\/post"}],"author":[{"embeddable":true,"href":"https:\/\/www.cnbb.org.br\/cnbb-app\/wp\/v2\/users\/41"}],"replies":[{"embeddable":true,"href":"https:\/\/www.cnbb.org.br\/cnbb-app\/wp\/v2\/comments?post=994104"}],"version-history":[{"count":1,"href":"https:\/\/www.cnbb.org.br\/cnbb-app\/wp\/v2\/posts\/994104\/revisions"}],"predecessor-version":[{"id":994105,"href":"https:\/\/www.cnbb.org.br\/cnbb-app\/wp\/v2\/posts\/994104\/revisions\/994105"}],"wp:attachment":[{"href":"https:\/\/www.cnbb.org.br\/cnbb-app\/wp\/v2\/media?parent=994104"}],"wp:term":[{"taxonomy":"category","embeddable":true,"href":"https:\/\/www.cnbb.org.br\/cnbb-app\/wp\/v2\/categories?post=994104"},{"taxonomy":"post_tag","embeddable":true,"href":"https:\/\/www.cnbb.org.br\/cnbb-app\/wp\/v2\/tags?post=994104"}],"curies":[{"name":"wp","href":"https:\/\/api.w.org\/{rel}","templated":true}]}}