{"id":994109,"date":"2026-01-26T08:36:00","date_gmt":"2026-01-26T11:36:00","guid":{"rendered":"https:\/\/www.cnbb.org.br\/?p=994109"},"modified":"2026-01-26T08:38:45","modified_gmt":"2026-01-26T11:38:45","slug":"3-domingo-do-tempo-comum-3","status":"publish","type":"post","link":"https:\/\/www.cnbb.org.br\/3-domingo-do-tempo-comum-3\/","title":{"rendered":"3\u00b0 Domingo do Tempo Comum"},"content":{"rendered":"<p style=\"text-align: right;\"><b><span data-contrast=\"none\">Dom Carmo Jo\u00e3o Rhoden<\/span><\/b><span data-ccp-props=\"{&quot;201341983&quot;:0,&quot;335551550&quot;:2,&quot;335551620&quot;:2,&quot;335559739&quot;:160,&quot;335559740&quot;:259}\"><br \/>\n<\/span><b><span data-contrast=\"none\">Bispo Em\u00e9rito de Taubat\u00e9 (SP)<\/span><\/b><span data-ccp-props=\"{&quot;201341983&quot;:0,&quot;335551550&quot;:2,&quot;335551620&quot;:2,&quot;335559739&quot;:160,&quot;335559740&quot;:259}\">\u00a0<\/span><\/p>\n<p>&nbsp;<\/p>\n<p><b><span data-contrast=\"none\">3\u00b0 Domingo do Tempo Comum 25\/01\/26 (Mt\u00a04,12-23 ou 12-17).<\/span><\/b><span data-ccp-props=\"{&quot;201341983&quot;:0,&quot;335551550&quot;:2,&quot;335551620&quot;:2,&quot;335559739&quot;:160,&quot;335559740&quot;:259}\">\u00a0<\/span><\/p>\n<p style=\"text-align: justify;\"><span data-ccp-props=\"{&quot;201341983&quot;:0,&quot;335551550&quot;:2,&quot;335551620&quot;:2,&quot;335559739&quot;:160,&quot;335559740&quot;:259}\">\u00a0<\/span><\/p>\n<p style=\"text-align: justify;\"><b><i><span data-contrast=\"none\">Texto referencial: da\u00ed em diante, Jesus come\u00e7ou a pregar, dizendo: \u201cconvertei-vos, porque o Reino do C\u00e9u est\u00e1 pr\u00f3ximo\u201d. (Mt\u00a04.17).<\/span><\/i><\/b><span data-ccp-props=\"{&quot;201341983&quot;:0,&quot;335551550&quot;:2,&quot;335551620&quot;:2,&quot;335559739&quot;:160,&quot;335559740&quot;:259}\">\u00a0<\/span><\/p>\n<p style=\"text-align: justify;\"><span data-ccp-props=\"{&quot;201341983&quot;:0,&quot;335551550&quot;:6,&quot;335551620&quot;:6,&quot;335559739&quot;:160,&quot;335559740&quot;:259}\">\u00a0<\/span><\/p>\n<p style=\"text-align: justify;\"><span data-contrast=\"none\">Herodes havia calado Jo\u00e3o Batista, mandando, degol\u00e1-lo na pris\u00e3o, mesmo admirando-o. Os justos incomodam aos poderosos que amam mais o poder que a honestidade, a justi\u00e7a e o bem. Os Herodes hoje em dia, andam soltos e os Batistas (Jo\u00e3o) s\u00e3o encarcerados. A luz faz mal aos olhos doentes e a verdade aos cora\u00e7\u00f5es falsos. O bem \u00e9 amado ou odiado: Por isso, sempre incomoda aos desonestos.<\/span><span data-ccp-props=\"{&quot;201341983&quot;:0,&quot;335551550&quot;:6,&quot;335551620&quot;:6,&quot;335559739&quot;:160,&quot;335559740&quot;:259}\">\u00a0<\/span><\/p>\n<p style=\"text-align: justify;\"><span data-contrast=\"none\">N\u00e3o por nada, tanto Jo\u00e3o Batista, quanto Jesus, come\u00e7am falando na necessidade de mudan\u00e7as, de convers\u00e3o, (Mc 1.15, Mt 4.17) ambos foram julgados. A maioria condenados e mortos. Tudo na vida tem um custo. A luz faz mal a olhos doentes. Assim foi, e assim continua sendo.\u00a0 Por isso a convers\u00e3o tamb\u00e9m.<\/span><span data-ccp-props=\"{&quot;201341983&quot;:0,&quot;335551550&quot;:6,&quot;335551620&quot;:6,&quot;335559739&quot;:160,&quot;335559740&quot;:259}\">\u00a0<\/span><\/p>\n<p style=\"text-align: justify;\"><span data-contrast=\"none\">Calado Jo\u00e3o, Jesus come\u00e7ou sua miss\u00e3o. Logo chamou homens, para ajud\u00e1-lo.\u00a0 Foram os primeiros ap\u00f3stolos. Eles ouviram o chamado e seguiram Jesus. E Jo\u00e3o e Thiago, disse tamb\u00e9m que al\u00e9m de abandonar o barco, deixaram tamb\u00e9m pai e m\u00e3e. De fato, as vezes \u00e9 mais f\u00e1cil deixar o barco e os pais, de que seus pr\u00f3prios interesses, ou inclina\u00e7\u00f5es. Portanto, ningu\u00e9m seguir\u00e1 Jesus, sem deixar nada. Ali\u00e1s, o mundo hodierno tem muito a oferecer. \u00c9 preciso estar por ou contra jesus. A decis\u00e3o \u00e9 minha. Sua. Nossa\u2026 por isso, faltam voca\u00e7\u00f5es, pois \u00e9 necess\u00e1rio deixar. Deixar\u2026<\/span><span data-ccp-props=\"{&quot;201341983&quot;:0,&quot;335551550&quot;:6,&quot;335551620&quot;:6,&quot;335559739&quot;:160,&quot;335559740&quot;:259}\">\u00a0<\/span><\/p>\n<p style=\"text-align: justify;\"><span data-contrast=\"none\">E n\u00f3s hoje somos livres para seguir Jesus? respondei-me v\u00f3s. <\/span><span data-ccp-props=\"{&quot;201341983&quot;:0,&quot;335551550&quot;:6,&quot;335551620&quot;:6,&quot;335559739&quot;:160,&quot;335559740&quot;:259}\">\u00a0<\/span><\/p>\n<p style=\"text-align: justify;\"><span data-ccp-props=\"{&quot;201341983&quot;:0,&quot;335551550&quot;:6,&quot;335551620&quot;:6,&quot;335559739&quot;:160,&quot;335559740&quot;:259}\">\u00a0<\/span><\/p>\n<p style=\"text-align: justify;\"><span data-ccp-props=\"{&quot;201341983&quot;:0,&quot;335551550&quot;:6,&quot;335551620&quot;:6,&quot;335559739&quot;:160,&quot;335559740&quot;:259}\">\u00a0<\/span><\/p>\n<p>&nbsp;<\/p>\n<p><span data-ccp-props=\"{&quot;201341983&quot;:0,&quot;335551550&quot;:6,&quot;335551620&quot;:6,&quot;335559739&quot;:160,&quot;335559740&quot;:259}\">\u00a0<\/span><\/p>\n","protected":false},"excerpt":{"rendered":"<p>Dom Carmo Jo\u00e3o Rhoden Bispo Em\u00e9rito de Taubat\u00e9 (SP)\u00a0 &nbsp; 3\u00b0 Domingo do Tempo Comum 25\/01\/26 (Mt\u00a04,12-23 ou 12-17).\u00a0 \u00a0 Texto referencial: da\u00ed em diante, Jesus come\u00e7ou a pregar, dizendo: \u201cconvertei-vos, porque o Reino do C\u00e9u est\u00e1 pr\u00f3ximo\u201d. (Mt\u00a04.17).\u00a0 \u00a0 Herodes havia calado Jo\u00e3o Batista, mandando, degol\u00e1-lo na pris\u00e3o, mesmo admirando-o. Os justos incomodam aos &hellip;<\/p>\n<p class=\"read-more\"> <a class=\"\" href=\"https:\/\/www.cnbb.org.br\/3-domingo-do-tempo-comum-3\/\"> <span class=\"screen-reader-text\">3\u00b0 Domingo do Tempo Comum<\/span> Leia mais &raquo;<\/a><\/p>\n","protected":false},"author":132,"featured_media":0,"comment_status":"closed","ping_status":"closed","sticky":false,"template":"","format":"standard","meta":{"site-sidebar-layout":"default","site-content-layout":"default","ast-global-header-display":"","ast-banner-title-visibility":"","ast-main-header-display":"","ast-hfb-above-header-display":"","ast-hfb-below-header-display":"","ast-hfb-mobile-header-display":"","site-post-title":"","ast-breadcrumbs-content":"","ast-featured-img":"","footer-sml-layout":"","theme-transparent-header-meta":"default","adv-header-id-meta":"","stick-header-meta":"","header-above-stick-meta":"","header-main-stick-meta":"","header-below-stick-meta":""},"categories":[758],"tags":[],"acf":[],"_links":{"self":[{"href":"https:\/\/www.cnbb.org.br\/cnbb-app\/wp\/v2\/posts\/994109"}],"collection":[{"href":"https:\/\/www.cnbb.org.br\/cnbb-app\/wp\/v2\/posts"}],"about":[{"href":"https:\/\/www.cnbb.org.br\/cnbb-app\/wp\/v2\/types\/post"}],"author":[{"embeddable":true,"href":"https:\/\/www.cnbb.org.br\/cnbb-app\/wp\/v2\/users\/132"}],"replies":[{"embeddable":true,"href":"https:\/\/www.cnbb.org.br\/cnbb-app\/wp\/v2\/comments?post=994109"}],"version-history":[{"count":2,"href":"https:\/\/www.cnbb.org.br\/cnbb-app\/wp\/v2\/posts\/994109\/revisions"}],"predecessor-version":[{"id":994111,"href":"https:\/\/www.cnbb.org.br\/cnbb-app\/wp\/v2\/posts\/994109\/revisions\/994111"}],"wp:attachment":[{"href":"https:\/\/www.cnbb.org.br\/cnbb-app\/wp\/v2\/media?parent=994109"}],"wp:term":[{"taxonomy":"category","embeddable":true,"href":"https:\/\/www.cnbb.org.br\/cnbb-app\/wp\/v2\/categories?post=994109"},{"taxonomy":"post_tag","embeddable":true,"href":"https:\/\/www.cnbb.org.br\/cnbb-app\/wp\/v2\/tags?post=994109"}],"curies":[{"name":"wp","href":"https:\/\/api.w.org\/{rel}","templated":true}]}}