{"id":994118,"date":"2026-01-26T13:58:20","date_gmt":"2026-01-26T16:58:20","guid":{"rendered":"https:\/\/www.cnbb.org.br\/?p=994118"},"modified":"2026-01-26T14:04:54","modified_gmt":"2026-01-26T17:04:54","slug":"papa-leao-xiv-discute-chamado-por-justica-climatica-com-empresarios-do-setor-de-energia-da-america-latina","status":"publish","type":"post","link":"https:\/\/www.cnbb.org.br\/papa-leao-xiv-discute-chamado-por-justica-climatica-com-empresarios-do-setor-de-energia-da-america-latina\/","title":{"rendered":"Papa Le\u00e3o XIV discute chamado por justi\u00e7a clim\u00e1tica com empres\u00e1rios do setor de energia da Am\u00e9rica Latina"},"content":{"rendered":"<p>As preocupa\u00e7\u00f5es da Igreja no Sul Global referentes \u00e0 justi\u00e7a clim\u00e1tica foram tema num encontro do Papa Le\u00e3o XIV com um grupo de l\u00edderes empresariais dos setores de energia e minais cr\u00edticos que operam na Am\u00e9rica Latina e no Caribe. O grupo foi recebido no Vaticano no \u00faltimo s\u00e1bado, 24 de janeiro, em audi\u00eancia com o pont\u00edfice, dando sequ\u00eancia a um processo iniciado em 2022.<\/p>\n<p>O encontro com o grupo de l\u00edderes empresariais foi o s\u00e9timo desse processo, que \u00e9 liderado pela Iniciativa Construindo Pontes (Building Bridges Initiative), coordenada pela Pontif\u00edcia Comiss\u00e3o para a Am\u00e9rica Latina (PCAL) diante da tens\u00e3o gerada entre o desenvolvimento econ\u00f4mico que requer minerais essenciais e a demanda por justi\u00e7a socioclim\u00e1tica como condi\u00e7\u00e3o para uma vida boa e abundante para todos.<\/p>\n<p>O Papa Francisco orientou essa busca pelo di\u00e1logo, iniciativa apoiada pelo ent\u00e3o cardeal Robert Prevost na qualidade de presidente da Comiss\u00e3o. Assim, a iniciativa visa construir \u201cpontes de inclus\u00e3o\u201d com as universidades; \u201cpontes de reconcilia\u00e7\u00e3o\u201d com sindicatos, c\u00e2maras de com\u00e9rcio e comunidades organizadas; e \u201cpontes de fraternidade\u201d com as Confer\u00eancias Episcopais e eclesiais regionais.<\/p>\n<h3>Amea\u00e7as e oportunidades<\/h3>\n<p>O grupo de empres\u00e1rios p\u00f4de compartilhar com o Papa Le\u00e3o XIV suas perspectivas sobre as amea\u00e7as e oportunidades que o setor enfrenta na Am\u00e9rica Latina e no Caribe. Tamb\u00e9m puderam discernir juntos o que antecipar, o que promover e o que esperar. De acordo com mat\u00e9ria divulgada em Vatican News, este encontro estava planejado para todo o ano de 2024 e a audi\u00eancia com o Papa Francisco estava prevista para 24 de janeiro de 2025. Devido \u00e0s condi\u00e7\u00f5es de sa\u00fade do Pont\u00edfice argentino, o encontro teve que ser adiado a pedido do ent\u00e3o cardeal Prevost, hoje Papa Le\u00e3o XIV, com quem foi agendado o encontro realizado no s\u00e1bado.<\/p>\n<p>Antes da audi\u00eancia privada com o Papa, os l\u00edderes empresariais se reuniram para um caf\u00e9 da manh\u00e3 de trabalho coordenado pela Comiss\u00e3o para a Am\u00e9rica Latina, durante o qual foram apresentados os progressos alcan\u00e7ados at\u00e9 o momento.<\/p>\n<h3>Os encontros anteriores<\/h3>\n<p>O m\u00e9todo do encontro deste s\u00e1bado e dos outros organizados pela Iniciativa Construindo Pontes consiste em ouvir sinceramente as necessidades e aspira\u00e7\u00f5es do territ\u00f3rio em rela\u00e7\u00e3o ao cuidado da Casa comum e ao trabalho digno, seguido do discernimento social comunit\u00e1rio entre os representantes das diferentes organiza\u00e7\u00f5es territoriais, em conformidade com o magist\u00e9rio social, e da tentativa de iniciar processos para uma transi\u00e7\u00e3o justa.<\/p>\n<p>Nos \u00faltimos cinco anos, j\u00e1 foram realizados seis encontros sinodais entre bispos e diversos atores das Am\u00e9ricas: entre bispos e acad\u00eamicos no CELAM em 2022; entre o Papa Francisco e estudantes universit\u00e1rios das Am\u00e9ricas, \u00c1frica e \u00c1sia, em 2022 e 2023; novamente entre o Papa Francisco e reitores de universidades da Am\u00e9rica Latina e do Caribe, em 2023; entre bispos, sindicatos, c\u00e2maras de com\u00e9rcio e comunidades organizadas da Am\u00e9rica Latina e do Caribe, no CELAM, em 2024; entre bispos e reitores universit\u00e1rios da Am\u00e9rica do Norte, Central e do Sul, bem como da Am\u00e9rica Ibero-Americana, que tamb\u00e9m receberam uma videomensagem do Papa Le\u00e3o XIV, na Pontif\u00edcia Universidade Cat\u00f3lica do Rio de Janeiro, em 2025; entre bispos, sindicatos, c\u00e2maras de com\u00e9rcio e comunidades organizadas da Am\u00e9rica do Norte, Central e do Sul, na sede da Confer\u00eancia Episcopal dos Estados Unidos (USCCB) em 2025.<\/p>\n<p>A partir desses encontros, surgiu a proposta de que tr\u00eas dos setores que atuam na Am\u00e9rica Latina e no Caribe pudessem se reunir com o Papa para discutir as necessidades e aspira\u00e7\u00f5es apresentadas pelos cardeais \u00e0 imprensa junto \u00e0 Santa S\u00e9: \u201cA vida est\u00e1 por um fio\u201d (Celam, 9 de dezembro de 2024) e \u201cUm apelo pela justi\u00e7a clim\u00e1tica e nossa casa comum\u201d (Celam e Fabc, 1\u00ba de julho de 2025).<\/p>\n<p>No <a href=\"https:\/\/www.cnbb.org.br\/wp-content\/uploads\/test-for-pdf\/As-Igrejas-do-Sul-Global-por-ocasiao-da-COP30.pdf\">documento<\/a> divulgado no ano passado, a Igreja no Sul Global fez um <a href=\"https:\/\/www.cnbb.org.br\/wp-content\/uploads\/test-for-pdf\/As-Igrejas-do-Sul-Global-por-ocasiao-da-COP30.pdf\">chamado por justi\u00e7a clim\u00e1tica e \u00e0 convers\u00e3o ecol\u00f3gica<\/a>, pedindo transforma\u00e7\u00f5es e motivando a resist\u00eancia \u00e0s falsas solu\u00e7\u00f5es. Entre os pedidos, tamb\u00e9m apresentados na Confer\u00eancia das Na\u00e7\u00f5es Unidas sobre mudan\u00e7as clim\u00e1ticas (COP30), em novembro do ano passado, os cardeais pediram justi\u00e7a e prote\u00e7\u00e3o:<\/p>\n<ul>\n<li><strong>Justi\u00e7a<\/strong>: Promover o decrescimento econ\u00f4mico e acabar com os combust\u00edveis f\u00f3sseis, interrompendo todas as novas infraestruturas e taxando adequadamente aqueles que se beneficiaram deles, inaugurando uma nova era de governan\u00e7a que inclua e priorize as comunidades mais afetadas pelas crises do clima e da natureza.<\/li>\n<li><strong>Prote\u00e7\u00e3o:<\/strong> Defender os povos ind\u00edgenas e tradicionais, os ecossistemas e as comunidades empobrecidas; reconhecendo a maior vulnerabilidade de mulheres, meninas e novas gera\u00e7\u00f5es; e a migra\u00e7\u00e3o clim\u00e1tica como um desafio de justi\u00e7a e direitos humanos.<\/li>\n<\/ul>\n<p>&nbsp;<\/p>\n<p>&nbsp;<\/p>\n<pre>Luiz Lopes Jr com informa\u00e7\u00f5es e fotos de Vatican Media<\/pre>\n","protected":false},"excerpt":{"rendered":"<p>O encontro foi o s\u00e9timo de um processo liderado pela Iniciativa Construindo Pontes (Building Bridges Initiative), coordenada pela Pontif\u00edcia Comiss\u00e3o para a Am\u00e9rica Latina (PCAL), diante da tens\u00e3o gerada entre o desenvolvimento econ\u00f4mico que requer minerais essenciais e a demanda por justi\u00e7a socioclim\u00e1tica como condi\u00e7\u00e3o para uma vida boa e abundante para todos<\/p>\n","protected":false},"author":38,"featured_media":994176,"comment_status":"closed","ping_status":"closed","sticky":false,"template":"","format":"standard","meta":{"site-sidebar-layout":"default","site-content-layout":"default","ast-global-header-display":"","ast-banner-title-visibility":"","ast-main-header-display":"","ast-hfb-above-header-display":"","ast-hfb-below-header-display":"","ast-hfb-mobile-header-display":"","site-post-title":"","ast-breadcrumbs-content":"","ast-featured-img":"","footer-sml-layout":"","theme-transparent-header-meta":"default","adv-header-id-meta":"","stick-header-meta":"","header-above-stick-meta":"","header-main-stick-meta":"","header-below-stick-meta":""},"categories":[829,50,784],"tags":[],"acf":[],"_links":{"self":[{"href":"https:\/\/www.cnbb.org.br\/cnbb-app\/wp\/v2\/posts\/994118"}],"collection":[{"href":"https:\/\/www.cnbb.org.br\/cnbb-app\/wp\/v2\/posts"}],"about":[{"href":"https:\/\/www.cnbb.org.br\/cnbb-app\/wp\/v2\/types\/post"}],"author":[{"embeddable":true,"href":"https:\/\/www.cnbb.org.br\/cnbb-app\/wp\/v2\/users\/38"}],"replies":[{"embeddable":true,"href":"https:\/\/www.cnbb.org.br\/cnbb-app\/wp\/v2\/comments?post=994118"}],"version-history":[{"count":3,"href":"https:\/\/www.cnbb.org.br\/cnbb-app\/wp\/v2\/posts\/994118\/revisions"}],"predecessor-version":[{"id":994182,"href":"https:\/\/www.cnbb.org.br\/cnbb-app\/wp\/v2\/posts\/994118\/revisions\/994182"}],"wp:featuredmedia":[{"embeddable":true,"href":"https:\/\/www.cnbb.org.br\/cnbb-app\/wp\/v2\/media\/994176"}],"wp:attachment":[{"href":"https:\/\/www.cnbb.org.br\/cnbb-app\/wp\/v2\/media?parent=994118"}],"wp:term":[{"taxonomy":"category","embeddable":true,"href":"https:\/\/www.cnbb.org.br\/cnbb-app\/wp\/v2\/categories?post=994118"},{"taxonomy":"post_tag","embeddable":true,"href":"https:\/\/www.cnbb.org.br\/cnbb-app\/wp\/v2\/tags?post=994118"}],"curies":[{"name":"wp","href":"https:\/\/api.w.org\/{rel}","templated":true}]}}