{"id":994119,"date":"2026-01-26T10:06:19","date_gmt":"2026-01-26T13:06:19","guid":{"rendered":"https:\/\/www.cnbb.org.br\/?p=994119"},"modified":"2026-01-26T10:07:00","modified_gmt":"2026-01-26T13:07:00","slug":"a-falta-de-habitacao","status":"publish","type":"post","link":"https:\/\/www.cnbb.org.br\/a-falta-de-habitacao\/","title":{"rendered":"A falta de habita\u00e7\u00e3o"},"content":{"rendered":"<p style=\"text-align: right;\"><b><span data-contrast=\"none\">Dom Roberto Francisco\u00a0Ferreria\u00a0Paz<\/span><\/b><span data-contrast=\"auto\"><br \/>\n<\/span><b><span data-contrast=\"none\">Bispo de\u00a0Campos\u00a0(RJ)<\/span><\/b><span data-ccp-props=\"{&quot;201341983&quot;:0,&quot;335551550&quot;:2,&quot;335551620&quot;:2,&quot;335559739&quot;:0,&quot;335559740&quot;:240}\"><\/p>\n<p><b>\u201cA falta de habita\u00e7\u00e3o, \u00e9 uma quest\u00e3o central da ecologia humana, pois afeta a dignidade das pessoas e o desenvolvimento das\u00a0familias\u201d LS 152, Papa Francisco<\/b><br \/>\n<\/span><\/p>\n<p style=\"text-align: justify;\"><span data-ccp-props=\"{&quot;201341983&quot;:0,&quot;335559739&quot;:240,&quot;335559740&quot;:240}\">\u00a0<\/span><\/p>\n<p style=\"text-align: justify;\"><span data-contrast=\"none\">A Campanha da Fraternidade 2026 ter\u00e1 como tema Fraternidade e Moradia, iluminada pelo texto evang\u00e9lico:\u00a0\u201c Ele\u00a0veio morar entre n\u00f3s\u201d (Jo\u00a0,14). O objetivo central focalizar\u00e1 dentro do esp\u00edrito de\u00a0covers\u00e3o\u00a0quaresmal, a necessidade de responder ao grave desafio social de fazer acontecer e garantir o direito \u00e0 moradia digna, junto aos demais bens e servi\u00e7os essenciais a toda popula\u00e7\u00e3o.\u00a0<\/span><span data-ccp-props=\"{&quot;201341983&quot;:0,&quot;335551550&quot;:6,&quot;335551620&quot;:6,&quot;335559739&quot;:0,&quot;335559740&quot;:240}\">\u00a0<\/span><\/p>\n<p style=\"text-align: justify;\"><span data-contrast=\"none\">Os objetivos espec\u00edficos aprofundando o olhar v\u00e3o trazer a considera\u00e7\u00e3o, as ra\u00edzes hist\u00f3ricas e as causas de moradia prec\u00e1ria ou mesmo a car\u00eancia de teto que faz sofrer a milh\u00f5es de brasileiros.\u00a0<\/span><span data-ccp-props=\"{&quot;201341983&quot;:0,&quot;335551550&quot;:6,&quot;335551620&quot;:6,&quot;335559739&quot;:0,&quot;335559740&quot;:240}\">\u00a0<\/span><\/p>\n<p style=\"text-align: justify;\"><span data-contrast=\"none\">A falta de pol\u00edticas p\u00fablicas sistem\u00e1ticas e eficientes e iniciativas da sociedade civil para promover solu\u00e7\u00f5es de habita\u00e7\u00e3o popular digna e decente para os que carecem de teto. O conhecimento e aplica\u00e7\u00e3o transformadora do ensino social da Igreja para fazer valer o lema: \u201cnenhuma fam\u00edlia sem teto, trabalho e terra\u201d.\u00a0<\/span><span data-ccp-props=\"{&quot;201341983&quot;:0,&quot;335551550&quot;:6,&quot;335551620&quot;:6,&quot;335559739&quot;:0,&quot;335559740&quot;:240}\">\u00a0<\/span><\/p>\n<p style=\"text-align: justify;\"><span data-contrast=\"none\">O fortalecimento das pastorais sociais em especial da Pastoral da Moradia e das Favelas intensificando a presen\u00e7a e o compromisso social libertador que\u00a0envolve, evangeliza e\u00a0empodera\u00a0aos exclu\u00eddos.\u00a0<\/span><span data-ccp-props=\"{&quot;201341983&quot;:0,&quot;335551550&quot;:6,&quot;335551620&quot;:6,&quot;335559739&quot;:0,&quot;335559740&quot;:240}\">\u00a0<\/span><\/p>\n<p style=\"text-align: justify;\"><span data-contrast=\"none\">Junto aos movimentos sociais, ambientais, a sociedade civil como um todo, que consigamos inspirar e lutar pela aprova\u00e7\u00e3o de leis municipais, estaduais e federais que impulsionem a constru\u00e7\u00e3o de moradias populares, garantindo o direito de ser cidade para\u00a0todos(as).\u00a0<\/span><span data-ccp-props=\"{&quot;201341983&quot;:0,&quot;335551550&quot;:6,&quot;335551620&quot;:6,&quot;335559739&quot;:0,&quot;335559740&quot;:240}\">\u00a0<\/span><\/p>\n<p style=\"text-align: justify;\"><span data-contrast=\"none\">\u00c9\u00a0impottante\u00a0como afirma F\u00e1bio Paes Coordenador da Revista Casa comum, que sem lar n\u00e3o h\u00e1 Casa Comum, que empenhar-se em efetivar direito \u00e0 moradia digna do povo, \u00e9 defender a Terra, o equil\u00edbrio ambiental e a sa\u00fade do planeta pois n\u00e3o h\u00e1 ecologia integral, sem ecologia humana, sem proteger a fam\u00edlia e seu desenvolvimento.\u00a0<\/span><span data-ccp-props=\"{&quot;201341983&quot;:0,&quot;335551550&quot;:6,&quot;335551620&quot;:6,&quot;335559739&quot;:0,&quot;335559740&quot;:240}\">\u00a0<\/span><\/p>\n<p style=\"text-align: justify;\"><span data-contrast=\"none\">O direito \u00e0 moradia \u00e9 a entrada de todos os direitos, a pol\u00edtica social priorit\u00e1ria e fundamental, uma vez que sem ela n\u00e3o teremos uma cidade justa, fraterna e equitativa. Torna-se necess\u00e1rio nesta caminhada de convers\u00e3o quaresmal que nos leva amar ao pr\u00f3ximo com ternura e compaix\u00e3o, comprometer-nos a n\u00edvel pessoal, comunit\u00e1rio e social com os irm\u00e3os\/\u00e3s\u00a0que carecem de habita\u00e7\u00e3o, moradia digna, espa\u00e7o para conviver como fam\u00edlia.\u00a0<\/span><span data-ccp-props=\"{&quot;201341983&quot;:0,&quot;335551550&quot;:6,&quot;335551620&quot;:6,&quot;335559739&quot;:0,&quot;335559740&quot;:240}\">\u00a0<\/span><\/p>\n<p style=\"text-align: justify;\"><span data-contrast=\"none\">Neste ano de elei\u00e7\u00f5es nacionais, coloquemos este tema como crit\u00e9rio de escolha e discernimento do nosso voto. Seguindo a Jesus o Bom Pastor que veio para que todos tenham vida em abund\u00e2ncia e que armou sua tenda no meio de n\u00f3s, tornemos o nosso cora\u00e7\u00e3o a casa e o lar dos pobres, dos\u00a0sem teto, dos\u00a0refugiados, dos que vivem debaixo das pontes ou em lugares prec\u00e1rios e in\u00f3spitos. Deus seja louvado!<\/span><span data-ccp-props=\"{&quot;201341983&quot;:0,&quot;335551550&quot;:6,&quot;335551620&quot;:6,&quot;335559739&quot;:0,&quot;335559740&quot;:240}\">\u00a0<\/span><\/p>\n<p style=\"text-align: justify;\"><span data-ccp-props=\"{&quot;201341983&quot;:0,&quot;335559739&quot;:240,&quot;335559740&quot;:240}\">\u00a0<\/span><\/p>\n","protected":false},"excerpt":{"rendered":"<p>Dom Roberto Francisco\u00a0Ferreria\u00a0Paz Bispo de\u00a0Campos\u00a0(RJ) \u201cA falta de habita\u00e7\u00e3o, \u00e9 uma quest\u00e3o central da ecologia humana, pois afeta a dignidade das pessoas e o desenvolvimento das\u00a0familias\u201d LS 152, Papa Francisco \u00a0 A Campanha da Fraternidade 2026 ter\u00e1 como tema Fraternidade e Moradia, iluminada pelo texto evang\u00e9lico:\u00a0\u201c Ele\u00a0veio morar entre n\u00f3s\u201d (Jo\u00a0,14). O objetivo central focalizar\u00e1 &hellip;<\/p>\n<p class=\"read-more\"> <a class=\"\" href=\"https:\/\/www.cnbb.org.br\/a-falta-de-habitacao\/\"> <span class=\"screen-reader-text\">A falta de habita\u00e7\u00e3o<\/span> Leia mais &raquo;<\/a><\/p>\n","protected":false},"author":23,"featured_media":0,"comment_status":"closed","ping_status":"closed","sticky":false,"template":"","format":"standard","meta":{"site-sidebar-layout":"default","site-content-layout":"default","ast-global-header-display":"","ast-banner-title-visibility":"","ast-main-header-display":"","ast-hfb-above-header-display":"","ast-hfb-below-header-display":"","ast-hfb-mobile-header-display":"","site-post-title":"","ast-breadcrumbs-content":"","ast-featured-img":"","footer-sml-layout":"","theme-transparent-header-meta":"default","adv-header-id-meta":"","stick-header-meta":"","header-above-stick-meta":"","header-main-stick-meta":"","header-below-stick-meta":""},"categories":[758,1837],"tags":[],"acf":[],"_links":{"self":[{"href":"https:\/\/www.cnbb.org.br\/cnbb-app\/wp\/v2\/posts\/994119"}],"collection":[{"href":"https:\/\/www.cnbb.org.br\/cnbb-app\/wp\/v2\/posts"}],"about":[{"href":"https:\/\/www.cnbb.org.br\/cnbb-app\/wp\/v2\/types\/post"}],"author":[{"embeddable":true,"href":"https:\/\/www.cnbb.org.br\/cnbb-app\/wp\/v2\/users\/23"}],"replies":[{"embeddable":true,"href":"https:\/\/www.cnbb.org.br\/cnbb-app\/wp\/v2\/comments?post=994119"}],"version-history":[{"count":2,"href":"https:\/\/www.cnbb.org.br\/cnbb-app\/wp\/v2\/posts\/994119\/revisions"}],"predecessor-version":[{"id":994121,"href":"https:\/\/www.cnbb.org.br\/cnbb-app\/wp\/v2\/posts\/994119\/revisions\/994121"}],"wp:attachment":[{"href":"https:\/\/www.cnbb.org.br\/cnbb-app\/wp\/v2\/media?parent=994119"}],"wp:term":[{"taxonomy":"category","embeddable":true,"href":"https:\/\/www.cnbb.org.br\/cnbb-app\/wp\/v2\/categories?post=994119"},{"taxonomy":"post_tag","embeddable":true,"href":"https:\/\/www.cnbb.org.br\/cnbb-app\/wp\/v2\/tags?post=994119"}],"curies":[{"name":"wp","href":"https:\/\/api.w.org\/{rel}","templated":true}]}}