{"id":994158,"date":"2026-01-26T14:14:28","date_gmt":"2026-01-26T17:14:28","guid":{"rendered":"https:\/\/www.cnbb.org.br\/?p=994158"},"modified":"2026-01-28T09:44:20","modified_gmt":"2026-01-28T12:44:20","slug":"em-visitas-a-curia-romana-presidencia-da-cnbb-dialoga-com-os-dicasterios-da-comunicacao-e-da-evangelizacao","status":"publish","type":"post","link":"https:\/\/www.cnbb.org.br\/em-visitas-a-curia-romana-presidencia-da-cnbb-dialoga-com-os-dicasterios-da-comunicacao-e-da-evangelizacao\/","title":{"rendered":"Em visitas \u00e0 C\u00faria Romana, Presid\u00eancia da CNBB dialoga com os Dicast\u00e9rios da Comunica\u00e7\u00e3o e da Evangeliza\u00e7\u00e3o"},"content":{"rendered":"<p style=\"text-align: justify;\">A Presid\u00eancia da Confer\u00eancia Nacional dos Bispos do Brasil (CNBB) d\u00e1 continuidade \u00e0s visitas aos Dicast\u00e9rios da C\u00faria Romana, em Roma, como parte da agenda institucional da entidade junto \u00e0 Santa S\u00e9. Nesta segunda-feira, 26, <a href=\"https:\/\/www.cnbb.org.br\/presidencia-cnbb-audiencia-anual-papa-leao-xiv\/\">al\u00e9m do encontro com o Papa Le\u00e3o XIV<\/a>, os membros da Presid\u00eancia estiveram no Dicast\u00e9rio para a Comunica\u00e7\u00e3o e no Dicast\u00e9rio para a Evangeliza\u00e7\u00e3o, fortalecendo o di\u00e1logo e a colabora\u00e7\u00e3o com os organismos da Igreja.<\/p>\n<h3 style=\"text-align: justify;\">Dicast\u00e9rio para a Comunica\u00e7\u00e3o<\/h3>\n<p style=\"text-align: justify;\">A Presid\u00eancia da CNBB foi recebida pelo prefeito do Dicast\u00e9rio para a Comunica\u00e7\u00e3o, Paolo Ruffini. Durante o encontro, os bispos partilharam iniciativas da Igreja no Brasil no campo da comunica\u00e7\u00e3o, com destaque para os Pr\u00eamios de Comunica\u00e7\u00e3o da CNBB, que valorizam a cultura local e incentivam boas pr\u00e1ticas comunicacionais no \u00e2mbito eclesial.<\/p>\n<p style=\"text-align: justify;\">Dom Jo\u00e3o Justino, primeiro vice-presidente da CNBB, apresentou o conjunto dos pr\u00eamios, enquanto dom Ricardo Hoepers, secret\u00e1rio-geral da CNBB, destacou a cria\u00e7\u00e3o do Pr\u00eamio Carlo Acutis, voltado especialmente ao universo das redes sociais, como est\u00edmulo \u00e0 evangeliza\u00e7\u00e3o no ambiente digital.<\/p>\n<p style=\"text-align: justify;\">Tamb\u00e9m foram abordadas quest\u00f5es editoriais e comunicacionais, com aten\u00e7\u00e3o especial aos processos de tradu\u00e7\u00e3o de conte\u00fados para o portugu\u00eas. Dom Jaime Spengler, presidente da CNBB, agradeceu a proximidade do Dicast\u00e9rio com a Igreja no Brasil e ressaltou a import\u00e2ncia da presen\u00e7a do prefeito no pa\u00eds, al\u00e9m de mencionar a possibilidade de colabora\u00e7\u00e3o entre a Editora Vaticana e as Edi\u00e7\u00f5es CNBB.<\/p>\n<p style=\"text-align: justify;\">Na ocasi\u00e3o, a Presid\u00eancia entregou ao Dicast\u00e9rio o Relat\u00f3rio da Presid\u00eancia da CNBB \u2013 Ano 2025 e o\u00a0Texto-Base da Campanha da Fraternidade 2026.<\/p>\n<p style=\"text-align: justify;\">O Dicast\u00e9rio para a Comunica\u00e7\u00e3o anunciou ainda uma nova iniciativa digital: um widget em v\u00eddeo, com link direto, que permitir\u00e1 aos sites de dioceses e par\u00f3quias o acesso facilitado a not\u00edcias atualizadas do Papa.<\/p>\n<p><img decoding=\"async\" loading=\"lazy\" class=\"aligncenter wp-image-994162 \" src=\"https:\/\/www.cnbb.org.br\/wp-content\/uploads\/2026\/01\/WhatsApp-Image-2026-01-26-at-08.15.32-2-1024x576.jpeg\" alt=\"\" width=\"538\" height=\"303\" srcset=\"https:\/\/www.cnbb.org.br\/wp-content\/uploads\/2026\/01\/WhatsApp-Image-2026-01-26-at-08.15.32-2-1024x576.jpeg 1024w, https:\/\/www.cnbb.org.br\/wp-content\/uploads\/2026\/01\/WhatsApp-Image-2026-01-26-at-08.15.32-2-300x169.jpeg 300w, https:\/\/www.cnbb.org.br\/wp-content\/uploads\/2026\/01\/WhatsApp-Image-2026-01-26-at-08.15.32-2-768x432.jpeg 768w, https:\/\/www.cnbb.org.br\/wp-content\/uploads\/2026\/01\/WhatsApp-Image-2026-01-26-at-08.15.32-2-500x281.jpeg 500w, https:\/\/www.cnbb.org.br\/wp-content\/uploads\/2026\/01\/WhatsApp-Image-2026-01-26-at-08.15.32-2.jpeg 1280w\" sizes=\"(max-width: 538px) 100vw, 538px\" \/><\/p>\n<h3 style=\"text-align: justify;\">Dicast\u00e9rio para a Evangeliza\u00e7\u00e3o<\/h3>\n<p style=\"text-align: justify;\">No mesmo dia, a Presid\u00eancia da CNBB se reuniu com o Dicast\u00e9rio para a Evangeliza\u00e7\u00e3o, sendo acolhida pelo pr\u00f3-prefeito, dom Salvatore Rino Fisichella.<\/p>\n<p style=\"text-align: justify;\">O encontro foi marcado pela partilha das iniciativas evangelizadoras da Igreja no Brasil, com especial aten\u00e7\u00e3o ao contexto urbano. Os bispos tamb\u00e9m fizeram uma avalia\u00e7\u00e3o do Jubileu da Esperan\u00e7a no Brasil e refletiram sobre os desafios da transmiss\u00e3o da f\u00e9, especialmente por meio dos processos de inicia\u00e7\u00e3o \u00e0 vida crist\u00e3.<\/p>\n<p style=\"text-align: justify;\">Foram entregues ao Dicast\u00e9rio o Relat\u00f3rio da Presid\u00eancia da CNBB \u2013 Ano 2025; o Texto-Base da Campanha da Fraternidade 2026; o livro \u201cPastoral Urbana \u2013 Desafios e Perspectivas\u201d; e o Manual de Catequ\u00e9tica.<\/p>\n<div id='gallery-1' class='gallery galleryid-994158 gallery-columns-2 gallery-size-full'><figure class='gallery-item'>\n\t\t\t<div class='gallery-icon landscape'>\n\t\t\t\t<a href='https:\/\/www.cnbb.org.br\/wp-content\/uploads\/2026\/01\/WhatsApp-Image-2026-01-26-at-13.06.34.jpeg' title=\"\" data-rl_title=\"\" class=\"rl-gallery-link\" data-rl_caption=\"\" data-rel=\"lightbox-gallery-1\"><img width=\"1600\" height=\"900\" src=\"https:\/\/www.cnbb.org.br\/wp-content\/uploads\/2026\/01\/WhatsApp-Image-2026-01-26-at-13.06.34.jpeg\" class=\"attachment-full size-full\" alt=\"\" decoding=\"async\" loading=\"lazy\" srcset=\"https:\/\/www.cnbb.org.br\/wp-content\/uploads\/2026\/01\/WhatsApp-Image-2026-01-26-at-13.06.34.jpeg 1600w, https:\/\/www.cnbb.org.br\/wp-content\/uploads\/2026\/01\/WhatsApp-Image-2026-01-26-at-13.06.34-300x169.jpeg 300w, https:\/\/www.cnbb.org.br\/wp-content\/uploads\/2026\/01\/WhatsApp-Image-2026-01-26-at-13.06.34-1024x576.jpeg 1024w, https:\/\/www.cnbb.org.br\/wp-content\/uploads\/2026\/01\/WhatsApp-Image-2026-01-26-at-13.06.34-768x432.jpeg 768w, https:\/\/www.cnbb.org.br\/wp-content\/uploads\/2026\/01\/WhatsApp-Image-2026-01-26-at-13.06.34-1536x864.jpeg 1536w, https:\/\/www.cnbb.org.br\/wp-content\/uploads\/2026\/01\/WhatsApp-Image-2026-01-26-at-13.06.34-500x281.jpeg 500w\" sizes=\"(max-width: 1600px) 100vw, 1600px\" \/><\/a>\n\t\t\t<\/div><\/figure><figure class='gallery-item'>\n\t\t\t<div class='gallery-icon landscape'>\n\t\t\t\t<a href='https:\/\/www.cnbb.org.br\/wp-content\/uploads\/2026\/01\/WhatsApp-Image-2026-01-26-at-13.06.35.jpeg' title=\"\" data-rl_title=\"\" class=\"rl-gallery-link\" data-rl_caption=\"\" data-rel=\"lightbox-gallery-1\"><img width=\"1600\" height=\"900\" src=\"https:\/\/www.cnbb.org.br\/wp-content\/uploads\/2026\/01\/WhatsApp-Image-2026-01-26-at-13.06.35.jpeg\" class=\"attachment-full size-full\" alt=\"\" decoding=\"async\" loading=\"lazy\" srcset=\"https:\/\/www.cnbb.org.br\/wp-content\/uploads\/2026\/01\/WhatsApp-Image-2026-01-26-at-13.06.35.jpeg 1600w, https:\/\/www.cnbb.org.br\/wp-content\/uploads\/2026\/01\/WhatsApp-Image-2026-01-26-at-13.06.35-300x169.jpeg 300w, https:\/\/www.cnbb.org.br\/wp-content\/uploads\/2026\/01\/WhatsApp-Image-2026-01-26-at-13.06.35-1024x576.jpeg 1024w, https:\/\/www.cnbb.org.br\/wp-content\/uploads\/2026\/01\/WhatsApp-Image-2026-01-26-at-13.06.35-768x432.jpeg 768w, https:\/\/www.cnbb.org.br\/wp-content\/uploads\/2026\/01\/WhatsApp-Image-2026-01-26-at-13.06.35-1536x864.jpeg 1536w, https:\/\/www.cnbb.org.br\/wp-content\/uploads\/2026\/01\/WhatsApp-Image-2026-01-26-at-13.06.35-500x281.jpeg 500w\" sizes=\"(max-width: 1600px) 100vw, 1600px\" \/><\/a>\n\t\t\t<\/div><\/figure>\n\t\t<\/div>\n\n<h3 style=\"text-align: justify;\">Demais compromissos<\/h3>\n<p style=\"text-align: justify;\">A agenda da Presid\u00eancia da CNBB prossegue no dia 27, com visitas ao Dicast\u00e9rio para o Culto Divino e a Disciplina dos Sacramentos e \u00e0 Secretaria de Estado. No dia 28, est\u00e1 previsto encontro com o Dicast\u00e9rio para os Leigos, a Fam\u00edlia e a Vida. A programa\u00e7\u00e3o se encerra no dia 29 de janeiro, com reuni\u00e3o no Dicast\u00e9rio para os Institutos de Vida Consagrada e as Sociedades de Vida Apost\u00f3lica.<\/p>\n<h3 style=\"text-align: justify;\">Contexto hist\u00f3rico<\/h3>\n<p style=\"text-align: justify;\">A visita da Presid\u00eancia da CNBB a Roma ocorre em um contexto particularmente significativo, marcado pela celebra\u00e7\u00e3o dos 200 anos das rela\u00e7\u00f5es diplom\u00e1ticas entre o Brasil e a Santa S\u00e9, comemorada na semana anterior, e pelos 15 anos do Acordo Brasil-Santa S\u00e9. Soma-se a esse cen\u00e1rio a mem\u00f3ria dos 400 anos das miss\u00f5es no Sul do Brasil, que tiveram papel decisivo na forma\u00e7\u00e3o hist\u00f3rica, cultural e territorial do pa\u00eds, tanto na regi\u00e3o amaz\u00f4nica quanto no Sul.<\/p>\n<p>&nbsp;<\/p>\n<p>&nbsp;<\/p>\n<pre style=\"text-align: justify;\">Com informa\u00e7\u00f5es do Pe. Leandro Megeto e do Pe. Vitor Sim\u00e3o dos Santos Freitas<\/pre>\n","protected":false},"excerpt":{"rendered":"<p>A Presid\u00eancia da Confer\u00eancia Nacional dos Bispos do Brasil (CNBB) segue realizando visitas aos Dicast\u00e9rios da C\u00faria Romana, em Roma, como parte da agenda institucional da entidade junto \u00e0 Santa S\u00e9. Nesta segunda-feira, 26, al\u00e9m do encontro com o Papa Le\u00e3o XIV, a Presid\u00eancia visitou o Dicast\u00e9rio par a Comunica\u00e7\u00e3o e o Dicast\u00e9rio para a Evangeliza\u00e7\u00e3o<\/p>\n","protected":false},"author":141,"featured_media":994163,"comment_status":"closed","ping_status":"closed","sticky":false,"template":"","format":"standard","meta":{"site-sidebar-layout":"default","site-content-layout":"default","ast-global-header-display":"","ast-banner-title-visibility":"","ast-main-header-display":"","ast-hfb-above-header-display":"","ast-hfb-below-header-display":"","ast-hfb-mobile-header-display":"","site-post-title":"","ast-breadcrumbs-content":"","ast-featured-img":"","footer-sml-layout":"","theme-transparent-header-meta":"default","adv-header-id-meta":"","stick-header-meta":"","header-above-stick-meta":"","header-main-stick-meta":"","header-below-stick-meta":""},"categories":[50,797],"tags":[6310,2262,2353],"acf":[],"_links":{"self":[{"href":"https:\/\/www.cnbb.org.br\/cnbb-app\/wp\/v2\/posts\/994158"}],"collection":[{"href":"https:\/\/www.cnbb.org.br\/cnbb-app\/wp\/v2\/posts"}],"about":[{"href":"https:\/\/www.cnbb.org.br\/cnbb-app\/wp\/v2\/types\/post"}],"author":[{"embeddable":true,"href":"https:\/\/www.cnbb.org.br\/cnbb-app\/wp\/v2\/users\/141"}],"replies":[{"embeddable":true,"href":"https:\/\/www.cnbb.org.br\/cnbb-app\/wp\/v2\/comments?post=994158"}],"version-history":[{"count":8,"href":"https:\/\/www.cnbb.org.br\/cnbb-app\/wp\/v2\/posts\/994158\/revisions"}],"predecessor-version":[{"id":994185,"href":"https:\/\/www.cnbb.org.br\/cnbb-app\/wp\/v2\/posts\/994158\/revisions\/994185"}],"wp:featuredmedia":[{"embeddable":true,"href":"https:\/\/www.cnbb.org.br\/cnbb-app\/wp\/v2\/media\/994163"}],"wp:attachment":[{"href":"https:\/\/www.cnbb.org.br\/cnbb-app\/wp\/v2\/media?parent=994158"}],"wp:term":[{"taxonomy":"category","embeddable":true,"href":"https:\/\/www.cnbb.org.br\/cnbb-app\/wp\/v2\/categories?post=994158"},{"taxonomy":"post_tag","embeddable":true,"href":"https:\/\/www.cnbb.org.br\/cnbb-app\/wp\/v2\/tags?post=994158"}],"curies":[{"name":"wp","href":"https:\/\/api.w.org\/{rel}","templated":true}]}}