{"id":994186,"date":"2026-01-26T14:42:20","date_gmt":"2026-01-26T17:42:20","guid":{"rendered":"https:\/\/www.cnbb.org.br\/?p=994186"},"modified":"2026-01-26T14:58:37","modified_gmt":"2026-01-26T17:58:37","slug":"10a-turma-do-curso-nacional-de-formacao-politica-em-brasilia","status":"publish","type":"post","link":"https:\/\/www.cnbb.org.br\/10a-turma-do-curso-nacional-de-formacao-politica-em-brasilia\/","title":{"rendered":"CEFEP realiza segunda etapa presencial da 10\u00aa Turma do Curso Nacional de Forma\u00e7\u00e3o Pol\u00edtica em Bras\u00edlia"},"content":{"rendered":"<p>O Centro Nacional de F\u00e9 e Pol\u00edtica Dom Helder C\u00e2mara (CEFEP) promove, entre os dias 23 e 31 de janeiro de 2026, a segunda etapa presencial da 10\u00aa Turma do Curso Nacional de Forma\u00e7\u00e3o Pol\u00edtica para Crist\u00e3s e Crist\u00e3os. O encontro acontece em Bras\u00edlia (DF), na Casa de Retiros Assun\u00e7\u00e3o e re\u00fane lideran\u00e7as de diversas regi\u00f5es do pa\u00eds, dando continuidade ao percurso pedag\u00f3gico que aprofunda a rela\u00e7\u00e3o entre os fundamentos da f\u00e9 crist\u00e3 e o exerc\u00edcio da cidadania consciente.<\/p>\n<p style=\"text-align: justify;\">A realiza\u00e7\u00e3o desta segunda etapa em Bras\u00edlia permite que os participantes vivenciem uma imers\u00e3o no cen\u00e1rio onde se articulam as principais decis\u00f5es pol\u00edticas do pa\u00eds, favorecendo uma an\u00e1lise cr\u00edtica e qualificada da realidade nacional. Esta etapa \u00e9 fundamental para a consolida\u00e7\u00e3o dos conte\u00fados te\u00f3ricos e para a troca de experi\u00eancias pr\u00e1ticas entre os cursistas, fortalecendo a rede de agentes sociais que atuam na promo\u00e7\u00e3o do bem comum e da justi\u00e7a social.<\/p>\n<p style=\"text-align: justify;\">A iniciativa do Cefep com o Curso Nacional \u00e9 uma parceria com a Faculdade Eclesi\u00e1stica de Teologia da Pontif\u00edcia Universidade Cat\u00f3lica do Rio de Janeiro (PUC-Rio). Nesta edi\u00e7\u00e3o participam 45 lideran\u00e7as, que passaram por forma\u00e7\u00f5es de base, nas escolas de F\u00e9 e Pol\u00edtica locais e regionais, incluindo representantes de Pastorais Sociais.<\/p>\n<p style=\"text-align: justify;\">Ao reunir crist\u00e3os leigos e leigas, o Cefep reafirma sua miss\u00e3o de ser um espa\u00e7o de assessoria e forma\u00e7\u00e3o permanente para a Igreja no Brasil, contribuindo para que a f\u00e9 seja um motor de transforma\u00e7\u00e3o das estruturas sociais.<\/p>\n<p style=\"text-align: justify;\">O secret\u00e1rio-executivo do Cefep, Jardel Neves Lopes, destacou que a conclus\u00e3o de uma turma consolida sua trajet\u00f3ria de mais de duas d\u00e9cadas dedicadas \u00e0 educa\u00e7\u00e3o pol\u00edtica, unindo espiritualidade crist\u00e3 e compromisso com os mais vulner\u00e1veis.<\/p>\n<p style=\"text-align: justify;\">O curso tem dura\u00e7\u00e3o de dois anos com uma carga hor\u00e1ria total de 360 horas. S\u00e3o duas etapas presenciais e 6 m\u00f3dulos de EaD. O encerramento desta etapa presencial marca um passo decisivo para a conclus\u00e3o da 10\u00aa Turma, projetando para o restante do ano de 2026 a continuidade dos estudos por meio da plataforma EaD, com a formula\u00e7\u00e3o dos Trabalhos de Conclus\u00e3o de Curso.<\/p>\n<div id='gallery-1' class='gallery galleryid-994186 gallery-columns-2 gallery-size-medium'><figure class='gallery-item'>\n\t\t\t<div class='gallery-icon landscape'>\n\t\t\t\t<a href='https:\/\/www.cnbb.org.br\/wp-content\/uploads\/2026\/01\/Cefep-Missa.jpg' title=\"\" data-rl_title=\"\" class=\"rl-gallery-link\" data-rl_caption=\"\" data-rel=\"lightbox-gallery-1\"><img width=\"300\" height=\"169\" src=\"https:\/\/www.cnbb.org.br\/wp-content\/uploads\/2026\/01\/Cefep-Missa-300x169.jpg\" class=\"attachment-medium size-medium\" alt=\"\" decoding=\"async\" loading=\"lazy\" srcset=\"https:\/\/www.cnbb.org.br\/wp-content\/uploads\/2026\/01\/Cefep-Missa-300x169.jpg 300w, https:\/\/www.cnbb.org.br\/wp-content\/uploads\/2026\/01\/Cefep-Missa-1024x576.jpg 1024w, https:\/\/www.cnbb.org.br\/wp-content\/uploads\/2026\/01\/Cefep-Missa-768x432.jpg 768w, https:\/\/www.cnbb.org.br\/wp-content\/uploads\/2026\/01\/Cefep-Missa-1536x864.jpg 1536w, https:\/\/www.cnbb.org.br\/wp-content\/uploads\/2026\/01\/Cefep-Missa-500x281.jpg 500w, https:\/\/www.cnbb.org.br\/wp-content\/uploads\/2026\/01\/Cefep-Missa.jpg 1600w\" sizes=\"(max-width: 300px) 100vw, 300px\" \/><\/a>\n\t\t\t<\/div><\/figure><figure class='gallery-item'>\n\t\t\t<div class='gallery-icon landscape'>\n\t\t\t\t<a href='https:\/\/www.cnbb.org.br\/wp-content\/uploads\/2026\/01\/CEFEP-2a-etapa.jpg' title=\"\" data-rl_title=\"\" class=\"rl-gallery-link\" data-rl_caption=\"\" data-rel=\"lightbox-gallery-1\"><img width=\"300\" height=\"169\" src=\"https:\/\/www.cnbb.org.br\/wp-content\/uploads\/2026\/01\/CEFEP-2a-etapa-300x169.jpg\" class=\"attachment-medium size-medium\" alt=\"\" decoding=\"async\" loading=\"lazy\" srcset=\"https:\/\/www.cnbb.org.br\/wp-content\/uploads\/2026\/01\/CEFEP-2a-etapa-300x169.jpg 300w, https:\/\/www.cnbb.org.br\/wp-content\/uploads\/2026\/01\/CEFEP-2a-etapa-1024x576.jpg 1024w, https:\/\/www.cnbb.org.br\/wp-content\/uploads\/2026\/01\/CEFEP-2a-etapa-768x432.jpg 768w, https:\/\/www.cnbb.org.br\/wp-content\/uploads\/2026\/01\/CEFEP-2a-etapa-1536x864.jpg 1536w, https:\/\/www.cnbb.org.br\/wp-content\/uploads\/2026\/01\/CEFEP-2a-etapa-500x281.jpg 500w, https:\/\/www.cnbb.org.br\/wp-content\/uploads\/2026\/01\/CEFEP-2a-etapa.jpg 1600w\" sizes=\"(max-width: 300px) 100vw, 300px\" \/><\/a>\n\t\t\t<\/div><\/figure>\n\t\t<\/div>\n\n<h3>Programa\u00e7\u00e3o formativa ampla<\/h3>\n<p style=\"text-align: justify;\">A 2\u00aa etapa conta com uma programa\u00e7\u00e3o formativa ampla, articulando f\u00e9, an\u00e1lise da realidade e compromisso social. Os conte\u00fados incluem os M\u00e9todos de An\u00e1lise da Realidade, com estudo da an\u00e1lise de conjuntura, conceitos de conjuntura e estrutura e a aplica\u00e7\u00e3o do m\u00e9todo ver\u2013julgar\u2013agir ao contexto pol\u00edtico, econ\u00f4mico, cultural e religioso do Brasil e do mundo; a Espiritualidade Libertadora, abordando a m\u00edstica nas religi\u00f5es e na f\u00e9 crist\u00e3, a dimens\u00e3o pol\u00edtico-social da a\u00e7\u00e3o dos crist\u00e3os e aspectos como resist\u00eancia, mart\u00edrio e luta; os Projetos para o Brasil, com reflex\u00e3o sobre a crise do sistema de representa\u00e7\u00e3o, o Projeto Popular para o Brasil e as principais correntes pol\u00edticas e suas propostas; e a Educa\u00e7\u00e3o Popular, destacando fundamentos, princ\u00edpios, m\u00e9todos e sua trajet\u00f3ria na realidade brasileira. A programa\u00e7\u00e3o inclui ainda oficinas tem\u00e1ticas como atua\u00e7\u00e3o em conselhos de direitos, movimentos populares, sindical, partidos e o tema da Campanha da Fraternidade.<\/p>\n<p style=\"text-align: justify;\">A organiza\u00e7\u00e3o destaca que o planejamento rigoroso desta edi\u00e7\u00e3o \u00e9 fruto de um processo cont\u00ednuo de amadurecimento dos 20 anos de forma\u00e7\u00e3o promovidos pelo Cefep, visando oferecer uma forma\u00e7\u00e3o que responda aos desafios contempor\u00e2neos da democracia brasileira e a pol\u00edtica do bem comum.<\/p>\n<pre>Por\u00a0Vitor In\u00e1cio Fernandes da Silva<\/pre>\n","protected":false},"excerpt":{"rendered":"<p>O encontro aconteceu em Bras\u00edlia (DF), na Casa de Retiros Assun\u00e7\u00e3o e reuniu lideran\u00e7as de diversas regi\u00f5es do pa\u00eds, dando continuidade ao percurso pedag\u00f3gico que aprofunda a rela\u00e7\u00e3o entre os fundamentos da f\u00e9 crist\u00e3 e o exerc\u00edcio da cidadania consciente. A iniciativa \u00e9 uma parceria com a Faculdade Eclesi\u00e1stica de Teologia da PUC-Rio<\/p>\n","protected":false},"author":142,"featured_media":994187,"comment_status":"closed","ping_status":"closed","sticky":false,"template":"","format":"standard","meta":{"site-sidebar-layout":"default","site-content-layout":"default","ast-global-header-display":"","ast-banner-title-visibility":"","ast-main-header-display":"","ast-hfb-above-header-display":"","ast-hfb-below-header-display":"","ast-hfb-mobile-header-display":"","site-post-title":"","ast-breadcrumbs-content":"","ast-featured-img":"","footer-sml-layout":"","theme-transparent-header-meta":"default","adv-header-id-meta":"","stick-header-meta":"","header-above-stick-meta":"","header-main-stick-meta":"","header-below-stick-meta":""},"categories":[831,50],"tags":[6311],"acf":[],"_links":{"self":[{"href":"https:\/\/www.cnbb.org.br\/cnbb-app\/wp\/v2\/posts\/994186"}],"collection":[{"href":"https:\/\/www.cnbb.org.br\/cnbb-app\/wp\/v2\/posts"}],"about":[{"href":"https:\/\/www.cnbb.org.br\/cnbb-app\/wp\/v2\/types\/post"}],"author":[{"embeddable":true,"href":"https:\/\/www.cnbb.org.br\/cnbb-app\/wp\/v2\/users\/142"}],"replies":[{"embeddable":true,"href":"https:\/\/www.cnbb.org.br\/cnbb-app\/wp\/v2\/comments?post=994186"}],"version-history":[{"count":6,"href":"https:\/\/www.cnbb.org.br\/cnbb-app\/wp\/v2\/posts\/994186\/revisions"}],"predecessor-version":[{"id":994195,"href":"https:\/\/www.cnbb.org.br\/cnbb-app\/wp\/v2\/posts\/994186\/revisions\/994195"}],"wp:featuredmedia":[{"embeddable":true,"href":"https:\/\/www.cnbb.org.br\/cnbb-app\/wp\/v2\/media\/994187"}],"wp:attachment":[{"href":"https:\/\/www.cnbb.org.br\/cnbb-app\/wp\/v2\/media?parent=994186"}],"wp:term":[{"taxonomy":"category","embeddable":true,"href":"https:\/\/www.cnbb.org.br\/cnbb-app\/wp\/v2\/categories?post=994186"},{"taxonomy":"post_tag","embeddable":true,"href":"https:\/\/www.cnbb.org.br\/cnbb-app\/wp\/v2\/tags?post=994186"}],"curies":[{"name":"wp","href":"https:\/\/api.w.org\/{rel}","templated":true}]}}