{"id":994198,"date":"2026-01-27T09:32:56","date_gmt":"2026-01-27T12:32:56","guid":{"rendered":"https:\/\/www.cnbb.org.br\/?p=994198"},"modified":"2026-01-27T09:33:39","modified_gmt":"2026-01-27T12:33:39","slug":"a-transmissao-da-fe-num-mundo-em-transformacao","status":"publish","type":"post","link":"https:\/\/www.cnbb.org.br\/a-transmissao-da-fe-num-mundo-em-transformacao\/","title":{"rendered":"\u201cA transmiss\u00e3o da f\u00e9 num mundo em transforma\u00e7\u00e3o!\u201d\u00a0"},"content":{"rendered":"<p style=\"text-align: right;\"><b><span data-contrast=\"auto\">Dom Anuar Battisti<\/span><\/b><span data-ccp-props=\"{&quot;201341983&quot;:0,&quot;335551550&quot;:2,&quot;335551620&quot;:2,&quot;335559731&quot;:708,&quot;335559739&quot;:160,&quot;335559740&quot;:278}\"><br \/>\n<\/span><b><span data-contrast=\"auto\">Arcebispo Em\u00e9rito de Maring\u00e1 (PR)<\/span><\/b><span data-ccp-props=\"{&quot;201341983&quot;:0,&quot;335551550&quot;:2,&quot;335551620&quot;:2,&quot;335559731&quot;:708,&quot;335559739&quot;:160,&quot;335559740&quot;:278}\">\u00a0<\/span><\/p>\n<p style=\"text-align: justify;\"><span data-ccp-props=\"{&quot;201341983&quot;:0,&quot;335551550&quot;:6,&quot;335551620&quot;:6,&quot;335559731&quot;:708,&quot;335559739&quot;:160,&quot;335559740&quot;:278}\">\u00a0<\/span><\/p>\n<p style=\"text-align: justify;\"><span data-contrast=\"auto\">Irm\u00e3os e irm\u00e3s, mais uma vez a Arquidiocese de S\u00e3o Sebasti\u00e3o do Rio de Janeiro promover\u00e1 o tradicional Curso para os Bispos. Esta j\u00e1 ser\u00e1 a trig\u00e9sima quinta edi\u00e7\u00e3o. O curso aborda diversos temas que auxiliam os bispos no pastoreio de suas dioceses nos dias de hoje, sobretudo em um mundo em constante transforma\u00e7\u00e3o. Por isso, o tema do curso sempre vai ao encontro da realidade atual em que o mundo vive, especialmente neste s\u00e9culo XXI, no qual t\u00eam se acentuado, na \u00faltima d\u00e9cada, quest\u00f5es como a intelig\u00eancia artificial, o uso abusivo das redes sociais e outros avan\u00e7os tecnol\u00f3gicos.<\/span><span data-ccp-props=\"{&quot;201341983&quot;:0,&quot;335551550&quot;:6,&quot;335551620&quot;:6,&quot;335559731&quot;:708,&quot;335559739&quot;:160,&quot;335559740&quot;:278}\">\u00a0<\/span><\/p>\n<p style=\"text-align: justify;\"><span data-contrast=\"auto\">Dessa forma, diante da realidade apresentada, escolhemos como tema para esta trig\u00e9sima quinta edi\u00e7\u00e3o do Curso para os Bispos:\u00a0<\/span><i><span data-contrast=\"auto\">\u201cA transmiss\u00e3o da f\u00e9 num mundo em transforma\u00e7\u00e3o\u201d.\u00a0<\/span><\/i><span data-contrast=\"auto\">O mundo est\u00e1 em transforma\u00e7\u00e3o, seja no \u00e2mbito tecnol\u00f3gico, seja na transforma\u00e7\u00e3o de valores, e a Igreja, por meio dos bispos, est\u00e1 inserida nesse contexto e precisa manter viva a miss\u00e3o de transmitir a f\u00e9.<\/span><span data-ccp-props=\"{&quot;201341983&quot;:0,&quot;335551550&quot;:6,&quot;335551620&quot;:6,&quot;335559731&quot;:708,&quot;335559739&quot;:160,&quot;335559740&quot;:278}\">\u00a0<\/span><\/p>\n<p style=\"text-align: justify;\"><span data-contrast=\"auto\">O curso sempre ocorre na \u00faltima semana de janeiro, que, como sabemos, \u00e9 um m\u00eas de f\u00e9rias; por isso, o convite permanece aberto a todos os bispos que desejarem participar. \u00c9 sempre necess\u00e1rio estar em forma\u00e7\u00e3o permanente, aprofundando-se em temas pertinentes aos desafios que os bispos enfrentam no dia a dia. Normalmente, os bispos j\u00e1 se re\u00fanem em Aparecida, na Assembleia Geral promovida pela CNBB, de forma mais ampla, com maior dura\u00e7\u00e3o e mais tempo de discuss\u00e3o. O Curso para os Bispos, promovido pela Arquidiocese do Rio de Janeiro, n\u00e3o visa substituir essa assembleia, mas oferece uma oportunidade de encontro, troca de ideias e experi\u00eancias, al\u00e9m de um aprofundamento formativo.<\/span><span data-ccp-props=\"{&quot;201341983&quot;:0,&quot;335551550&quot;:6,&quot;335551620&quot;:6,&quot;335559731&quot;:708,&quot;335559739&quot;:160,&quot;335559740&quot;:278}\">\u00a0<\/span><\/p>\n<p style=\"text-align: justify;\"><span data-contrast=\"auto\">O curso acontece desde 1990, numa feliz iniciativa do sempre lembrado Cardeal Eug\u00eanio Ara\u00fajo Sales, e j\u00e1 se tornou uma tradi\u00e7\u00e3o. Muitos bispos aguardam esse encontro; inclusive, bispos em\u00e9ritos desejam participar, e mesmo aqueles que j\u00e1 estiveram presentes em edi\u00e7\u00f5es anteriores costumam retornar. At\u00e9 mesmo durante a pandemia de Covid-19 o encontro foi realizado, embora, em 2021 e 2022, tenha ocorrido de forma on-line, justamente devido \u00e0 pandemia.<\/span><span data-ccp-props=\"{&quot;201341983&quot;:0,&quot;335551550&quot;:6,&quot;335551620&quot;:6,&quot;335559731&quot;:708,&quot;335559739&quot;:160,&quot;335559740&quot;:278}\">\u00a0<\/span><\/p>\n<p style=\"text-align: justify;\"><span data-contrast=\"auto\">Este curso foi uma feliz iniciativa de nosso amado predecessor, o saudoso Cardeal Eug\u00eanio de Ara\u00fajo Sales, que o inaugurou com a presen\u00e7a do Cardeal Joseph Ratzinger, como um momento de forma\u00e7\u00e3o permanente, estudo, conviv\u00eancia e partilha entre os bispos do Brasil.<\/span><span data-ccp-props=\"{&quot;201341983&quot;:0,&quot;335551550&quot;:6,&quot;335551620&quot;:6,&quot;335559731&quot;:708,&quot;335559739&quot;:160,&quot;335559740&quot;:278}\">\u00a0<\/span><\/p>\n<p style=\"text-align: justify;\"><span data-contrast=\"auto\">De certa forma, o curso proporciona uma intera\u00e7\u00e3o entre conferencistas e participantes, al\u00e9m de uma abertura \u00e0 partilha das experi\u00eancias do minist\u00e9rio episcopal. Promove tamb\u00e9m um sentido de colegialidade e conviv\u00eancia fraterna e, al\u00e9m dos estudos, oferece um merecido momento de descanso e de visita aos pontos tur\u00edsticos do Rio de Janeiro. O intuito do curso n\u00e3o \u00e9 chegar a conclus\u00f5es ou lan\u00e7ar documentos, como acontece na Assembleia Geral, mas favorecer a reflex\u00e3o e o aprofundamento dos temas propostos.<\/span><span data-ccp-props=\"{&quot;201341983&quot;:0,&quot;335551550&quot;:6,&quot;335551620&quot;:6,&quot;335559731&quot;:708,&quot;335559739&quot;:160,&quot;335559740&quot;:278}\">\u00a0<\/span><\/p>\n<p style=\"text-align: justify;\"><span data-contrast=\"auto\">Rezemos ao Esp\u00edrito Santo para que nos assista ao longo do encontro e permita aos bispos abrirem o cora\u00e7\u00e3o, vivendo a unidade entre todos. Que as reflex\u00f5es debatidas durante essa semana ajudem os bispos a se aprofundarem no tema e a discuti-lo em suas respectivas dioceses com padres, religiosos, consagrados e grupos de pastoral.<\/span><span data-ccp-props=\"{&quot;201341983&quot;:0,&quot;335551550&quot;:6,&quot;335551620&quot;:6,&quot;335559731&quot;:708,&quot;335559739&quot;:160,&quot;335559740&quot;:278}\">\u00a0<\/span><\/p>\n<p style=\"text-align: justify;\"><span data-contrast=\"auto\">A cada ano, diversos bispos e especialistas s\u00e3o convidados para ministrar as palestras durante o curso. Para este ano, os convidados s\u00e3o: Dom Carlo Maria\u00a0Polvani, secret\u00e1rio do Dicast\u00e9rio para a Cultura e a Educa\u00e7\u00e3o; Prof. Dr. Pe. Giuseppe\u00a0Tanzella-Nitti, pesquisador adjunto do Observat\u00f3rio do Vaticano; Pe. Dr. Riccardo\u00a0Bollati, chefe de se\u00e7\u00e3o doutrinal do Dicast\u00e9rio para a Doutrina da F\u00e9 e especialista em Doutrina Social da Igreja; Pe. Luiz Henrique Brand\u00e3o de Figueiredo, membro do Col\u00e9gio de Consultores e do Conselho Presbiteral e p\u00e1roco da Par\u00f3quia Santa Genoveva; e o Prof. Dr. Marcelo Alves, professor do Departamento de Comunica\u00e7\u00e3o Social da Pontif\u00edcia Universidade Cat\u00f3lica do Rio de Janeiro (PUC-Rio).<\/span><span data-ccp-props=\"{&quot;201341983&quot;:0,&quot;335551550&quot;:6,&quot;335551620&quot;:6,&quot;335559731&quot;:708,&quot;335559739&quot;:160,&quot;335559740&quot;:278}\">\u00a0<\/span><\/p>\n<p style=\"text-align: justify;\"><span data-contrast=\"auto\">O episcopado brasileiro e latino-americano demonstra grande preocupa\u00e7\u00e3o com o futuro da Igreja e com os caminhos da evangeliza\u00e7\u00e3o em um mundo t\u00e3o transformado. Os anos passam, e a Igreja precisa chegar aos meios de comunica\u00e7\u00e3o, \u00e0 internet, ao WhatsApp, ao YouTube e a outras plataformas, buscando comunicar-se com os fi\u00e9is. A Igreja deve ser de f\u00e1cil acesso e n\u00e3o dificultar o an\u00fancio do Evangelho.<\/span><span data-ccp-props=\"{&quot;201341983&quot;:0,&quot;335551550&quot;:6,&quot;335551620&quot;:6,&quot;335559731&quot;:708,&quot;335559739&quot;:160,&quot;335559740&quot;:278}\">\u00a0<\/span><\/p>\n<p style=\"text-align: justify;\"><span data-contrast=\"auto\">Por fim, meus irm\u00e3os, este curso acontece logo no in\u00edcio do ano para que os assuntos tratados possam ser aprofundados e discutidos ao longo do ano nas dioceses, permitindo que os bispos saiam com ideias claras para, posteriormente, coloc\u00e1-las em pr\u00e1tica.<\/span><span data-ccp-props=\"{&quot;201341983&quot;:0,&quot;335551550&quot;:6,&quot;335551620&quot;:6,&quot;335559731&quot;:708,&quot;335559739&quot;:160,&quot;335559740&quot;:278}\">\u00a0<\/span><\/p>\n<p style=\"text-align: justify;\"><span data-contrast=\"auto\">Portanto, rezemos pelo episcopado brasileiro e por todos os bispos que participar\u00e3o do curso, para que este seja proveitoso e os temas debatidos sejam de grande valia ao longo do ano. Acompanhemos com nossas ora\u00e7\u00f5es este encontro, para que seja um tempo de estudo, de gra\u00e7a e de renova\u00e7\u00e3o, e para que o Esp\u00edrito Santo renove o cora\u00e7\u00e3o de cada um. Am\u00e9m.<\/span><span data-ccp-props=\"{&quot;201341983&quot;:0,&quot;335551550&quot;:6,&quot;335551620&quot;:6,&quot;335559731&quot;:708,&quot;335559739&quot;:160,&quot;335559740&quot;:278}\">\u00a0<\/span><\/p>\n<p>&nbsp;<\/p>\n","protected":false},"excerpt":{"rendered":"<p>Dom Anuar Battisti Arcebispo Em\u00e9rito de Maring\u00e1 (PR)\u00a0 \u00a0 Irm\u00e3os e irm\u00e3s, mais uma vez a Arquidiocese de S\u00e3o Sebasti\u00e3o do Rio de Janeiro promover\u00e1 o tradicional Curso para os Bispos. Esta j\u00e1 ser\u00e1 a trig\u00e9sima quinta edi\u00e7\u00e3o. O curso aborda diversos temas que auxiliam os bispos no pastoreio de suas dioceses nos dias de &hellip;<\/p>\n<p class=\"read-more\"> <a class=\"\" href=\"https:\/\/www.cnbb.org.br\/a-transmissao-da-fe-num-mundo-em-transformacao\/\"> <span class=\"screen-reader-text\">\u201cA transmiss\u00e3o da f\u00e9 num mundo em transforma\u00e7\u00e3o!\u201d\u00a0<\/span> Leia mais &raquo;<\/a><\/p>\n","protected":false},"author":41,"featured_media":0,"comment_status":"closed","ping_status":"closed","sticky":false,"template":"","format":"standard","meta":{"site-sidebar-layout":"default","site-content-layout":"default","ast-global-header-display":"","ast-banner-title-visibility":"","ast-main-header-display":"","ast-hfb-above-header-display":"","ast-hfb-below-header-display":"","ast-hfb-mobile-header-display":"","site-post-title":"","ast-breadcrumbs-content":"","ast-featured-img":"","footer-sml-layout":"","theme-transparent-header-meta":"default","adv-header-id-meta":"","stick-header-meta":"","header-above-stick-meta":"","header-main-stick-meta":"","header-below-stick-meta":""},"categories":[758],"tags":[],"acf":[],"_links":{"self":[{"href":"https:\/\/www.cnbb.org.br\/cnbb-app\/wp\/v2\/posts\/994198"}],"collection":[{"href":"https:\/\/www.cnbb.org.br\/cnbb-app\/wp\/v2\/posts"}],"about":[{"href":"https:\/\/www.cnbb.org.br\/cnbb-app\/wp\/v2\/types\/post"}],"author":[{"embeddable":true,"href":"https:\/\/www.cnbb.org.br\/cnbb-app\/wp\/v2\/users\/41"}],"replies":[{"embeddable":true,"href":"https:\/\/www.cnbb.org.br\/cnbb-app\/wp\/v2\/comments?post=994198"}],"version-history":[{"count":2,"href":"https:\/\/www.cnbb.org.br\/cnbb-app\/wp\/v2\/posts\/994198\/revisions"}],"predecessor-version":[{"id":994200,"href":"https:\/\/www.cnbb.org.br\/cnbb-app\/wp\/v2\/posts\/994198\/revisions\/994200"}],"wp:attachment":[{"href":"https:\/\/www.cnbb.org.br\/cnbb-app\/wp\/v2\/media?parent=994198"}],"wp:term":[{"taxonomy":"category","embeddable":true,"href":"https:\/\/www.cnbb.org.br\/cnbb-app\/wp\/v2\/categories?post=994198"},{"taxonomy":"post_tag","embeddable":true,"href":"https:\/\/www.cnbb.org.br\/cnbb-app\/wp\/v2\/tags?post=994198"}],"curies":[{"name":"wp","href":"https:\/\/api.w.org\/{rel}","templated":true}]}}