{"id":9942,"date":"2011-01-18T00:00:00","date_gmt":"2011-01-18T02:00:00","guid":{"rendered":"https:\/\/www.cnbb.org.br\/o-novo-arcebispo-primaz-do-brasil\/"},"modified":"2011-01-18T00:00:00","modified_gmt":"2011-01-18T02:00:00","slug":"o-novo-arcebispo-primaz-do-brasil","status":"publish","type":"post","link":"https:\/\/www.cnbb.org.br\/o-novo-arcebispo-primaz-do-brasil\/","title":{"rendered":"O novo arcebispo primaz do Brasil"},"content":{"rendered":"<p style=\"text-align: right\"><em><strong><span style=\"font-size: 10pt\">Dom Geraldo M. Agnelo<br \/>\nCardeal Arcebispo Em\u00e9rito de Salvador<\/span><\/strong><\/em><\/p>\n<p style=\"text-align: justify\">No dia 12 \u00faltimo foi publicada em Roma a aceita\u00e7\u00e3o do pedido de ren\u00fancia apresentado por mim ao Santo Padre Bento XVI, em conformidade com o c\u00e2non 401.1 do C\u00f3digo de Direito Can\u00f4nico, e a nomea\u00e7\u00e3o do novo Arcebispo de S\u00e3o Salvador da Bahia, Dom Murilo Sebasti\u00e3o Ramos Krieger SCJ, transferindo-o da Arquidiocese de Florian\u00f3polis, Santa Catarina.<\/p>\n<p><!--more--><\/p>\n<p style=\"text-align: justify\">Dom Murilo \u00e9 catarinense, de Brusque, onde nasceu a 19 de setembro de 1943. \u00c9 o sexto filho de nove irm\u00e3os. Seus pais, Oscar e Olga, e quatro irm\u00e3os j\u00e1 faleceram. Ainda crian\u00e7a, sentiu o desejo de ser sacerdote.<\/p>\n<p style=\"text-align: justify\">Aos catorze anos, entrou no Semin\u00e1rio de Corup\u00e1-SC. Na Congrega\u00e7\u00e3o dos Padres do Sagrado Cora\u00e7\u00e3o de Jesus (Dehonianos). Em 1964 nessa Congrega\u00e7\u00e3o\u00a0 iniciou o curso de filosofia em sua cidade natal. Os estudos de Teologia foram na cidade de Taubat\u00e9-SP. Foi ordenado sacerdote em 07.12.1969. Seu minist\u00e9rio sacerdotal teve in\u00edcio em Taubat\u00e9 em 1970 onde fundou o Movimento Shalom para jovens. De 1974 a 79, foi reitor do Instituto Teol\u00f3gico S.C.J. de Taubat\u00e9. Em 1980, estudou Espiritualidade em Roma. Nomeado Superior Provincial de sua Congrega\u00e7\u00e3o para o per\u00edodo 1981 at\u00e9 1985.<\/p>\n<p style=\"text-align: justify\">Em 1985, foi nomeado pelo Papa Jo\u00e3o Paulo II Bispo Auxiliar de Florian\u00f3polis. Ordenado Bispo em Brusque dia 28.04.1985. Seu lema episcopal: \u201cDeus caritas est\u201d (Deus \u00e9 amor\u201d) 1Jo 4, 16. Em 1991, foi nomeado Bispo de Ponta Grossa-PR.\u00a0 Seis anos depois, 1997, assumiu a Arquidiocese de\u00a0 Maring\u00e1-Pr, onde ficou durante cinco anos. Nomeado Arcebispo de Florian\u00f3polis pelo mesmo Papa, assumiu no dia 27.04.2002. Em 2006, organizou o 16\u00ba Congresso Eucar\u00edstico Nacional.<\/p>\n<p style=\"text-align: justify\">Sua posse como Arcebispo Metropolitano de S\u00e3o Salvador da Bahia dar-se-\u00e1 no dia 25 de mar\u00e7o pr\u00f3ximo.<\/p>\n<p style=\"text-align: justify\">A Diocese de S\u00e3o Salvador da Bahia foi criada a 25.02.1551 pela Bula Pontif\u00edcia \u201cSuper specula militantis Ecclesiae\u201d do Papa J\u00falio III.\u00a0 A 16.11.1676, pela Bula \u201cInter Pastoralis Officii Curas\u201d do Papa Inoc\u00eancio XI, foi elevada a Arquidiocese e Sede Metropolitana. Foi Diocese \u00fanica do Brasil pelo espa\u00e7o de cento e vinte cinco anos governada por oito Bispos. No per\u00edodo de Arquidiocese, de 1676 at\u00e9 hoje s\u00e3o 26 os Arcebispos que governaram. Dom Murilo Sebasti\u00e3o Ramos Krieger ser\u00e1 o 27\u00b0 Arcebispo de Salvador. Todos levamos o t\u00edtulo de Primaz do Brasil por ser esta sede a primeira criada no Brasil.<\/p>\n<p style=\"text-align: justify\">O Conc\u00edlio Ecum\u00eanico Vaticano II acentuou o car\u00e1ter fundamentalmente pastoral do Governo Diocesano, atrav\u00e9s da C\u00faria Diocesana, determinando assim sua finalidade \u00faltima e o car\u00e1ter de sua atua\u00e7\u00e3o. Sua organiza\u00e7\u00e3o e a articula\u00e7\u00e3o dos diversos servi\u00e7os, conselhos e inst\u00e2ncias, garantir\u00e3o os princ\u00edpios da subsidiariedade, da comunh\u00e3o e da participa\u00e7\u00e3o. A C\u00faria \u00e9, pois, um instrumento de servi\u00e7o do Arcebispo Metropolitano em sua tarefa de governar\u00a0 pastoralmente a sua Arquidiocese. Ela se constitui de pessoas e de organismos que colaboram de maneira est\u00e1vel e de perto com a Miss\u00e3o do Arcebispo.<\/p>\n<p style=\"text-align: justify\">A C\u00faria tem finalidades pastorais, administrativas e judiciais que lhe s\u00e3o pr\u00f3prias, de modo a fomentar a coordena\u00e7\u00e3o, a unidade e a comunh\u00e3o na Igreja Particular, em torno do Arcebispo que a governa na f\u00e9 e na caridade. Por ela o Arcebispo oferece o seu servi\u00e7o \u00fanico de Pastor ao Povo de Deus que lhe foi confiado.<\/p>\n<p style=\"text-align: justify\">Diante de situa\u00e7\u00f5es variadas e complexas, a C\u00faria Metropolitana se estrutura articulando um grande n\u00famero de organismos de modo a responder \u00e0s m\u00faltiplas exig\u00eancias do governo pastoral da Arquidiocese.<\/p>\n<p style=\"text-align: justify\">A C\u00faria se configura com os Bispos Auxiliares, Vig\u00e1rios Gerais, Moderador, Vig\u00e1rios Episcopais, territoriais e especiais, Vig\u00e1rio Judicial, uma Se\u00e7\u00e3o de Pastoral e uma Se\u00e7\u00e3o Administrativa.<\/p>\n<p style=\"text-align: justify\">A Coordena\u00e7\u00e3o Arquidiocesana de Pastoral \u00e9 a inst\u00e2ncia da C\u00faria Metropolitana para promover, assessorar, subsidiar e acompanhar o desenvolvimento da a\u00e7\u00e3o evangelizadora na Arquidiocese, com a execu\u00e7\u00e3o dos seus planos de a\u00e7\u00e3o pastoral no \u00e2mbito das Diretrizes Arquidiocesanas para a A\u00e7\u00e3o Evangelizadora.<\/p>\n<p style=\"text-align: justify\">Agrade\u00e7o a Deus pelos 77 anos de vida que me concedeu e a voca\u00e7\u00e3o que me deu para ser seu filho, no sacerd\u00f3cio e no minist\u00e9rio episcopal, 12 dos quais como Arcebispo de Salvador.<\/p>\n","protected":false},"excerpt":{"rendered":"<p>Dom Geraldo M. Agnelo Cardeal Arcebispo Em\u00e9rito de Salvador No dia 12 \u00faltimo foi publicada em Roma a aceita\u00e7\u00e3o do pedido de ren\u00fancia apresentado por mim ao Santo Padre Bento XVI, em conformidade com o c\u00e2non 401.1 do C\u00f3digo de Direito Can\u00f4nico, e a nomea\u00e7\u00e3o do novo Arcebispo de S\u00e3o Salvador da Bahia, Dom Murilo &hellip;<\/p>\n<p class=\"read-more\"> <a class=\"\" href=\"https:\/\/www.cnbb.org.br\/o-novo-arcebispo-primaz-do-brasil\/\"> <span class=\"screen-reader-text\">O novo arcebispo primaz do Brasil<\/span> Leia mais &raquo;<\/a><\/p>\n","protected":false},"author":83,"featured_media":0,"comment_status":"open","ping_status":"open","sticky":false,"template":"","format":"standard","meta":{"site-sidebar-layout":"default","site-content-layout":"default","ast-global-header-display":"","ast-banner-title-visibility":"","ast-main-header-display":"","ast-hfb-above-header-display":"","ast-hfb-below-header-display":"","ast-hfb-mobile-header-display":"","site-post-title":"","ast-breadcrumbs-content":"","ast-featured-img":"","footer-sml-layout":"","theme-transparent-header-meta":"","adv-header-id-meta":"","stick-header-meta":"","header-above-stick-meta":"","header-main-stick-meta":"","header-below-stick-meta":""},"categories":[798],"tags":[],"acf":[],"_links":{"self":[{"href":"https:\/\/www.cnbb.org.br\/cnbb-app\/wp\/v2\/posts\/9942"}],"collection":[{"href":"https:\/\/www.cnbb.org.br\/cnbb-app\/wp\/v2\/posts"}],"about":[{"href":"https:\/\/www.cnbb.org.br\/cnbb-app\/wp\/v2\/types\/post"}],"author":[{"embeddable":true,"href":"https:\/\/www.cnbb.org.br\/cnbb-app\/wp\/v2\/users\/83"}],"replies":[{"embeddable":true,"href":"https:\/\/www.cnbb.org.br\/cnbb-app\/wp\/v2\/comments?post=9942"}],"version-history":[{"count":0,"href":"https:\/\/www.cnbb.org.br\/cnbb-app\/wp\/v2\/posts\/9942\/revisions"}],"wp:attachment":[{"href":"https:\/\/www.cnbb.org.br\/cnbb-app\/wp\/v2\/media?parent=9942"}],"wp:term":[{"taxonomy":"category","embeddable":true,"href":"https:\/\/www.cnbb.org.br\/cnbb-app\/wp\/v2\/categories?post=9942"},{"taxonomy":"post_tag","embeddable":true,"href":"https:\/\/www.cnbb.org.br\/cnbb-app\/wp\/v2\/tags?post=9942"}],"curies":[{"name":"wp","href":"https:\/\/api.w.org\/{rel}","templated":true}]}}