{"id":994201,"date":"2026-01-27T09:35:47","date_gmt":"2026-01-27T12:35:47","guid":{"rendered":"https:\/\/www.cnbb.org.br\/?p=994201"},"modified":"2026-01-27T09:36:43","modified_gmt":"2026-01-27T12:36:43","slug":"a-alegria-a-atencao-plena-e-a-confianca-atitudes-para-vencer-o-medo-e-a-intimidacao-2","status":"publish","type":"post","link":"https:\/\/www.cnbb.org.br\/a-alegria-a-atencao-plena-e-a-confianca-atitudes-para-vencer-o-medo-e-a-intimidacao-2\/","title":{"rendered":"A alegria, a aten\u00e7\u00e3o plena e a confian\u00e7a, atitudes para vencer o medo e a intimida\u00e7\u00e3o\u00a0"},"content":{"rendered":"<p style=\"text-align: right;\"><strong>Dom Roberto Francisco\u00a0Ferreria\u00a0Paz\u00a0<\/strong><br \/>\n<strong>Bispo de Campos (RJ)<\/strong><\/p>\n<p style=\"text-align: justify;\">\n<p style=\"text-align: justify;\"><span data-contrast=\"none\">Um dos desafios para vivenciar e desenvolver uma cidadania saud\u00e1vel, participativa e consciente, superando as Face News, teorias conspirat\u00f3rias e a intoler\u00e2ncia, ser\u00e1 trabalhar intensamente a amizade social e as virtudes e atitudes que a fortalecem.<\/span><span data-ccp-props=\"{&quot;201341983&quot;:0,&quot;335551550&quot;:6,&quot;335551620&quot;:6,&quot;335559739&quot;:0,&quot;335559740&quot;:240}\">\u00a0<\/span><\/p>\n<p style=\"text-align: justify;\"><span data-contrast=\"none\">Primeiro a alegria de participar ativamente na constru\u00e7\u00e3o da cidade e da Na\u00e7\u00e3o, incentivando a corrente do bem viver e conviver, a civilidade de escutar e dialogar com todos\/as, edificando como afirma o documento de Puebla uma sociedade pluralista, polif\u00f4nica e diversa, onde a diferen\u00e7a de opini\u00f5es e tend\u00eancias ideol\u00f3gicas alicer\u00e7a a Democracia e o Estado de Direito.\u00a0<\/span><span data-ccp-props=\"{&quot;201341983&quot;:0,&quot;335551550&quot;:6,&quot;335551620&quot;:6,&quot;335559739&quot;:0,&quot;335559740&quot;:240}\">\u00a0<\/span><\/p>\n<p style=\"text-align: justify;\"><span data-contrast=\"none\">Segundo aten\u00e7\u00e3o\u00a0plena e consci\u00eancia, ao valor do voto, da responsabilidade de escolher representantes dignos e \u00edntegros pautados nos princ\u00edpios do humanismo integral e solid\u00e1rio, inspirados pelos valores do Reino. Consci\u00eancia e \u00e9tica na pol\u00edtica, que unidos a esperan\u00e7a prof\u00e9tica, iluminar\u00e3o nosso discernimento para votar n\u00e3o s\u00f3 em pessoas, mas em projetos pol\u00edticos de Na\u00e7\u00e3o, de desenvolvimento\u00a0integral, solid\u00e1rio e sustent\u00e1vel, em programas que priorizem os pobres e exclu\u00eddos.\u00a0<\/span><span data-ccp-props=\"{&quot;201341983&quot;:0,&quot;335551550&quot;:6,&quot;335551620&quot;:6,&quot;335559739&quot;:0,&quot;335559740&quot;:240}\">\u00a0<\/span><\/p>\n<p style=\"text-align: justify;\"><span data-contrast=\"none\">Confian\u00e7a na juventude, na renova\u00e7\u00e3o das lideran\u00e7as pol\u00edticas, muitas vezes constitu\u00edda como uma classe\u00a0auto referenciada\u00a0como dizia o Papa Francisco, confian\u00e7a nas mulheres que contribuem com uma vis\u00e3o e percep\u00e7\u00e3o mais humana e abrangente da pol\u00edtica, confian\u00e7a nas institui\u00e7\u00f5es e no controle social, na\u00a0accountability, na transpar\u00eancia, e na atua\u00e7\u00e3o cada vez mais expressiva da sociedade civil e dos movimentos sociais e ambientais.\u00a0<\/span><span data-ccp-props=\"{&quot;201341983&quot;:0,&quot;335551550&quot;:6,&quot;335551620&quot;:6,&quot;335559739&quot;:0,&quot;335559740&quot;:240}\">\u00a0<\/span><\/p>\n<p style=\"text-align: justify;\"><span data-contrast=\"none\">Confian\u00e7a no poder e justi\u00e7a eleitoral e no\u00a0acompanhamento\u00a0das elei\u00e7\u00f5es evitando a corrup\u00e7\u00e3o e manipula\u00e7\u00e3o do voto e do ato de votar. Confian\u00e7a no povo brasileiro que ao longo da sua hist\u00f3ria foi avan\u00e7ando em inclus\u00e3o, justi\u00e7a social e no processo de\u00a0democrariza\u00e7\u00e3o, cristalizado na Constitui\u00e7\u00e3o de 1988, s\u00edmbolo de cidadania e vontade popular. Deus seja louvado!<\/span><span data-ccp-props=\"{&quot;201341983&quot;:0,&quot;335551550&quot;:6,&quot;335551620&quot;:6,&quot;335559739&quot;:0,&quot;335559740&quot;:240}\">\u00a0<\/span><\/p>\n<p style=\"text-align: justify;\">\n<span data-ccp-props=\"{&quot;201341983&quot;:0,&quot;335559739&quot;:240,&quot;335559740&quot;:240}\">\u00a0<\/span><\/p>\n<p style=\"text-align: justify;\">\n<p style=\"text-align: justify;\"><span data-ccp-props=\"{}\">\u00a0<\/span><\/p>\n","protected":false},"excerpt":{"rendered":"<p>Dom Roberto Francisco\u00a0Ferreria\u00a0Paz\u00a0 Bispo de Campos (RJ) Um dos desafios para vivenciar e desenvolver uma cidadania saud\u00e1vel, participativa e consciente, superando as Face News, teorias conspirat\u00f3rias e a intoler\u00e2ncia, ser\u00e1 trabalhar intensamente a amizade social e as virtudes e atitudes que a fortalecem.\u00a0 Primeiro a alegria de participar ativamente na constru\u00e7\u00e3o da cidade e da &hellip;<\/p>\n<p class=\"read-more\"> <a class=\"\" href=\"https:\/\/www.cnbb.org.br\/a-alegria-a-atencao-plena-e-a-confianca-atitudes-para-vencer-o-medo-e-a-intimidacao-2\/\"> <span class=\"screen-reader-text\">A alegria, a aten\u00e7\u00e3o plena e a confian\u00e7a, atitudes para vencer o medo e a intimida\u00e7\u00e3o\u00a0<\/span> Leia mais &raquo;<\/a><\/p>\n","protected":false},"author":23,"featured_media":0,"comment_status":"closed","ping_status":"closed","sticky":false,"template":"","format":"standard","meta":{"site-sidebar-layout":"default","site-content-layout":"default","ast-global-header-display":"","ast-banner-title-visibility":"","ast-main-header-display":"","ast-hfb-above-header-display":"","ast-hfb-below-header-display":"","ast-hfb-mobile-header-display":"","site-post-title":"","ast-breadcrumbs-content":"","ast-featured-img":"","footer-sml-layout":"","theme-transparent-header-meta":"default","adv-header-id-meta":"","stick-header-meta":"","header-above-stick-meta":"","header-main-stick-meta":"","header-below-stick-meta":""},"categories":[758],"tags":[],"acf":[],"_links":{"self":[{"href":"https:\/\/www.cnbb.org.br\/cnbb-app\/wp\/v2\/posts\/994201"}],"collection":[{"href":"https:\/\/www.cnbb.org.br\/cnbb-app\/wp\/v2\/posts"}],"about":[{"href":"https:\/\/www.cnbb.org.br\/cnbb-app\/wp\/v2\/types\/post"}],"author":[{"embeddable":true,"href":"https:\/\/www.cnbb.org.br\/cnbb-app\/wp\/v2\/users\/23"}],"replies":[{"embeddable":true,"href":"https:\/\/www.cnbb.org.br\/cnbb-app\/wp\/v2\/comments?post=994201"}],"version-history":[{"count":1,"href":"https:\/\/www.cnbb.org.br\/cnbb-app\/wp\/v2\/posts\/994201\/revisions"}],"predecessor-version":[{"id":994202,"href":"https:\/\/www.cnbb.org.br\/cnbb-app\/wp\/v2\/posts\/994201\/revisions\/994202"}],"wp:attachment":[{"href":"https:\/\/www.cnbb.org.br\/cnbb-app\/wp\/v2\/media?parent=994201"}],"wp:term":[{"taxonomy":"category","embeddable":true,"href":"https:\/\/www.cnbb.org.br\/cnbb-app\/wp\/v2\/categories?post=994201"},{"taxonomy":"post_tag","embeddable":true,"href":"https:\/\/www.cnbb.org.br\/cnbb-app\/wp\/v2\/tags?post=994201"}],"curies":[{"name":"wp","href":"https:\/\/api.w.org\/{rel}","templated":true}]}}