{"id":994203,"date":"2026-01-27T15:43:57","date_gmt":"2026-01-27T18:43:57","guid":{"rendered":"https:\/\/www.cnbb.org.br\/?p=994203"},"modified":"2026-01-30T09:22:44","modified_gmt":"2026-01-30T12:22:44","slug":"presidencia-da-cnbb-e-recebida-pelo-secretario-de-estado-do-vaticano","status":"publish","type":"post","link":"https:\/\/www.cnbb.org.br\/presidencia-da-cnbb-e-recebida-pelo-secretario-de-estado-do-vaticano\/","title":{"rendered":"Presid\u00eancia da CNBB \u00e9 recebida pelo secret\u00e1rio de Estado do Vaticano, cardeal Pietro Parolin"},"content":{"rendered":"<p style=\"text-align: justify;\">No s\u00e9timo dia de visitas \u00e0 Santa S\u00e9, ter\u00e7a-feira, 27 de janeiro, os membros da presid\u00eancia da Confer\u00eancia Nacional dos Bispos do Brasil (CNBB) se encontraram com o chefe da Secretaria Estado do Vaticano, o cardeal Pietro Parolin, e com o secret\u00e1rio do Dicast\u00e9ri0 para o Culto Divino e a Disciplina dos Sacramentos, dom Vittorio Francesco Viola.<\/p>\n<p style=\"text-align: justify;\">Na audi\u00eancia com o cardeal Parolin, os membros da presid\u00eancia da CNBB\u00a0 manifestaram\u00a0 gratid\u00e3o pela presen\u00e7a e pelo acompanhamento da Santa S\u00e9 \u00e0 delega\u00e7\u00e3o da Igreja Cat\u00f3lica na COP30, a Confer\u00eancia sobre Mudan\u00e7as Clim\u00e1ticas, realizada em novembro de 2025 no Brasil. Dom Jaime sublinhou a relev\u00e2ncia do compromisso da Igreja com a ecologia integral, o cuidado com a Casa Comum e o di\u00e1logo internacional sobre as mudan\u00e7as clim\u00e1ticas.<\/p>\n<p style=\"text-align: justify;\">Tamb\u00e9m foi apresentada a realiza\u00e7\u00e3o em 2027, em Goi\u00e2nia (GO), do 19\u00ba Congresso Eucar\u00edstico Nacional, destacando seu significado pastoral, mission\u00e1rio e eclesial para a Igreja no Brasil, bem como sua dimens\u00e3o de testemunho p\u00fablico da f\u00e9 e da unidade do povo de Deus.<\/p>\n<p>Partilha das preocupa\u00e7\u00f5es da Igreja no Brasil diante do contexto eleitoral e do acirramento das polariza\u00e7\u00f5es sociais e pol\u00edticas, reafirmando o compromisso da CNBB com a promo\u00e7\u00e3o do di\u00e1logo, da cultura da paz, da democracia e do bem comum.<\/p>\n<p style=\"text-align: justify;\">Um outro ponto discutido, foi a reflex\u00e3o sobre os efeitos dos conflitos internacionais na realidade brasileira, especialmente nos campos social, econ\u00f4mico e migrat\u00f3rio, e o papel da Igreja no Brasil na promo\u00e7\u00e3o da paz, da solidariedade e da acolhida.<\/p>\n<p style=\"text-align: justify;\">Recebeu destaque, a comemora\u00e7\u00e3o do bicenten\u00e1rio das rela\u00e7\u00f5es diplom\u00e1ticas entre o Brasil e a Santa S\u00e9 como marco hist\u00f3rico de di\u00e1logo e coopera\u00e7\u00e3o e a reafirma\u00e7\u00e3o da import\u00e2ncia do Acordo Brasil\u2013Santa S\u00e9 como instrumento de garantia da liberdade religiosa, da colabora\u00e7\u00e3o institucional e do servi\u00e7o ao bem comum.<\/p>\n<p style=\"text-align: justify;\">A presid\u00eancia agradeceu a missa presidida pelo cardeal, no \u00faltimo \u00a023 de janeiro, na Bas\u00edlica de Santa Maria Maio, ponto alto das celebra\u00e7\u00f5es e apresentou a Programa\u00e7\u00e3o no Brasil das celebra\u00e7\u00f5es do Bicenten\u00e1rio.<\/p>\n<h3>Culto Divino e a Disciplina dos Sacramentos<\/h3>\n<p>&nbsp;<\/p>\n<div id='gallery-1' class='gallery galleryid-994203 gallery-columns-2 gallery-size-medium'><figure class='gallery-item'>\n\t\t\t<div class='gallery-icon landscape'>\n\t\t\t\t<a href='https:\/\/www.cnbb.org.br\/wp-content\/uploads\/2026\/01\/Sacramentos-I.jpg' title=\"\" data-rl_title=\"\" class=\"rl-gallery-link\" data-rl_caption=\"\" data-rel=\"lightbox-gallery-1\"><img width=\"300\" height=\"225\" src=\"https:\/\/www.cnbb.org.br\/wp-content\/uploads\/2026\/01\/Sacramentos-I-300x225.jpg\" class=\"attachment-medium size-medium\" alt=\"\" decoding=\"async\" loading=\"lazy\" srcset=\"https:\/\/www.cnbb.org.br\/wp-content\/uploads\/2026\/01\/Sacramentos-I-300x225.jpg 300w, https:\/\/www.cnbb.org.br\/wp-content\/uploads\/2026\/01\/Sacramentos-I-1024x768.jpg 1024w, https:\/\/www.cnbb.org.br\/wp-content\/uploads\/2026\/01\/Sacramentos-I-768x576.jpg 768w, https:\/\/www.cnbb.org.br\/wp-content\/uploads\/2026\/01\/Sacramentos-I-500x375.jpg 500w, https:\/\/www.cnbb.org.br\/wp-content\/uploads\/2026\/01\/Sacramentos-I-800x600.jpg 800w, https:\/\/www.cnbb.org.br\/wp-content\/uploads\/2026\/01\/Sacramentos-I.jpg 1280w\" sizes=\"(max-width: 300px) 100vw, 300px\" \/><\/a>\n\t\t\t<\/div><\/figure><figure class='gallery-item'>\n\t\t\t<div class='gallery-icon landscape'>\n\t\t\t\t<a href='https:\/\/www.cnbb.org.br\/wp-content\/uploads\/2026\/01\/Sacramentos.jpg' title=\"\" data-rl_title=\"\" class=\"rl-gallery-link\" data-rl_caption=\"\" data-rel=\"lightbox-gallery-1\"><img width=\"300\" height=\"225\" src=\"https:\/\/www.cnbb.org.br\/wp-content\/uploads\/2026\/01\/Sacramentos-300x225.jpg\" class=\"attachment-medium size-medium\" alt=\"\" decoding=\"async\" loading=\"lazy\" srcset=\"https:\/\/www.cnbb.org.br\/wp-content\/uploads\/2026\/01\/Sacramentos-300x225.jpg 300w, https:\/\/www.cnbb.org.br\/wp-content\/uploads\/2026\/01\/Sacramentos-1024x768.jpg 1024w, https:\/\/www.cnbb.org.br\/wp-content\/uploads\/2026\/01\/Sacramentos-768x576.jpg 768w, https:\/\/www.cnbb.org.br\/wp-content\/uploads\/2026\/01\/Sacramentos-500x375.jpg 500w, https:\/\/www.cnbb.org.br\/wp-content\/uploads\/2026\/01\/Sacramentos-800x600.jpg 800w, https:\/\/www.cnbb.org.br\/wp-content\/uploads\/2026\/01\/Sacramentos.jpg 1280w\" sizes=\"(max-width: 300px) 100vw, 300px\" \/><\/a>\n\t\t\t<\/div><\/figure>\n\t\t<\/div>\n\n<p style=\"text-align: justify;\">No encontro com o secret\u00e1rio do Dicast\u00e9ri0 para o Culto Divino e a Disciplina dos Sacramentos, a presid\u00eancia da CNBB refletiu sobre a aplica\u00e7\u00e3o pastoral, a import\u00e2ncia da forma\u00e7\u00e3o lit\u00fargica no Brasil, com foco na unidade e na comunh\u00e3o eclesial bem como a sintonia entre a Igreja no Brasil e o Dicast\u00e9rio.<\/p>\n<p style=\"text-align: justify;\">Nos encontros, a presid\u00eancia da CNBB apresentou o Relat\u00f3rio da Presid\u00eancia da CNBB \u2013 Ano 2025, o Texto-Base da Campanha da Fraternidade 2026.\u00a0 No Dicast\u00e9rio para o Culto Divino e a Disciplina dos Sacramentos, foi entregue a 4\u00aa edi\u00e7\u00e3o do Guia Lit\u00fargico-Pastoral e o Guia das Comiss\u00f5es de Arquitetura e Arte Sacra.<\/p>\n<section class=\"elementor-section elementor-top-section elementor-element elementor-element-254fd40d elementor-section-stretched elementor-section-full_width elementor-section-height-default elementor-section-height-default jet-parallax-section\" data-id=\"254fd40d\" data-element_type=\"section\" data-settings=\"{&quot;stretch_section&quot;:&quot;section-stretched&quot;,&quot;jet_parallax_layout_list&quot;:[{&quot;jet_parallax_layout_image&quot;:{&quot;url&quot;:&quot;&quot;,&quot;id&quot;:&quot;&quot;,&quot;size&quot;:&quot;&quot;},&quot;_id&quot;:&quot;c96ae77&quot;,&quot;jet_parallax_layout_image_tablet&quot;:{&quot;url&quot;:&quot;&quot;,&quot;id&quot;:&quot;&quot;,&quot;size&quot;:&quot;&quot;},&quot;jet_parallax_layout_image_mobile&quot;:{&quot;url&quot;:&quot;&quot;,&quot;id&quot;:&quot;&quot;,&quot;size&quot;:&quot;&quot;},&quot;jet_parallax_layout_speed&quot;:{&quot;unit&quot;:&quot;%&quot;,&quot;size&quot;:50,&quot;sizes&quot;:[]},&quot;jet_parallax_layout_type&quot;:&quot;scroll&quot;,&quot;jet_parallax_layout_direction&quot;:null,&quot;jet_parallax_layout_fx_direction&quot;:null,&quot;jet_parallax_layout_z_index&quot;:&quot;&quot;,&quot;jet_parallax_layout_bg_x&quot;:50,&quot;jet_parallax_layout_bg_x_tablet&quot;:&quot;&quot;,&quot;jet_parallax_layout_bg_x_mobile&quot;:&quot;&quot;,&quot;jet_parallax_layout_bg_y&quot;:50,&quot;jet_parallax_layout_bg_y_tablet&quot;:&quot;&quot;,&quot;jet_parallax_layout_bg_y_mobile&quot;:&quot;&quot;,&quot;jet_parallax_layout_bg_size&quot;:&quot;auto&quot;,&quot;jet_parallax_layout_bg_size_tablet&quot;:&quot;&quot;,&quot;jet_parallax_layout_bg_size_mobile&quot;:&quot;&quot;,&quot;jet_parallax_layout_animation_prop&quot;:&quot;transform&quot;,&quot;jet_parallax_layout_on&quot;:[&quot;desktop&quot;,&quot;tablet&quot;]}]}\">\n<div class=\"elementor-container elementor-column-gap-default\">\n<div class=\"elementor-row\">\n<div class=\"elementor-column elementor-col-100 elementor-top-column elementor-element elementor-element-25e9ab4e\" data-id=\"25e9ab4e\" data-element_type=\"column\">\n<div class=\"elementor-column-wrap elementor-element-populated\">\n<div class=\"elementor-widget-wrap\">\n<section class=\"elementor-section elementor-inner-section elementor-element elementor-element-4118c185 elementor-section-boxed elementor-section-height-default elementor-section-height-default jet-parallax-section\" data-id=\"4118c185\" data-element_type=\"section\" data-settings=\"{&quot;jet_parallax_layout_list&quot;:[{&quot;jet_parallax_layout_image&quot;:{&quot;url&quot;:&quot;&quot;,&quot;id&quot;:&quot;&quot;,&quot;size&quot;:&quot;&quot;},&quot;_id&quot;:&quot;2b9e8a2&quot;,&quot;jet_parallax_layout_image_tablet&quot;:{&quot;url&quot;:&quot;&quot;,&quot;id&quot;:&quot;&quot;,&quot;size&quot;:&quot;&quot;},&quot;jet_parallax_layout_image_mobile&quot;:{&quot;url&quot;:&quot;&quot;,&quot;id&quot;:&quot;&quot;,&quot;size&quot;:&quot;&quot;},&quot;jet_parallax_layout_speed&quot;:{&quot;unit&quot;:&quot;%&quot;,&quot;size&quot;:50,&quot;sizes&quot;:[]},&quot;jet_parallax_layout_type&quot;:&quot;scroll&quot;,&quot;jet_parallax_layout_direction&quot;:null,&quot;jet_parallax_layout_fx_direction&quot;:null,&quot;jet_parallax_layout_z_index&quot;:&quot;&quot;,&quot;jet_parallax_layout_bg_x&quot;:50,&quot;jet_parallax_layout_bg_x_tablet&quot;:&quot;&quot;,&quot;jet_parallax_layout_bg_x_mobile&quot;:&quot;&quot;,&quot;jet_parallax_layout_bg_y&quot;:50,&quot;jet_parallax_layout_bg_y_tablet&quot;:&quot;&quot;,&quot;jet_parallax_layout_bg_y_mobile&quot;:&quot;&quot;,&quot;jet_parallax_layout_bg_size&quot;:&quot;auto&quot;,&quot;jet_parallax_layout_bg_size_tablet&quot;:&quot;&quot;,&quot;jet_parallax_layout_bg_size_mobile&quot;:&quot;&quot;,&quot;jet_parallax_layout_animation_prop&quot;:&quot;transform&quot;,&quot;jet_parallax_layout_on&quot;:[&quot;desktop&quot;,&quot;tablet&quot;]}]}\">\n<div class=\"elementor-container elementor-column-gap-default\">\n<div class=\"elementor-row\">\n<div class=\"elementor-column elementor-col-50 elementor-inner-column elementor-element elementor-element-798e2db8\" data-id=\"798e2db8\" data-element_type=\"column\">\n<div class=\"elementor-column-wrap elementor-element-populated\">\n<div class=\"elementor-widget-wrap\">\n<div class=\"elementor-element elementor-element-3a087bd2 elementor-widget elementor-widget-theme-post-content\" data-id=\"3a087bd2\" data-element_type=\"widget\" data-widget_type=\"theme-post-content.default\">\n<div class=\"elementor-widget-container\">\n<pre>Com informa\u00e7\u00f5es do padre Vitor Sim\u00e3o dos Santos Freitas<\/pre>\n<\/div>\n<\/div>\n<div class=\"elementor-element elementor-element-bb6a5a9 elementor-widget elementor-widget-heading\" data-id=\"bb6a5a9\" data-element_type=\"widget\" data-widget_type=\"heading.default\">\n<div class=\"elementor-widget-container\"><\/div>\n<\/div>\n<\/div>\n<\/div>\n<\/div>\n<\/div>\n<\/div>\n<\/section>\n<\/div>\n<\/div>\n<\/div>\n<\/div>\n<\/div>\n<\/section>\n<p>&nbsp;<\/p>\n","protected":false},"excerpt":{"rendered":"<p>No s\u00e9timo dia de visitas \u00e0 Santa S\u00e9, ter\u00e7a-feira, 27 de janeiro, os membros da presid\u00eancia da Confer\u00eancia Nacional dos Bispos do Brasil (CNBB) se encontraram com o chefe da Secretaria Estado do Vaticano, o cardeal Pietro Parolin, e com o secret\u00e1rio do Dicast\u00e9ri0 para o Culto Divino e a Disciplina dos Sacramentos, dom Vittorio Francesco Viola<\/p>\n","protected":false},"author":142,"featured_media":994220,"comment_status":"closed","ping_status":"closed","sticky":false,"template":"","format":"standard","meta":{"site-sidebar-layout":"default","site-content-layout":"default","ast-global-header-display":"","ast-banner-title-visibility":"","ast-main-header-display":"","ast-hfb-above-header-display":"","ast-hfb-below-header-display":"","ast-hfb-mobile-header-display":"","site-post-title":"","ast-breadcrumbs-content":"","ast-featured-img":"","footer-sml-layout":"","theme-transparent-header-meta":"default","adv-header-id-meta":"","stick-header-meta":"","header-above-stick-meta":"","header-main-stick-meta":"","header-below-stick-meta":""},"categories":[50],"tags":[6140,2353,5483],"acf":[],"_links":{"self":[{"href":"https:\/\/www.cnbb.org.br\/cnbb-app\/wp\/v2\/posts\/994203"}],"collection":[{"href":"https:\/\/www.cnbb.org.br\/cnbb-app\/wp\/v2\/posts"}],"about":[{"href":"https:\/\/www.cnbb.org.br\/cnbb-app\/wp\/v2\/types\/post"}],"author":[{"embeddable":true,"href":"https:\/\/www.cnbb.org.br\/cnbb-app\/wp\/v2\/users\/142"}],"replies":[{"embeddable":true,"href":"https:\/\/www.cnbb.org.br\/cnbb-app\/wp\/v2\/comments?post=994203"}],"version-history":[{"count":9,"href":"https:\/\/www.cnbb.org.br\/cnbb-app\/wp\/v2\/posts\/994203\/revisions"}],"predecessor-version":[{"id":994310,"href":"https:\/\/www.cnbb.org.br\/cnbb-app\/wp\/v2\/posts\/994203\/revisions\/994310"}],"wp:featuredmedia":[{"embeddable":true,"href":"https:\/\/www.cnbb.org.br\/cnbb-app\/wp\/v2\/media\/994220"}],"wp:attachment":[{"href":"https:\/\/www.cnbb.org.br\/cnbb-app\/wp\/v2\/media?parent=994203"}],"wp:term":[{"taxonomy":"category","embeddable":true,"href":"https:\/\/www.cnbb.org.br\/cnbb-app\/wp\/v2\/categories?post=994203"},{"taxonomy":"post_tag","embeddable":true,"href":"https:\/\/www.cnbb.org.br\/cnbb-app\/wp\/v2\/tags?post=994203"}],"curies":[{"name":"wp","href":"https:\/\/api.w.org\/{rel}","templated":true}]}}