{"id":994204,"date":"2026-01-27T14:32:29","date_gmt":"2026-01-27T17:32:29","guid":{"rendered":"https:\/\/www.cnbb.org.br\/?p=994204"},"modified":"2026-01-27T15:11:40","modified_gmt":"2026-01-27T18:11:40","slug":"comissao-de-analise-de-conjuntura-da-cnbb-reune-se-em-brasilia","status":"publish","type":"post","link":"https:\/\/www.cnbb.org.br\/comissao-de-analise-de-conjuntura-da-cnbb-reune-se-em-brasilia\/","title":{"rendered":"Grupo de An\u00e1lise de Conjuntura da CNBB re\u00fane-se em Bras\u00edlia e define metodologia e prioridades para 2026"},"content":{"rendered":"<p style=\"text-align: justify;\">O Grupo de An\u00e1lise de Conjuntura da Confer\u00eancia Nacional dos Bispos do Brasil (CNBB) esteve reunido na sede da Confer\u00eancia, em Bras\u00edlia (DF), nos dias 26 e 27 de janeiro, para definir metodologia, temas priorit\u00e1rios e o cronograma de atividades para o ano de 2026.<\/p>\n<p style=\"text-align: justify;\">O Grupo \u00e9 composto por representantes do mundo acad\u00eamico, peritos convidados e integrantes de organismos ligados \u00e0 CNBB. A partir da soma de saberes de \u00e1reas como economia, sociologia, direito, pol\u00edtica, cultura e teologia, o grupo tem como miss\u00e3o oferecer, de forma sistem\u00e1tica e peri\u00f3dica, an\u00e1lises de conjuntura ao episcopado brasileiro. O objetivo \u00e9 contribuir para que a a\u00e7\u00e3o evangelizadora da Igreja no Brasil aconte\u00e7a de maneira encarnada na realidade, levando em conta os grandes desafios do tempo presente.<\/p>\n<p style=\"text-align: justify;\">A iniciativa tamb\u00e9m busca colaborar com outras for\u00e7as eclesiais e sociais para a constru\u00e7\u00e3o de um novo tecido social, marcado pela justi\u00e7a, fraternidade e solidariedade, com especial aten\u00e7\u00e3o ao cuidado com a Casa Comum.<\/p>\n<h3 style=\"text-align: justify;\">Palavra do presidente da CNBB<\/h3>\n<p><img decoding=\"async\" loading=\"lazy\" class=\"aligncenter wp-image-994211 \" src=\"https:\/\/www.cnbb.org.br\/wp-content\/uploads\/2026\/01\/55064252559_e58d70c482_b.jpg\" alt=\"\" width=\"639\" height=\"426\" srcset=\"https:\/\/www.cnbb.org.br\/wp-content\/uploads\/2026\/01\/55064252559_e58d70c482_b.jpg 1024w, https:\/\/www.cnbb.org.br\/wp-content\/uploads\/2026\/01\/55064252559_e58d70c482_b-300x200.jpg 300w, https:\/\/www.cnbb.org.br\/wp-content\/uploads\/2026\/01\/55064252559_e58d70c482_b-768x512.jpg 768w, https:\/\/www.cnbb.org.br\/wp-content\/uploads\/2026\/01\/55064252559_e58d70c482_b-500x333.jpg 500w\" sizes=\"(max-width: 639px) 100vw, 639px\" \/><\/p>\n<p style=\"text-align: justify;\">Mesmo cumprindo agenda em Roma, o presidente da CNBB, cardeal Jaime Spengler, participou de forma on-line de um momento da reuni\u00e3o e dirigiu uma palavra de encorajamento aos membros do Grupo. Na ocasi\u00e3o, ele contextualizou os encontros da Presid\u00eancia da CNBB com o Santo Padre e com organismos da Santa S\u00e9, que acontecem desde o dia 19, em Roma, destacando a import\u00e2ncia de uma leitura qualificada da realidade brasileira no cen\u00e1rio internacional.<\/p>\n<p style=\"text-align: justify;\">Dom Jaime ressaltou a relev\u00e2ncia do trabalho desenvolvido pelo Grupo e elogiou o crescimento da qualidade das an\u00e1lises nos \u00faltimos anos. Segundo ele, trata-se de um material \u201cextraordin\u00e1rio\u201d, que presta um servi\u00e7o fundamental \u00e0 miss\u00e3o evangelizadora da Igreja. O cardeal tamb\u00e9m destacou que a aten\u00e7\u00e3o \u00e0s quest\u00f5es sociais, pol\u00edticas e econ\u00f4micas faz parte da responsabilidade crist\u00e3 e pastoral, especialmente daqueles que exercem minist\u00e9rios de lideran\u00e7a na Igreja.<\/p>\n<blockquote>\n<p style=\"text-align: justify;\">\u201cN\u00e3o \u00e9 algo que desenvolvemos para n\u00f3s mesmos, mas em favor do nosso povo, para que a Igreja, em sua miss\u00e3o evangelizadora, possa desenvolver com mais propriedade a pr\u00f3pria tarefa\u201d, afirmou.<\/p>\n<\/blockquote>\n<h3 style=\"text-align: justify;\">Cen\u00e1rio internacional e ano eleitoral<\/h3>\n<p style=\"text-align: justify;\">Atendendo a pedidos do Grupo, dom Jaime tamb\u00e9m ofereceu orienta\u00e7\u00f5es para a elabora\u00e7\u00e3o das pr\u00f3ximas an\u00e1lises, com aten\u00e7\u00e3o especial ao cen\u00e1rio internacional e ao contexto eleitoral. Entre os pontos destacados, ele mencionou a centralidade da Doutrina Social da Igreja, a crise das democracias em diferentes partes do mundo e o enfraquecimento de inst\u00e2ncias internacionais de media\u00e7\u00e3o criadas no p\u00f3s-guerra.<\/p>\n<p style=\"text-align: justify;\">No contexto brasileiro, o presidente da CNBB expressou o desejo de que o Grupo ajude a compreender com maior profundidade o que est\u00e1 realmente em jogo, tanto no \u00e2mbito internacional quanto em suas repercuss\u00f5es na realidade nacional. Dom Jaime tamb\u00e9m recordou a repercuss\u00e3o positiva da <a href=\"https:\/\/www.cnbb.org.br\/presidencia-da-cnbb-encerra-o-ano-com-mensagem-de-esperanca-e-alerta-diante-dos-desafios-do-pais\/\">mensagem da CNBB ao povo brasileiro no final de 2025<\/a>, constru\u00edda a partir das an\u00e1lises de conjuntura, e sugeriu que iniciativas semelhantes continuem sendo oferecidas \u00e0 sociedade.<\/p>\n<p><img decoding=\"async\" loading=\"lazy\" class=\"aligncenter wp-image-994210 \" src=\"https:\/\/www.cnbb.org.br\/wp-content\/uploads\/2026\/01\/55064252624_238099dabf_b.jpg\" alt=\"\" width=\"639\" height=\"426\" srcset=\"https:\/\/www.cnbb.org.br\/wp-content\/uploads\/2026\/01\/55064252624_238099dabf_b.jpg 1024w, https:\/\/www.cnbb.org.br\/wp-content\/uploads\/2026\/01\/55064252624_238099dabf_b-300x200.jpg 300w, https:\/\/www.cnbb.org.br\/wp-content\/uploads\/2026\/01\/55064252624_238099dabf_b-768x512.jpg 768w, https:\/\/www.cnbb.org.br\/wp-content\/uploads\/2026\/01\/55064252624_238099dabf_b-500x333.jpg 500w\" sizes=\"(max-width: 639px) 100vw, 639px\" \/><\/p>\n<h3 style=\"text-align: justify;\">Organiza\u00e7\u00e3o do trabalho do Grupo<\/h3>\n<p style=\"text-align: justify;\">O assessor de Rela\u00e7\u00f5es Institucionais e Governamentais da CNBB, frei Jorge Luiz Soares, explicou que o Grupo de An\u00e1lise de Conjuntura \u00e9 formado por especialistas de diversas regi\u00f5es do pa\u00eds, com forte presen\u00e7a de representantes das Pontif\u00edcias Universidades Cat\u00f3licas (PUCs), al\u00e9m de t\u00e9cnicos e acad\u00eamicos de diferentes \u00e1reas.<\/p>\n<p style=\"text-align: justify;\">Segundo ele, as an\u00e1lises produzidas n\u00e3o s\u00e3o posicionamentos oficiais da CNBB, mas contribui\u00e7\u00f5es qualificadas oferecidas ao episcopado para auxiliar na compreens\u00e3o da realidade sociopol\u00edtica, geopol\u00edtica e cultural que impacta a vida pastoral da Igreja no Brasil. Frei Jorge destacou ainda que, ao longo do ano, as an\u00e1lises s\u00e3o apresentadas em reuni\u00f5es do Conselho Permanente, do Conselho Episcopal Pastoral (Consep) e na Assembleia Geral da CNBB, sendo este encontro anual presencial um momento estrat\u00e9gico para planejamento e alinhamento metodol\u00f3gico.<\/p>\n<h3 style=\"text-align: justify;\">An\u00e1lise t\u00e9cnica, pastoral e evang\u00e9lica<\/h3>\n<p><img decoding=\"async\" loading=\"lazy\" class=\"aligncenter wp-image-994213 \" src=\"https:\/\/www.cnbb.org.br\/wp-content\/uploads\/2026\/01\/55064252614_f9eaf44abb_b.jpg\" alt=\"\" width=\"639\" height=\"426\" srcset=\"https:\/\/www.cnbb.org.br\/wp-content\/uploads\/2026\/01\/55064252614_f9eaf44abb_b.jpg 1024w, https:\/\/www.cnbb.org.br\/wp-content\/uploads\/2026\/01\/55064252614_f9eaf44abb_b-300x200.jpg 300w, https:\/\/www.cnbb.org.br\/wp-content\/uploads\/2026\/01\/55064252614_f9eaf44abb_b-768x512.jpg 768w, https:\/\/www.cnbb.org.br\/wp-content\/uploads\/2026\/01\/55064252614_f9eaf44abb_b-500x333.jpg 500w\" sizes=\"(max-width: 639px) 100vw, 639px\" \/><\/p>\n<p style=\"text-align: justify;\">O coordenador do Grupo de An\u00e1lise de Conjuntura, dom Francisco Lima Soares, enfatizou que o trabalho do grupo se baseia no rigor cient\u00edfico e na objetividade. Formado por especialistas com s\u00f3lida forma\u00e7\u00e3o acad\u00eamica em \u00e1reas como economia, sociologia, direito, filosofia e antropologia, o grupo n\u00e3o atua a partir de milit\u00e2ncias ou tend\u00eancias ideol\u00f3gicas, mas a partir dos dados e an\u00e1lises oferecidos pelas ci\u00eancias.<\/p>\n<p style=\"text-align: justify;\">Para 2026, est\u00e3o previstos oito documentos, salvo eventuais mudan\u00e7as significativas na conjuntura. Segundo dom Francisco, o trabalho busca oferecer ao episcopado e ao povo de Deus subs\u00eddios relevantes para a leitura da realidade, especialmente em um ano marcado por elei\u00e7\u00f5es e por desafios no cen\u00e1rio pol\u00edtico nacional e internacional.<\/p>\n<p style=\"text-align: justify;\">Entre os eixos que nortear\u00e3o as an\u00e1lises est\u00e3o a metodologia utilizada pelo grupo, o cen\u00e1rio mundial, a realidade da Am\u00e9rica Latina e do Caribe, a conjuntura brasileira e suas especificidades regionais. O bispo destacou ainda que o Grupo procura responder a demandas apresentadas pelo pr\u00f3prio episcopado e por diferentes pastorais e comiss\u00f5es da CNBB.<\/p>\n<blockquote>\n<p style=\"text-align: justify;\">\u201cAl\u00e9m de analisar, o grupo tem um papel importante de oferecer orienta\u00e7\u00e3o neste per\u00edodo, ajudando a ampliar a compreens\u00e3o da realidade e contribuindo para o discernimento pastoral da Igreja no Brasil\u201d, concluiu dom Francisco Lima Soares.<\/p>\n<\/blockquote>\n<p>&nbsp;<\/p>\n<pre>Por Larissa Carvalho | <a href=\"https:\/\/www.flickr.com\/photos\/cnbbnacional\/albums\/72177720331681175\" target=\"_blank\" rel=\"noopener\">Fotos<\/a>: Fiama Tonh\u00e1<\/pre>\n","protected":false},"excerpt":{"rendered":"<p>Grupo de An\u00e1lise de Conjuntura da CNBB esteve reunido na sede da Confer\u00eancia, em Bras\u00edlia (DF), nos dias 26 e 27 de janeiro, para definir metodologia, temas priorit\u00e1rios e o cronograma de atividades para o ano de 2026. O grupo \u00e9 composto por representantes do mundo acad\u00eamico, peritos convidados e integrantes de organismos ligados \u00e0 CNBB<\/p>\n","protected":false},"author":138,"featured_media":994218,"comment_status":"closed","ping_status":"closed","sticky":false,"template":"","format":"standard","meta":{"site-sidebar-layout":"default","site-content-layout":"default","ast-global-header-display":"","ast-banner-title-visibility":"","ast-main-header-display":"","ast-hfb-above-header-display":"","ast-hfb-below-header-display":"","ast-hfb-mobile-header-display":"","site-post-title":"","ast-breadcrumbs-content":"","ast-featured-img":"","footer-sml-layout":"","theme-transparent-header-meta":"default","adv-header-id-meta":"","stick-header-meta":"","header-above-stick-meta":"","header-main-stick-meta":"","header-below-stick-meta":""},"categories":[50,1851],"tags":[2631],"acf":[],"_links":{"self":[{"href":"https:\/\/www.cnbb.org.br\/cnbb-app\/wp\/v2\/posts\/994204"}],"collection":[{"href":"https:\/\/www.cnbb.org.br\/cnbb-app\/wp\/v2\/posts"}],"about":[{"href":"https:\/\/www.cnbb.org.br\/cnbb-app\/wp\/v2\/types\/post"}],"author":[{"embeddable":true,"href":"https:\/\/www.cnbb.org.br\/cnbb-app\/wp\/v2\/users\/138"}],"replies":[{"embeddable":true,"href":"https:\/\/www.cnbb.org.br\/cnbb-app\/wp\/v2\/comments?post=994204"}],"version-history":[{"count":21,"href":"https:\/\/www.cnbb.org.br\/cnbb-app\/wp\/v2\/posts\/994204\/revisions"}],"predecessor-version":[{"id":994230,"href":"https:\/\/www.cnbb.org.br\/cnbb-app\/wp\/v2\/posts\/994204\/revisions\/994230"}],"wp:featuredmedia":[{"embeddable":true,"href":"https:\/\/www.cnbb.org.br\/cnbb-app\/wp\/v2\/media\/994218"}],"wp:attachment":[{"href":"https:\/\/www.cnbb.org.br\/cnbb-app\/wp\/v2\/media?parent=994204"}],"wp:term":[{"taxonomy":"category","embeddable":true,"href":"https:\/\/www.cnbb.org.br\/cnbb-app\/wp\/v2\/categories?post=994204"},{"taxonomy":"post_tag","embeddable":true,"href":"https:\/\/www.cnbb.org.br\/cnbb-app\/wp\/v2\/tags?post=994204"}],"curies":[{"name":"wp","href":"https:\/\/api.w.org\/{rel}","templated":true}]}}