{"id":994254,"date":"2026-01-28T09:43:11","date_gmt":"2026-01-28T12:43:11","guid":{"rendered":"https:\/\/www.cnbb.org.br\/?p=994254"},"modified":"2026-01-30T09:21:36","modified_gmt":"2026-01-30T12:21:36","slug":"presidencia-da-cnbb-celebra-missa-na-basilica-de-sao-pedro-e-cumpre-agenda-em-dicasterios-da-curia-romana","status":"publish","type":"post","link":"https:\/\/www.cnbb.org.br\/presidencia-da-cnbb-celebra-missa-na-basilica-de-sao-pedro-e-cumpre-agenda-em-dicasterios-da-curia-romana\/","title":{"rendered":"Presid\u00eancia da CNBB celebra missa na Bas\u00edlica de S\u00e3o Pedro e cumpre agenda em Dicast\u00e9rios da C\u00faria Romana"},"content":{"rendered":"<p style=\"text-align: justify;\">A Presid\u00eancia da Confer\u00eancia Nacional dos Bispos do Brasil (CNBB) celebrou, na manh\u00e3 desta quarta-feira, 28 de janeiro, a Eucaristia na cripta da Bas\u00edlica de S\u00e3o Pedro, no Vaticano, junto ao t\u00famulo do ap\u00f3stolo Pedro. A celebra\u00e7\u00e3o foi presidida por dom Jo\u00e3o Justino de Medeiros Silva, primeiro vice-presidente da CNBB.<\/p>\n<p style=\"text-align: justify;\">Realizada na mem\u00f3ria lit\u00fargica de S\u00e3o Tom\u00e1s de Aquino, a missa foi vivida como momento de ora\u00e7\u00e3o e comunh\u00e3o com toda a Igreja. Durante a celebra\u00e7\u00e3o, os bispos rezaram pelo povo brasileiro, pelas comunidades eclesiais e pelo fortalecimento da unidade com o minist\u00e9rio do Papa, sucessor de Pedro.<\/p>\n<p style=\"text-align: justify;\">Segundo dom Jo\u00e3o Justino, estar naquele espa\u00e7o sagrado expressa a comunh\u00e3o da Igreja do Brasil com a S\u00e9 Apost\u00f3lica:<\/p>\n<blockquote>\n<p style=\"text-align: justify;\">\u201cAqui rezamos por toda a nossa Igreja, pedindo a gra\u00e7a de crescer sempre mais na comunh\u00e3o, na unidade e na colabora\u00e7\u00e3o com o minist\u00e9rio de Pedro\u201d, destacou.<\/p>\n<\/blockquote>\n<h3 style=\"text-align: justify;\">Encontros com Dicast\u00e9rios<\/h3>\n<p style=\"text-align: justify;\">Ainda nesta quarta-feira, 28, a Presid\u00eancia deu continuidade \u00e0 agenda institucional com visitas a Dicast\u00e9rios da C\u00faria Romana.<\/p>\n<p style=\"text-align: justify;\">No encontro com o Dicast\u00e9rio para os Leigos, a Fam\u00edlia e a Vida, presidido pelo cardeal Kevin Farrell, os bispos agradeceram o apoio e a proximidade do organismo com a Igreja no Brasil, especialmente pela mensagem enviada ao Congresso Nacional da Pastoral Familiar e pela escuta durante o Jubileu das Fam\u00edlias.<\/p>\n<p style=\"text-align: justify;\">A reuni\u00e3o tamb\u00e9m incluiu a partilha de experi\u00eancias sobre a evangeliza\u00e7\u00e3o das juventudes, o processo de atualiza\u00e7\u00e3o de documentos pastorais e a contribui\u00e7\u00e3o das fam\u00edlias e do laicato para a miss\u00e3o evangelizadora no pa\u00eds.<\/p>\n<p style=\"text-align: justify;\">Na ocasi\u00e3o, foram entregues ao Dicast\u00e9rio o Relat\u00f3rio da Presid\u00eancia da CNBB &#8211; Ano 2025, o Texto-Base da Campanha da Fraternidade 2026 e os subs\u00eddios Hora da Fam\u00edlia.<\/p>\n<p><img decoding=\"async\" loading=\"lazy\" class=\"aligncenter wp-image-994258 size-large\" src=\"https:\/\/www.cnbb.org.br\/wp-content\/uploads\/2026\/01\/WhatsApp-Image-2026-01-28-at-07.57.10-1024x768.jpeg\" alt=\"\" width=\"1024\" height=\"768\" srcset=\"https:\/\/www.cnbb.org.br\/wp-content\/uploads\/2026\/01\/WhatsApp-Image-2026-01-28-at-07.57.10-1024x768.jpeg 1024w, https:\/\/www.cnbb.org.br\/wp-content\/uploads\/2026\/01\/WhatsApp-Image-2026-01-28-at-07.57.10-300x225.jpeg 300w, https:\/\/www.cnbb.org.br\/wp-content\/uploads\/2026\/01\/WhatsApp-Image-2026-01-28-at-07.57.10-768x576.jpeg 768w, https:\/\/www.cnbb.org.br\/wp-content\/uploads\/2026\/01\/WhatsApp-Image-2026-01-28-at-07.57.10-500x375.jpeg 500w, https:\/\/www.cnbb.org.br\/wp-content\/uploads\/2026\/01\/WhatsApp-Image-2026-01-28-at-07.57.10-800x600.jpeg 800w, https:\/\/www.cnbb.org.br\/wp-content\/uploads\/2026\/01\/WhatsApp-Image-2026-01-28-at-07.57.10.jpeg 1280w\" sizes=\"(max-width: 1024px) 100vw, 1024px\" \/><\/p>\n<p style=\"text-align: justify;\">J\u00e1 no encontro com o Dicast\u00e9rio para o Servi\u00e7o do Desenvolvimento Humano Integral, a Presid\u00eancia apresentou preocupa\u00e7\u00f5es sociais que marcam a realidade brasileira e latino-americana, como as quest\u00f5es ecol\u00f3gicas, a expans\u00e3o do narcocultura, a cultura da viol\u00eancia &#8211; especialmente contra as mulheres &#8211; e as profundas desigualdades sociais.<\/p>\n<p style=\"text-align: justify;\">Tamb\u00e9m foram discutidos temas ligados \u00e0 dignidade do trabalho, incluindo o debate sobre a jornada de trabalho e a chamada \u201cpejotiza\u00e7\u00e3o\u201d. A moradia, tema central da Campanha da Fraternidade 2026, foi outro ponto destacado como urg\u00eancia pastoral e social.<\/p>\n<div id='gallery-1' class='gallery galleryid-994254 gallery-columns-2 gallery-size-large'><figure class='gallery-item'>\n\t\t\t<div class='gallery-icon landscape'>\n\t\t\t\t<a href='https:\/\/www.cnbb.org.br\/wp-content\/uploads\/2026\/01\/WhatsApp-Image-2026-01-28-at-07.58.11-2.jpeg' title=\"\" data-rl_title=\"\" class=\"rl-gallery-link\" data-rl_caption=\"\" data-rel=\"lightbox-gallery-1\"><img width=\"1024\" height=\"768\" src=\"https:\/\/www.cnbb.org.br\/wp-content\/uploads\/2026\/01\/WhatsApp-Image-2026-01-28-at-07.58.11-2-1024x768.jpeg\" class=\"attachment-large size-large\" alt=\"\" decoding=\"async\" loading=\"lazy\" srcset=\"https:\/\/www.cnbb.org.br\/wp-content\/uploads\/2026\/01\/WhatsApp-Image-2026-01-28-at-07.58.11-2-1024x768.jpeg 1024w, https:\/\/www.cnbb.org.br\/wp-content\/uploads\/2026\/01\/WhatsApp-Image-2026-01-28-at-07.58.11-2-300x225.jpeg 300w, https:\/\/www.cnbb.org.br\/wp-content\/uploads\/2026\/01\/WhatsApp-Image-2026-01-28-at-07.58.11-2-768x576.jpeg 768w, https:\/\/www.cnbb.org.br\/wp-content\/uploads\/2026\/01\/WhatsApp-Image-2026-01-28-at-07.58.11-2-500x375.jpeg 500w, https:\/\/www.cnbb.org.br\/wp-content\/uploads\/2026\/01\/WhatsApp-Image-2026-01-28-at-07.58.11-2-800x600.jpeg 800w, https:\/\/www.cnbb.org.br\/wp-content\/uploads\/2026\/01\/WhatsApp-Image-2026-01-28-at-07.58.11-2.jpeg 1280w\" sizes=\"(max-width: 1024px) 100vw, 1024px\" \/><\/a>\n\t\t\t<\/div><\/figure><figure class='gallery-item'>\n\t\t\t<div class='gallery-icon landscape'>\n\t\t\t\t<a href='https:\/\/www.cnbb.org.br\/wp-content\/uploads\/2026\/01\/WhatsApp-Image-2026-01-28-at-07.58.11-1.jpeg' title=\"\" data-rl_title=\"\" class=\"rl-gallery-link\" data-rl_caption=\"\" data-rel=\"lightbox-gallery-1\"><img width=\"1024\" height=\"768\" src=\"https:\/\/www.cnbb.org.br\/wp-content\/uploads\/2026\/01\/WhatsApp-Image-2026-01-28-at-07.58.11-1-1024x768.jpeg\" class=\"attachment-large size-large\" alt=\"\" decoding=\"async\" loading=\"lazy\" srcset=\"https:\/\/www.cnbb.org.br\/wp-content\/uploads\/2026\/01\/WhatsApp-Image-2026-01-28-at-07.58.11-1-1024x768.jpeg 1024w, https:\/\/www.cnbb.org.br\/wp-content\/uploads\/2026\/01\/WhatsApp-Image-2026-01-28-at-07.58.11-1-300x225.jpeg 300w, https:\/\/www.cnbb.org.br\/wp-content\/uploads\/2026\/01\/WhatsApp-Image-2026-01-28-at-07.58.11-1-768x576.jpeg 768w, https:\/\/www.cnbb.org.br\/wp-content\/uploads\/2026\/01\/WhatsApp-Image-2026-01-28-at-07.58.11-1-500x375.jpeg 500w, https:\/\/www.cnbb.org.br\/wp-content\/uploads\/2026\/01\/WhatsApp-Image-2026-01-28-at-07.58.11-1-800x600.jpeg 800w, https:\/\/www.cnbb.org.br\/wp-content\/uploads\/2026\/01\/WhatsApp-Image-2026-01-28-at-07.58.11-1.jpeg 1280w\" sizes=\"(max-width: 1024px) 100vw, 1024px\" \/><\/a>\n\t\t\t<\/div><\/figure>\n\t\t<\/div>\n\n<p>&nbsp;<\/p>\n<pre>Com informa\u00e7\u00f5es e fotos do padre Leandro Megeto | subsecretaria-geral da CNBB<\/pre>\n<p>&nbsp;<\/p>\n<p style=\"text-align: justify;\">\n","protected":false},"excerpt":{"rendered":"<p>A Presid\u00eancia da CNBB celebrou, na manh\u00e3 da quarta-feira, 28 de janeiro, a Eucaristia na cripta da Bas\u00edlica de S\u00e3o Pedro, no Vaticano, junto ao t\u00famulo do Ap\u00f3stolo Pedro. A celebra\u00e7\u00e3o foi presidida por dom Jo\u00e3o Justino de Medeiros Silva. Realizada na mem\u00f3ria lit\u00fargica de S\u00e3o Tom\u00e1s de Aquino, a missa foi vivida como momento de ora\u00e7\u00e3o e comunh\u00e3o com toda a Igreja <\/p>\n","protected":false},"author":138,"featured_media":994262,"comment_status":"closed","ping_status":"closed","sticky":false,"template":"","format":"standard","meta":{"site-sidebar-layout":"default","site-content-layout":"default","ast-global-header-display":"","ast-banner-title-visibility":"","ast-main-header-display":"","ast-hfb-above-header-display":"","ast-hfb-below-header-display":"","ast-hfb-mobile-header-display":"","site-post-title":"","ast-breadcrumbs-content":"","ast-featured-img":"","footer-sml-layout":"","theme-transparent-header-meta":"default","adv-header-id-meta":"","stick-header-meta":"","header-above-stick-meta":"","header-main-stick-meta":"","header-below-stick-meta":""},"categories":[1841,797],"tags":[1658,2262],"acf":[],"_links":{"self":[{"href":"https:\/\/www.cnbb.org.br\/cnbb-app\/wp\/v2\/posts\/994254"}],"collection":[{"href":"https:\/\/www.cnbb.org.br\/cnbb-app\/wp\/v2\/posts"}],"about":[{"href":"https:\/\/www.cnbb.org.br\/cnbb-app\/wp\/v2\/types\/post"}],"author":[{"embeddable":true,"href":"https:\/\/www.cnbb.org.br\/cnbb-app\/wp\/v2\/users\/138"}],"replies":[{"embeddable":true,"href":"https:\/\/www.cnbb.org.br\/cnbb-app\/wp\/v2\/comments?post=994254"}],"version-history":[{"count":5,"href":"https:\/\/www.cnbb.org.br\/cnbb-app\/wp\/v2\/posts\/994254\/revisions"}],"predecessor-version":[{"id":994264,"href":"https:\/\/www.cnbb.org.br\/cnbb-app\/wp\/v2\/posts\/994254\/revisions\/994264"}],"wp:featuredmedia":[{"embeddable":true,"href":"https:\/\/www.cnbb.org.br\/cnbb-app\/wp\/v2\/media\/994262"}],"wp:attachment":[{"href":"https:\/\/www.cnbb.org.br\/cnbb-app\/wp\/v2\/media?parent=994254"}],"wp:term":[{"taxonomy":"category","embeddable":true,"href":"https:\/\/www.cnbb.org.br\/cnbb-app\/wp\/v2\/categories?post=994254"},{"taxonomy":"post_tag","embeddable":true,"href":"https:\/\/www.cnbb.org.br\/cnbb-app\/wp\/v2\/tags?post=994254"}],"curies":[{"name":"wp","href":"https:\/\/api.w.org\/{rel}","templated":true}]}}