{"id":994266,"date":"2026-01-28T09:55:12","date_gmt":"2026-01-28T12:55:12","guid":{"rendered":"https:\/\/www.cnbb.org.br\/?p=994266"},"modified":"2026-01-28T09:56:12","modified_gmt":"2026-01-28T12:56:12","slug":"homilia-missa-de-acolhida","status":"publish","type":"post","link":"https:\/\/www.cnbb.org.br\/homilia-missa-de-acolhida\/","title":{"rendered":"Homilia Missa de\u00a0Acolhida"},"content":{"rendered":"<p style=\"text-align: right;\"><strong>Dom Benedito Araujo<br \/>\nDiocese de Campo Maior (PI)\u00a0<\/strong><\/p>\n<p>&nbsp;<\/p>\n<p style=\"text-align: left;\"><span data-contrast=\"auto\">II Dom. comum\u00a0A\u00a0\u2013 IS 49, 3.5-6;\u00a0Sl\u00a039(40); Icor 1,1-3;\u00a0Jo\u00a01, 14a.12\u00aa<\/span><span data-ccp-props=\"{&quot;201341983&quot;:0,&quot;335551550&quot;:2,&quot;335551620&quot;:2,&quot;335559739&quot;:0,&quot;335559740&quot;:240}\"><br \/>\n<\/span><span data-contrast=\"auto\">\u201cEis que Venho, Senhor, com prazer fa\u00e7o a vossa vontade!\u201d (Sl\u00a039(40)<\/span><span data-ccp-props=\"{&quot;201341983&quot;:0,&quot;335551550&quot;:6,&quot;335551620&quot;:6,&quot;335559731&quot;:567,&quot;335559739&quot;:0,&quot;335559740&quot;:240}\"><\/p>\n<p><\/span><\/p>\n<p style=\"text-align: justify;\"><span data-contrast=\"auto\">\u00c9\u00a0assim\u00a0que a Palavra de Deus cai no ch\u00e3o de nossas vidas,\u00a0neste II domingo do tempo comum,\u00a0Palavra que penetra nosso ch\u00e3o vocacional convidando-nos\u00a0a\u00a0mergulharmos\u00a0na vida do\u00a0Mestre\u00a0Jesus\u00a0de Nazar\u00e9,\u00a0conhec\u00ea-Lo\u00a0e seguir seus passos.<\/span><span data-ccp-props=\"{&quot;201341983&quot;:0,&quot;335551550&quot;:6,&quot;335551620&quot;:6,&quot;335559731&quot;:567,&quot;335559739&quot;:0,&quot;335559740&quot;:240}\">\u00a0<\/span><\/p>\n<p style=\"text-align: justify;\"><span data-contrast=\"auto\">Ao longo da hist\u00f3ria, a revela\u00e7\u00e3o de Jo\u00e3o que Cristo \u00e9 o cordeiro de Deus que redime e provoca reconcilia\u00e7\u00e3o, resulta em convite insistente a todos n\u00f3s!<\/span><span data-ccp-props=\"{&quot;201341983&quot;:0,&quot;335551550&quot;:6,&quot;335551620&quot;:6,&quot;335559731&quot;:567,&quot;335559739&quot;:0,&quot;335559740&quot;:240}\">\u00a0<\/span><\/p>\n<p style=\"text-align: justify;\"><span data-contrast=\"auto\">\u00c9 preciso voltarmos a Jesus, renovando \u00e0 alian\u00e7a de amor, alian\u00e7a salv\u00edfica de amor, alian\u00e7a salv\u00edfica para com todos, porque Ele morreu na cruz amando e perdoando a todos.\u00a0\u00a0<\/span><span data-ccp-props=\"{&quot;201341983&quot;:0,&quot;335551550&quot;:6,&quot;335551620&quot;:6,&quot;335559731&quot;:567,&quot;335559739&quot;:0,&quot;335559740&quot;:240}\">\u00a0<\/span><\/p>\n<p style=\"text-align: justify;\"><span data-contrast=\"auto\">Car\u00edssimos irm\u00e3os e irm\u00e3s, como \u00e9 do vosso conhecimento, escolhi meu lema episcopal ancorado no profeta Isa\u00edas: \u201calarga o espa\u00e7o da tua tenda\u201d (Cf.\u00a0Is\u00a054,2).<\/span> <span data-ccp-props=\"{&quot;201341983&quot;:0,&quot;335551550&quot;:6,&quot;335551620&quot;:6,&quot;335559731&quot;:567,&quot;335559739&quot;:0,&quot;335559740&quot;:240}\">\u00a0<\/span><\/p>\n<p style=\"text-align: justify;\"><span data-contrast=\"auto\">Armei e alarguei a tenda ao longo de 14 anos na Diocese de\u00a0Guajar\u00e1 &#8211;\u00a0Mirim, fronteira com a Bol\u00edvia, cora\u00e7\u00e3o da Amazonia.<\/span><span data-ccp-props=\"{&quot;201341983&quot;:0,&quot;335551550&quot;:6,&quot;335551620&quot;:6,&quot;335559731&quot;:567,&quot;335559739&quot;:0,&quot;335559740&quot;:240}\">\u00a0<\/span><\/p>\n<p style=\"text-align: justify;\"><span data-contrast=\"auto\">Partilho\u00a0convosco um\u00a0simples par\u00e1grafo\u00a0da carta que escrevi para o Papa Le\u00e3o XIV\u00a0no dia\u00a015\/10\/2025.<\/span><span data-ccp-props=\"{&quot;201341983&quot;:0,&quot;335551550&quot;:6,&quot;335551620&quot;:6,&quot;335559731&quot;:567,&quot;335559739&quot;:0,&quot;335559740&quot;:240}\">\u00a0<\/span><\/p>\n<p style=\"text-align: justify;\"><span data-contrast=\"auto\">\u201cSantidade, &#8230;tenho a satisfa\u00e7\u00e3o de acolher vossa confian\u00e7a\u00a0transferindo-me\u00a0para a Diocese de Campo\u00a0Maior &#8211;\u00a0PI. Qu\u00e3o ben\u00e9fica ser\u00e1 esta frente mission\u00e1ria que abra\u00e7arei com dedica\u00e7\u00e3o e zelo a servi\u00e7o do Divino Mestre e da sua Igreja\u201d.<\/span><span data-ccp-props=\"{&quot;201341983&quot;:0,&quot;335551550&quot;:6,&quot;335551620&quot;:6,&quot;335559731&quot;:567,&quot;335559739&quot;:0,&quot;335559740&quot;:240}\">\u00a0<\/span><\/p>\n<p style=\"text-align: justify;\"><span data-contrast=\"auto\">Querido povo de Deus, \u00e9\u00a0com este\u00a0sentimento e\u00a0proposito que hoje, vim armar e alargar a minha tenda junto de todos voc\u00eas, nesta terra dos carnaubais.\u00a0\u00a0<\/span><span data-ccp-props=\"{&quot;201341983&quot;:0,&quot;335551550&quot;:6,&quot;335551620&quot;:6,&quot;335559731&quot;:567,&quot;335559739&quot;:0,&quot;335559740&quot;:240}\">\u00a0<\/span><\/p>\n<p style=\"text-align: justify;\"><span data-contrast=\"auto\">Iniciando este novo\u00a0ano, \u00e9\u00a0imposs\u00edvel esquecer a magnifica\u00a0experi\u00eancia\u00a0do jubileu da\u00a0Esperan\u00e7a, que embalou tamb\u00e9m\u00a0as\u00a0transfer\u00eancias, vac\u00e2ncias, mobiliza\u00e7\u00f5es\u00a0e outros\u00a0na\u00a0riqu\u00edssima\u00a0agenda de cada Igreja particular, diante da responsabilidade pastoral e\u00a0da\u00a0perten\u00e7a\u00a0eclesial que nos fez\u00a0crescer ainda\u00a0mais\u00a0como peregrinos da e\u00a0na\u00a0esperan\u00e7a\u00a0que n\u00e3o\u00a0decepciona.<\/span><span data-ccp-props=\"{&quot;201341983&quot;:0,&quot;335551550&quot;:6,&quot;335551620&quot;:6,&quot;335559731&quot;:567,&quot;335559739&quot;:0,&quot;335559740&quot;:240}\">\u00a0<\/span><\/p>\n<p style=\"text-align: justify;\"><span data-contrast=\"auto\">Podemos dizer que como peregrinos da esperan\u00e7a, aqui chegamos vindos\u00a0de todos os cantos!<\/span><span data-ccp-props=\"{&quot;201341983&quot;:0,&quot;335551550&quot;:6,&quot;335551620&quot;:6,&quot;335559731&quot;:567,&quot;335559739&quot;:0,&quot;335559740&quot;:240}\">\u00a0<\/span><\/p>\n<p style=\"text-align: justify;\"><span data-contrast=\"auto\">Qu\u00e3o pr\u00f3ximo estamos, gra\u00e7as ao incans\u00e1vel trabalho da\u00a0Pastoral da\u00a0Comunica\u00e7\u00e3o\u00a0que\u00a0nos coloca em sintonia direta com aqueles que nos\u00a0acompanham pelas redes sociais, pela\u00a0R\u00e1dio\u00a0Educadora da Diocese de Guajar\u00e1\u00a0&#8211; Mirim\u00a088.7\u00a0FM\u00a0&#8211;\u00a0a R\u00e1dio da\u00a0fam\u00edlia, e de modo\u00a0muito\u00a0especial\u00a0pela\u00a0transmiss\u00e3o da\u00a0Rede\u00a0Vida\u00a0de televis\u00e3o. Nossa sauda\u00e7\u00e3o e gratid\u00e3o a todos.<\/span><span data-ccp-props=\"{&quot;201341983&quot;:0,&quot;335551550&quot;:6,&quot;335551620&quot;:6,&quot;335559731&quot;:567,&quot;335559739&quot;:0,&quot;335559740&quot;:240}\">\u00a0<\/span><\/p>\n<p style=\"text-align: justify;\"><span data-contrast=\"auto\">Agrade\u00e7o a companhia fraterna\u00a0de Dom Ant\u00f4nio\u00a0Fontinele\u00a0\u2013 Representando\u00a0os bispos\u00a0do Regional Noroeste, assim como\u00a0os padres\u00a0da Diocese de Guajar\u00e1\u00a0\u2013\u00a0Mirim,\u00a0que\u00a0me acompanharam at\u00e9 aqui:\u00a0Pe. Manuel\u00a0Souza\u00a0\u2013\u00a0Vig\u00e1rio\u00a0geral, Pe. Reginaldo Alves \u2013 Coordenador de Pastoral e Pe. Gustavo\u00a0Orlandim\u00a0\u2013 Animador vocacional.\u00a0<\/span><span data-ccp-props=\"{&quot;201341983&quot;:0,&quot;335551550&quot;:6,&quot;335551620&quot;:6,&quot;335559731&quot;:567,&quot;335559739&quot;:0,&quot;335559740&quot;:240}\">\u00a0<\/span><\/p>\n<p style=\"text-align: justify;\"><span data-contrast=\"auto\">Caro\u00a0irm\u00e3o\u00a0Dom Juarez,\u00a0voc\u00ea \u00e9 filho desta diocese (Barras e Cabeceiras),\u00a0lembrei que n\u00f3s somos frutos do ENSENE \u2013 Encontro dos\u00a0Seminaristas do\u00a0Nordeste. Assim como outros aqui presentes&#8230;<\/span><span data-ccp-props=\"{&quot;201341983&quot;:0,&quot;335551550&quot;:6,&quot;335551620&quot;:6,&quot;335559731&quot;:567,&quot;335559739&quot;:0,&quot;335559740&quot;:240}\">\u00a0<\/span><\/p>\n<p style=\"text-align: justify;\"><span data-contrast=\"auto\">Agora, como\u00a0Arcebispo\u00a0da Arquidiocese de Teresina\u00a0e\u00a0Presidente\u00a0deste\u00a0n\u00facleo da CNBB &#8211; Regional NE\u00a0IV, manifesto\u00a0a minha alegria por me sentir\u00a0t\u00e3o bem\u00a0acolhido por\u00a0voc\u00ea, por este col\u00e9gio episcopal.\u00a0<\/span><span data-ccp-props=\"{&quot;201341983&quot;:0,&quot;335551550&quot;:6,&quot;335551620&quot;:6,&quot;335559731&quot;:567,&quot;335559739&quot;:0,&quot;335559740&quot;:240}\">\u00a0<\/span><\/p>\n<p style=\"text-align: justify;\"><span data-contrast=\"auto\">Me encontro no meio de tantos amigos de caminhada!\u00a0<\/span><span data-ccp-props=\"{&quot;201341983&quot;:0,&quot;335551550&quot;:6,&quot;335551620&quot;:6,&quot;335559731&quot;:567,&quot;335559739&quot;:0,&quot;335559740&quot;:240}\">\u00a0<\/span><\/p>\n<p style=\"text-align: justify;\"><span data-contrast=\"auto\">A todos,\u00a0manifesto grande apre\u00e7o e considera\u00e7\u00e3o!<\/span><span data-ccp-props=\"{&quot;201341983&quot;:0,&quot;335551550&quot;:6,&quot;335551620&quot;:6,&quot;335559731&quot;:567,&quot;335559739&quot;:0,&quot;335559740&quot;:240}\">\u00a0<\/span><\/p>\n<p style=\"text-align: justify;\"><span data-contrast=\"auto\">Pe.\u00a0Gilcimar de Lima\u00a0\u2013 Administrador Diocesano\u00a0neste tempo de vac\u00e2ncia,\u00a0Pe.\u00a0Paulo Sergio &#8211;\u00a0Representante\u00a0do clero\u00a0da Diocese de Campo Maior, Pe. Duarte\u00a0&#8211;\u00a0nosso decano;\u00a0saibam que foi muito consoladora a vossa visita de tr\u00eas dias em Guajar\u00e1 \u2013 Mirim.<\/span><span data-ccp-props=\"{&quot;201341983&quot;:0,&quot;335551550&quot;:6,&quot;335551620&quot;:6,&quot;335559731&quot;:567,&quot;335559739&quot;:0,&quot;335559740&quot;:240}\">\u00a0<\/span><\/p>\n<p style=\"text-align: justify;\"><span data-contrast=\"auto\">De Porto velho para a sede em Guajar\u00e1-mirim, 340Km;\u00a0de Guajar\u00e1 para o sul da Diocese onde temos 4 paroquias 1340km.\u00a0<\/span><span data-ccp-props=\"{&quot;201341983&quot;:0,&quot;335551550&quot;:6,&quot;335551620&quot;:6,&quot;335559731&quot;:567,&quot;335559739&quot;:0,&quot;335559740&quot;:240}\">\u00a0<\/span><\/p>\n<p style=\"text-align: justify;\"><span data-contrast=\"auto\">Eu percebi\u00a0os senhores\u00a0boquiabertos com as distancias da Amazonia.\u00a0<\/span><span data-ccp-props=\"{&quot;201341983&quot;:0,&quot;335551550&quot;:6,&quot;335551620&quot;:6,&quot;335559731&quot;:567,&quot;335559739&quot;:0,&quot;335559740&quot;:240}\">\u00a0<\/span><\/p>\n<p style=\"text-align: justify;\"><span data-contrast=\"auto\">Agrade\u00e7o \u00e0\u00a0calorosa\u00a0acolhida\u00a0deste presbit\u00e9rio,\u00a0dos\u00a0religiosos\/as,\u00a0das\u00a0lideran\u00e7as,\u00a0do\u00a0povo de Deus, seminaristas,\u00a0das\u00a0autoridades,\u00a0institui\u00e7\u00f5es\u00a0aqui representadas, irm\u00e3os e irm\u00e3os de outras Igrejas e denomina\u00e7\u00f5es, enfim de todos\u00a0e todas\u00a0desta\u00a0grande fam\u00edlia diocesana nesta\u00a0jurisdi\u00e7\u00e3o\u00a0eclesial\u00a0de\u00a0Campo\u00a0Maior.<\/span><span data-ccp-props=\"{&quot;201341983&quot;:0,&quot;335551550&quot;:6,&quot;335551620&quot;:6,&quot;335559731&quot;:567,&quot;335559739&quot;:0,&quot;335559740&quot;:240}\">\u00a0<\/span><\/p>\n<p style=\"text-align: justify;\"><span data-contrast=\"auto\">Ter conosco O Cardeal Dom Leonardo\u00a0Steeiner\u00a0\u2013 \u201cnosso\u00a0cardeal da Amazonia\u201d,\u00a0como assim carinhosamente\u00a0o\u00a0chamamos,\u00a0acompanhado de\u00a0Dom Zenildo\u00a0seu auxiliar e\u00a0vice-presidente\u00a0da\u00a0Confer\u00eancia Eclesial da Amazonia\u00a0(CEAMA), revela nossa comunh\u00e3o\u00a0mission\u00e1ria;\u00a0afinal\u00a0somos aprendizes de que \u201cCristo aponta para a Amazonia\u201d como nos\u00a0ensinou\u00a0 S\u00e3o\u00a0Paulo VI\u00a0no bel\u00edssimo Documento de Santar\u00e9m\u00a0(1975).\u00a0<\/span><span data-ccp-props=\"{&quot;201341983&quot;:0,&quot;335551550&quot;:6,&quot;335551620&quot;:6,&quot;335559731&quot;:567,&quot;335559739&quot;:0,&quot;335559740&quot;:240}\">\u00a0<\/span><\/p>\n<p style=\"text-align: justify;\"><span data-contrast=\"auto\">Al\u00e9m da Arquidiocese\u00a0de Manaus\u00a0como Igreja Irm\u00e3, temos Dom\u00a0Vital\u00a0Chitolina\u00a0da Diocese de\u00a0Diamantino; vossa presen\u00e7a, revela\u00a0sobretudo\u00a0a import\u00e2ncia e prioridade do projeto Igrejas \u2013 Irm\u00e3s, como \u201cferramenta privilegiada de consci\u00eancia da\u00a0missionariedade\u00a0de todos os sujeitos da evangeliza\u00e7\u00e3o\u201d (Cf. Estudos da CNBB\/117 n. 39).<\/span><span data-ccp-props=\"{&quot;201341983&quot;:0,&quot;335551550&quot;:6,&quot;335551620&quot;:6,&quot;335559731&quot;:567,&quot;335559739&quot;:0,&quot;335559740&quot;:240}\">\u00a0<\/span><\/p>\n<p style=\"text-align: justify;\"><span data-contrast=\"auto\">Agrade\u00e7o a amizade e carinho dos\u00a0bispos,\u00a0padres, amigos\/as vindos de diversas dioceses\u00a0do Maranh\u00e3o, Piau\u00ed, outros estados e\u00a0de modo muito\u00a0especial\u00a0a Arquidiocese\u00a0de S\u00e3o\u00a0Lu\u00eds.<\/span><span data-ccp-props=\"{&quot;201341983&quot;:0,&quot;335551550&quot;:6,&quot;335551620&quot;:6,&quot;335559731&quot;:567,&quot;335559739&quot;:0,&quot;335559740&quot;:240}\">\u00a0<\/span><\/p>\n<p style=\"text-align: justify;\"><span data-contrast=\"auto\">Diferente da acolhida em Guajar\u00e1 \u2013\u00a0Mirim\u00a0em 2011, desta\u00a0vez minha fam\u00edlia estar \u201cem peso\u201d como diz a linguagem\u00a0popular, juntamente com tantos conhecidos, pessoas\u00a0que tive\u00a0a gra\u00e7a\u00a0de conviver na alegria do bem servir.<\/span><span data-ccp-props=\"{&quot;201341983&quot;:0,&quot;335551550&quot;:6,&quot;335551620&quot;:6,&quot;335559731&quot;:567,&quot;335559739&quot;:0,&quot;335559740&quot;:240}\">\u00a0<\/span><\/p>\n<p style=\"text-align: justify;\"><span data-contrast=\"auto\">A beleza e envolvimento de todos para este momento celebrativo\u00a0nos coloca\u00a0no\u00a0cora\u00e7\u00e3o do jubileu desta\u00a0Diocese que em junho pr\u00f3ximo celebrar\u00e1 seus\u00a050 anos\u00a0de eleva\u00e7\u00e3o.\u00a0<\/span><span data-ccp-props=\"{&quot;201341983&quot;:0,&quot;335551550&quot;:6,&quot;335551620&quot;:6,&quot;335559731&quot;:567,&quot;335559739&quot;:0,&quot;335559740&quot;:240}\">\u00a0<\/span><\/p>\n<p style=\"text-align: justify;\"><span data-contrast=\"auto\">Reconhecemos e agradecemos ao bom Deus,\u00a0sob a intercess\u00e3o de Santo Ant\u00f4nio e demais padroeiros,\u00a0o legado pastoral dos bispos predecessores:\u00a0<\/span><span data-ccp-props=\"{&quot;201341983&quot;:0,&quot;335551550&quot;:6,&quot;335551620&quot;:6,&quot;335559731&quot;:567,&quot;335559739&quot;:0,&quot;335559740&quot;:240}\">\u00a0<\/span><\/p>\n<p style=\"text-align: justify;\"><span data-contrast=\"auto\">Dom Abel\u00a0Alonso\u00a0Nunez<\/span><span data-ccp-props=\"{&quot;201341983&quot;:0,&quot;335551550&quot;:6,&quot;335551620&quot;:6,&quot;335559731&quot;:567,&quot;335559739&quot;:0,&quot;335559740&quot;:240}\">\u00a0<\/span><\/p>\n<p style=\"text-align: justify;\"><span data-contrast=\"auto\">Dom\u00a0Eduardo\u00a0Zielski<\/span><span data-ccp-props=\"{&quot;201341983&quot;:0,&quot;335551550&quot;:6,&quot;335551620&quot;:6,&quot;335559731&quot;:567,&quot;335559739&quot;:0,&quot;335559740&quot;:240}\">\u00a0<\/span><\/p>\n<p style=\"text-align: justify;\"><span data-contrast=\"auto\">Dom Francisco de Assis \u2013 que recentemente teve a gra\u00e7a de ordenar 4 di\u00e1conos transit\u00f3rios para esta Diocese. Recebi sua mensagem como conforto e\u00a0encorajamento\u00a0para prosseguir no discipulado.\u00a0\u00a0\u00a0<\/span><span data-ccp-props=\"{&quot;201341983&quot;:0,&quot;335551550&quot;:6,&quot;335551620&quot;:6,&quot;335559731&quot;:567,&quot;335559739&quot;:0,&quot;335559740&quot;:240}\">\u00a0<\/span><\/p>\n<p style=\"text-align: justify;\"><span data-contrast=\"auto\">Na perpetua\u00e7\u00e3o deste legado,\u00a0esse caminho,\u00a0n\u00f3s faremos juntos!\u00a0<\/span><span data-ccp-props=\"{&quot;201341983&quot;:0,&quot;335551550&quot;:6,&quot;335551620&quot;:6,&quot;335559731&quot;:567,&quot;335559739&quot;:0,&quot;335559740&quot;:240}\">\u00a0<\/span><\/p>\n<p style=\"text-align: justify;\"><span data-contrast=\"auto\">Os frutos deste caminhar,\u00a0passam pela nossa\u00a0nobre\u00a0responsabilidade\u00a0pastoral\u00a0enquanto fam\u00edlia diocesana.\u00a0<\/span><span data-ccp-props=\"{&quot;201341983&quot;:0,&quot;335551550&quot;:6,&quot;335551620&quot;:6,&quot;335559731&quot;:567,&quot;335559739&quot;:0,&quot;335559740&quot;:240}\">\u00a0<\/span><\/p>\n<p style=\"text-align: justify;\"><span data-contrast=\"auto\">Para isso,\u00a0tenho presente\u00a0o pensamento\u00a0do Papa\u00a0Francisco\u00a0para o\u00a0Dia\u00a0Mundial\u00a0da\u00a0Paz\u00a01 de\u00a0janeiro\u00a02020.\u00a0Ele escreveu:<\/span><span data-ccp-props=\"{&quot;201341983&quot;:0,&quot;335551550&quot;:6,&quot;335551620&quot;:6,&quot;335559731&quot;:567,&quot;335559739&quot;:0,&quot;335559740&quot;:240}\">\u00a0<\/span><\/p>\n<p style=\"text-align: justify;\"><span data-contrast=\"auto\">\u201cH\u00e1 muitos homens e mulheres, crian\u00e7as e idosos, ainda hoje se nega a dignidade, a integridade f\u00edsica, a liberdade \u2013 incluindo a liberdade religiosa -, a solidariedade comunit\u00e1ria, a esperan\u00e7a no futuro. In\u00fameras v\u00edtimas inocentes carregam sobre si o tormento da humilha\u00e7\u00e3o e da exclus\u00e3o, do luto e da injusti\u00e7a, se n\u00e3o mesmo os traumas resultantes da\u00a0opress\u00e3o\u00a0sistem\u00e1tica contra seu povo e os seus entes queridos\u201d.<\/span><span data-ccp-props=\"{&quot;201341983&quot;:0,&quot;335551550&quot;:6,&quot;335551620&quot;:6,&quot;335559731&quot;:567,&quot;335559739&quot;:0,&quot;335559740&quot;:240}\">\u00a0<\/span><\/p>\n<p style=\"text-align: justify;\"><span data-contrast=\"auto\">Na mesma carta,\u00a0nosso saudoso Papa Francisco\u00a0abre os nossos olhos, alargando nossa op\u00e7\u00e3o diante da consagra\u00e7\u00e3o de nossas vidas dizendo:\u00a0<\/span><span data-ccp-props=\"{&quot;201341983&quot;:0,&quot;335551550&quot;:6,&quot;335551620&quot;:6,&quot;335559731&quot;:567,&quot;335559739&quot;:0,&quot;335559740&quot;:240}\">\u00a0<\/span><\/p>\n<p style=\"text-align: justify;\"><span data-contrast=\"auto\">\u201co mundo n\u00e3o precisa de palavras vazias, mas de testemunhas convictas, artes\u00e3os da paz abertos ao di\u00e1logo sem exclus\u00e3o e manipula\u00e7\u00e3o\u201d.<\/span><span data-ccp-props=\"{&quot;201341983&quot;:0,&quot;335551550&quot;:6,&quot;335551620&quot;:6,&quot;335559731&quot;:567,&quot;335559739&quot;:0,&quot;335559740&quot;:240}\">\u00a0<\/span><\/p>\n<p style=\"text-align: justify;\"><span data-contrast=\"auto\">E conclui: \u201cSomente\u00a0escolhendo a senda do respeito \u00e9 que ser\u00e1 poss\u00edvel romper a\u00a0espiral\u00a0da vingan\u00e7a e empreender o caminho da\u00a0esperan\u00e7a\u201d.\u00a0\u00a0\u00a0\u00a0<\/span><span data-ccp-props=\"{&quot;201341983&quot;:0,&quot;335551550&quot;:6,&quot;335551620&quot;:6,&quot;335559731&quot;:567,&quot;335559739&quot;:0,&quot;335559740&quot;:240}\">\u00a0<\/span><\/p>\n<p style=\"text-align: justify;\"><span data-contrast=\"auto\">Amado povo de Deus, passados justamente 5 anos, dia\u00a001 de\u00a0janeiro de\u00a02026 o papa Le\u00e3o XIV nos apresenta as digitais do compromisso da f\u00e9 crist\u00e3, na sua mensagem para o\u00a0Dia Mundial da Paz\u00a0com o t\u00edtulo: \u201cA paz esteja com\u00a0todos v\u00f3s. Rumo a uma paz desarmada e desarmante\u201d.\u00a0<\/span><span data-ccp-props=\"{&quot;201341983&quot;:0,&quot;335551550&quot;:6,&quot;335551620&quot;:6,&quot;335559731&quot;:567,&quot;335559739&quot;:0,&quot;335559740&quot;:240}\">\u00a0<\/span><\/p>\n<p style=\"text-align: justify;\"><span data-contrast=\"auto\">Ouso concluir,\u00a0parafraseando a mensagem do papa, pois acredito\u00a0firmemente\u00a0que precisamos cada dia da vida e da miss\u00e3o batismal\u00a0na diversidade de voca\u00e7\u00f5es e minist\u00e9rios\u00a0e servi\u00e7os, experimentar, guardar e cultivar:\u00a0a paz, o di\u00e1logo, a sinodalidade, a escuta, o respeito, a miss\u00e3o, a responsabilidade pastoral\u00a0e\u00a0a\u00a0ministerialidade\u00a0para al\u00e9m das fronteiras.\u00a0<\/span><span data-ccp-props=\"{&quot;201341983&quot;:0,&quot;335551550&quot;:6,&quot;335551620&quot;:6,&quot;335559731&quot;:567,&quot;335559739&quot;:0,&quot;335559740&quot;:240}\">\u00a0<\/span><\/p>\n<p style=\"text-align: justify;\"><span data-contrast=\"auto\">Se n\u00e3o nos tornarmos sentinelas do verdadeiro compromisso crist\u00e3o, a agressividade e a falta de respeito se espalham na vida dom\u00e9stica, na vida\u00a0p\u00fablica,\u00a0e o pior de tudo\u00a0na vida da Igreja\u00a0e em todas as\u00a0rela\u00e7\u00f5es.<\/span><span data-ccp-props=\"{&quot;201341983&quot;:0,&quot;335551550&quot;:6,&quot;335551620&quot;:6,&quot;335559731&quot;:567,&quot;335559739&quot;:0,&quot;335559740&quot;:240}\">\u00a0<\/span><\/p>\n<p style=\"text-align: justify;\"><span data-contrast=\"auto\">Abramos o cora\u00e7\u00e3o, para dizer ao\u00a0Senhor:<\/span><span data-ccp-props=\"{&quot;201341983&quot;:0,&quot;335551550&quot;:6,&quot;335551620&quot;:6,&quot;335559731&quot;:567,&quot;335559739&quot;:0,&quot;335559740&quot;:240}\">\u00a0<\/span><\/p>\n<p style=\"text-align: justify;\"><span data-contrast=\"auto\">Aqui estamos para fazer a tua vontade!<\/span><span data-ccp-props=\"{&quot;201341983&quot;:0,&quot;335551550&quot;:6,&quot;335551620&quot;:6,&quot;335559731&quot;:567,&quot;335559739&quot;:0,&quot;335559740&quot;:240}\">\u00a0<\/span><\/p>\n<p style=\"text-align: justify;\"><span data-contrast=\"auto\">Que ele nos conceda a gra\u00e7a de bem servi-Lo.<\/span><span data-ccp-props=\"{&quot;201341983&quot;:0,&quot;335551550&quot;:6,&quot;335551620&quot;:6,&quot;335559731&quot;:567,&quot;335559739&quot;:0,&quot;335559740&quot;:240}\">\u00a0<\/span><\/p>\n<p><span data-ccp-props=\"{&quot;201341983&quot;:0,&quot;335551550&quot;:6,&quot;335551620&quot;:6,&quot;335559739&quot;:0,&quot;335559740&quot;:240}\">\u00a0<\/span><\/p>\n<p><span data-ccp-props=\"{&quot;201341983&quot;:0,&quot;335551550&quot;:6,&quot;335551620&quot;:6,&quot;335559739&quot;:0,&quot;335559740&quot;:240}\">\u00a0<\/span><\/p>\n<p><span data-ccp-props=\"{&quot;201341983&quot;:0,&quot;335551550&quot;:6,&quot;335551620&quot;:6,&quot;335559739&quot;:0,&quot;335559740&quot;:240}\">\u00a0<\/span><\/p>\n","protected":false},"excerpt":{"rendered":"<p>Dom Benedito Araujo Diocese de Campo Maior (PI)\u00a0 &nbsp; II Dom. comum\u00a0A\u00a0\u2013 IS 49, 3.5-6;\u00a0Sl\u00a039(40); Icor 1,1-3;\u00a0Jo\u00a01, 14a.12\u00aa \u201cEis que Venho, Senhor, com prazer fa\u00e7o a vossa vontade!\u201d (Sl\u00a039(40) \u00c9\u00a0assim\u00a0que a Palavra de Deus cai no ch\u00e3o de nossas vidas,\u00a0neste II domingo do tempo comum,\u00a0Palavra que penetra nosso ch\u00e3o vocacional convidando-nos\u00a0a\u00a0mergulharmos\u00a0na vida do\u00a0Mestre\u00a0Jesus\u00a0de Nazar\u00e9,\u00a0conhec\u00ea-Lo\u00a0e seguir &hellip;<\/p>\n<p class=\"read-more\"> <a class=\"\" href=\"https:\/\/www.cnbb.org.br\/homilia-missa-de-acolhida\/\"> <span class=\"screen-reader-text\">Homilia Missa de\u00a0Acolhida<\/span> Leia mais &raquo;<\/a><\/p>\n","protected":false},"author":77,"featured_media":0,"comment_status":"closed","ping_status":"closed","sticky":false,"template":"","format":"standard","meta":{"site-sidebar-layout":"default","site-content-layout":"default","ast-global-header-display":"","ast-banner-title-visibility":"","ast-main-header-display":"","ast-hfb-above-header-display":"","ast-hfb-below-header-display":"","ast-hfb-mobile-header-display":"","site-post-title":"","ast-breadcrumbs-content":"","ast-featured-img":"","footer-sml-layout":"","theme-transparent-header-meta":"default","adv-header-id-meta":"","stick-header-meta":"","header-above-stick-meta":"","header-main-stick-meta":"","header-below-stick-meta":""},"categories":[758],"tags":[],"acf":[],"_links":{"self":[{"href":"https:\/\/www.cnbb.org.br\/cnbb-app\/wp\/v2\/posts\/994266"}],"collection":[{"href":"https:\/\/www.cnbb.org.br\/cnbb-app\/wp\/v2\/posts"}],"about":[{"href":"https:\/\/www.cnbb.org.br\/cnbb-app\/wp\/v2\/types\/post"}],"author":[{"embeddable":true,"href":"https:\/\/www.cnbb.org.br\/cnbb-app\/wp\/v2\/users\/77"}],"replies":[{"embeddable":true,"href":"https:\/\/www.cnbb.org.br\/cnbb-app\/wp\/v2\/comments?post=994266"}],"version-history":[{"count":2,"href":"https:\/\/www.cnbb.org.br\/cnbb-app\/wp\/v2\/posts\/994266\/revisions"}],"predecessor-version":[{"id":994268,"href":"https:\/\/www.cnbb.org.br\/cnbb-app\/wp\/v2\/posts\/994266\/revisions\/994268"}],"wp:attachment":[{"href":"https:\/\/www.cnbb.org.br\/cnbb-app\/wp\/v2\/media?parent=994266"}],"wp:term":[{"taxonomy":"category","embeddable":true,"href":"https:\/\/www.cnbb.org.br\/cnbb-app\/wp\/v2\/categories?post=994266"},{"taxonomy":"post_tag","embeddable":true,"href":"https:\/\/www.cnbb.org.br\/cnbb-app\/wp\/v2\/tags?post=994266"}],"curies":[{"name":"wp","href":"https:\/\/api.w.org\/{rel}","templated":true}]}}