{"id":994403,"date":"2026-02-02T16:49:20","date_gmt":"2026-02-02T19:49:20","guid":{"rendered":"https:\/\/www.cnbb.org.br\/?p=994403"},"modified":"2026-02-02T17:44:54","modified_gmt":"2026-02-02T20:44:54","slug":"regional-leste-1-da-cnbb-manifesta-pesar-pelo-falecido-do-padre-jesus-hortal-ex-reitor-da-puc-rio","status":"publish","type":"post","link":"https:\/\/www.cnbb.org.br\/regional-leste-1-da-cnbb-manifesta-pesar-pelo-falecido-do-padre-jesus-hortal-ex-reitor-da-puc-rio\/","title":{"rendered":"Regional Leste 1 da CNBB manifesta pesar pelo falecido do padre Jes\u00fas Hortal, ex-reitor da PUC-Rio"},"content":{"rendered":"<p style=\"text-align: justify;\" data-start=\"237\" data-end=\"450\">O Regional Leste 1 da Confer\u00eancia Nacional dos Bispos do Brasil (CNBB), por meio de sua Presid\u00eancia, manifesta profundo pesar pelo falecimento do Pe. Jes\u00fas Hortal S\u00e1nchez, S.J., ocorrido em 2 de fevereiro de 2026.<\/p>\n<p style=\"text-align: justify;\" data-start=\"452\" data-end=\"954\">Sacerdote jesu\u00edta, te\u00f3logo, canonista e educador, Pe. Hortal prestou relevantes servi\u00e7os \u00e0 Igreja e \u00e0 sociedade, especialmente no campo da educa\u00e7\u00e3o cat\u00f3lica e do pensamento can\u00f4nico. Sua trajet\u00f3ria est\u00e1 profundamente ligada \u00e0 Pontif\u00edcia Universidade Cat\u00f3lica do Rio de Janeiro (PUC-Rio), onde exerceu a fun\u00e7\u00e3o de Reitor entre os anos de 1995 e 2010, conduzindo a Universidade com esp\u00edrito evang\u00e9lico, rigor acad\u00eamico e fidelidade \u00e0 identidade cat\u00f3lica, segundo o modo de proceder da Companhia de Jesus.<\/p>\n<p style=\"text-align: justify;\" data-start=\"956\" data-end=\"1400\">Durante sua gest\u00e3o, a PUC-Rio viveu importantes avan\u00e7os acad\u00eamicos, institucionais e sociais, com destaque para iniciativas voltadas \u00e0 inclus\u00e3o, \u00e0 forma\u00e7\u00e3o integral da pessoa humana e ao fortalecimento de suas estruturas acad\u00eamicas e de governan\u00e7a. Como canonista reconhecido, Pe. Jes\u00fas Hortal contribuiu significativamente para a seguran\u00e7a jur\u00eddica e can\u00f4nica da Universidade, sempre em conson\u00e2ncia com a miss\u00e3o da Igreja no mundo da educa\u00e7\u00e3o.<\/p>\n<p data-start=\"956\" data-end=\"1400\"><strong>Confira a \u00edntegra da nota:<\/strong> <a href=\"https:\/\/cnbbleste1.org.br\/2026\/02\/nota-de-pesar-pelo-falecimento-do-pe-jesus-hortal-sanchez-s-j\/\" target=\"_blank\" rel=\"noopener\">cnbbleste1.org.br<\/a><\/p>\n","protected":false},"excerpt":{"rendered":"<p>O Regional Leste 1 da Confer\u00eancia Nacional dos Bispos do Brasil (CNBB), por meio de sua Presid\u00eancia, manifesta profundo pesar pelo falecimento do Pe. Jes\u00fas Hortal S\u00e1nchez, S.J., ocorrido em 2 de fevereiro de 2026.<\/p>\n","protected":false},"author":142,"featured_media":994404,"comment_status":"closed","ping_status":"closed","sticky":false,"template":"","format":"standard","meta":{"site-sidebar-layout":"default","site-content-layout":"default","ast-global-header-display":"","ast-banner-title-visibility":"","ast-main-header-display":"","ast-hfb-above-header-display":"","ast-hfb-below-header-display":"","ast-hfb-mobile-header-display":"","site-post-title":"","ast-breadcrumbs-content":"","ast-featured-img":"","footer-sml-layout":"","theme-transparent-header-meta":"default","adv-header-id-meta":"","stick-header-meta":"","header-above-stick-meta":"","header-main-stick-meta":"","header-below-stick-meta":""},"categories":[787],"tags":[2633],"acf":[],"_links":{"self":[{"href":"https:\/\/www.cnbb.org.br\/cnbb-app\/wp\/v2\/posts\/994403"}],"collection":[{"href":"https:\/\/www.cnbb.org.br\/cnbb-app\/wp\/v2\/posts"}],"about":[{"href":"https:\/\/www.cnbb.org.br\/cnbb-app\/wp\/v2\/types\/post"}],"author":[{"embeddable":true,"href":"https:\/\/www.cnbb.org.br\/cnbb-app\/wp\/v2\/users\/142"}],"replies":[{"embeddable":true,"href":"https:\/\/www.cnbb.org.br\/cnbb-app\/wp\/v2\/comments?post=994403"}],"version-history":[{"count":2,"href":"https:\/\/www.cnbb.org.br\/cnbb-app\/wp\/v2\/posts\/994403\/revisions"}],"predecessor-version":[{"id":994406,"href":"https:\/\/www.cnbb.org.br\/cnbb-app\/wp\/v2\/posts\/994403\/revisions\/994406"}],"wp:featuredmedia":[{"embeddable":true,"href":"https:\/\/www.cnbb.org.br\/cnbb-app\/wp\/v2\/media\/994404"}],"wp:attachment":[{"href":"https:\/\/www.cnbb.org.br\/cnbb-app\/wp\/v2\/media?parent=994403"}],"wp:term":[{"taxonomy":"category","embeddable":true,"href":"https:\/\/www.cnbb.org.br\/cnbb-app\/wp\/v2\/categories?post=994403"},{"taxonomy":"post_tag","embeddable":true,"href":"https:\/\/www.cnbb.org.br\/cnbb-app\/wp\/v2\/tags?post=994403"}],"curies":[{"name":"wp","href":"https:\/\/api.w.org\/{rel}","templated":true}]}}