{"id":994575,"date":"2026-02-15T10:54:48","date_gmt":"2026-02-15T13:54:48","guid":{"rendered":"https:\/\/www.cnbb.org.br\/?p=994575"},"modified":"2026-02-05T10:55:24","modified_gmt":"2026-02-05T13:55:24","slug":"6o-domingo-do-tempo-comum-2","status":"publish","type":"post","link":"https:\/\/www.cnbb.org.br\/6o-domingo-do-tempo-comum-2\/","title":{"rendered":"6\u00ba Domingo do\u00a0Tempo Comum\u00a0"},"content":{"rendered":"<p style=\"text-align: right;\"><b><span data-contrast=\"none\">Cardeal Orani Jo\u00e3o Tempesta<\/span><\/b><span data-ccp-props=\"{&quot;201341983&quot;:0,&quot;335551550&quot;:3,&quot;335551620&quot;:3,&quot;335559731&quot;:708,&quot;335559739&quot;:160,&quot;335559740&quot;:259}\"><br \/>\n<\/span><b><span data-contrast=\"none\">Arcebispo do Rio de Janeiro (RJ)<\/span><\/b><span data-ccp-props=\"{&quot;201341983&quot;:0,&quot;335551550&quot;:3,&quot;335551620&quot;:3,&quot;335559731&quot;:708,&quot;335559739&quot;:160,&quot;335559740&quot;:259}\">\u00a0<\/span><\/p>\n<p>&nbsp;<\/p>\n<p>&nbsp;<\/p>\n<p><i><span data-contrast=\"none\">\u201cFeliz o homem sem pecado em seu caminho, que na lei do Senhor Deus vai progredindo\u201d (Sl\u00a0118\/119)<\/span><\/i><span data-ccp-props=\"{&quot;201341983&quot;:0,&quot;335551550&quot;:2,&quot;335551620&quot;:2,&quot;335559739&quot;:160,&quot;335559740&quot;:259}\">\u00a0<\/span><\/p>\n<p style=\"text-align: justify;\"><span data-contrast=\"auto\">Celebramos, neste domingo, o sexto Domingo do Tempo Comum. Estamos em meio aos festejos do carnaval; na ter\u00e7a-feira \u00e9 ponto facultativo de carnaval e, na Quarta-feira, iniciaremos o Tempo Quaresmal com a celebra\u00e7\u00e3o da Quarta-feira de Cinzas. \u00c9 claro que, mesmo em meio aos festejos do carnaval, n\u00e3o podemos deixar de participar da Santa Missa, principalmente da Missa dominical.\u00a0Em nossa Arquidiocese jubilar ocorre dezenas de retiro espiritual durante estes dias. W23O Tempo Comum far\u00e1 uma pausa na pr\u00f3xima ter\u00e7a-feira e ser\u00e1 retomado somente ap\u00f3s Pentecostes, ao final do Tempo Pascal.<\/span><span data-ccp-props=\"{&quot;134233117&quot;:true,&quot;134233118&quot;:true,&quot;201341983&quot;:0,&quot;335551550&quot;:6,&quot;335551620&quot;:6,&quot;335559731&quot;:708,&quot;335559739&quot;:160,&quot;335559740&quot;:240}\">\u00a0<\/span><\/p>\n<p style=\"text-align: justify;\"><span data-contrast=\"auto\">O tempo passa r\u00e1pido por n\u00f3s; quando damos conta, os dias j\u00e1 passaram. J\u00e1 estamos na metade do m\u00eas de fevereiro e, em breve, chegaremos ao terceiro m\u00eas do ano. Por isso, aproveitemos cada minuto com a nossa fam\u00edlia, com os amigos, junto da comunidade, procurando fazer o bem e ouvindo a Palavra do Senhor.<\/span><span data-ccp-props=\"{&quot;134233117&quot;:true,&quot;134233118&quot;:true,&quot;201341983&quot;:0,&quot;335551550&quot;:6,&quot;335551620&quot;:6,&quot;335559731&quot;:708,&quot;335559739&quot;:160,&quot;335559740&quot;:240}\">\u00a0<\/span><\/p>\n<p style=\"text-align: justify;\"><span data-contrast=\"auto\">A cada Domingo do Tempo Comum escutamos um ensinamento de Jesus e como Ele formou a primeira comunidade dos disc\u00edpulos. Reunimo-nos na assembleia crist\u00e3 para ouvir o que Ele tem a nos dizer e como podemos ser comunidade de disc\u00edpulos nos dias de hoje. Escutamos o que o Senhor nos diz e comungamos do seu Corpo e Sangue. O Corpo e o Sangue de Cristo, que comungamos em cada Missa,\u00a0\u00e9\u00a0o alimento que sacia a nossa fome e a nossa sede; ao nos alimentarmos d\u2019Ele, teremos for\u00e7as para enfrentar as adversidades do dia a dia e a nossa luta contra o mal.<\/span><span data-ccp-props=\"{&quot;134233117&quot;:true,&quot;134233118&quot;:true,&quot;201341983&quot;:0,&quot;335551550&quot;:6,&quot;335551620&quot;:6,&quot;335559731&quot;:708,&quot;335559739&quot;:160,&quot;335559740&quot;:240}\">\u00a0<\/span><\/p>\n<p style=\"text-align: justify;\"><span data-contrast=\"auto\">A cor predominante ao longo do Tempo Comum \u00e9 o verde, que significa esperan\u00e7a. Acompanhamos Jesus anunciando o Reino de Deus e percorrendo toda a Judeia at\u00e9 entrar em Jerusal\u00e9m. A partir do batismo, tornamo-nos disc\u00edpulos e mission\u00e1rios de Jesus e somos chamados a anunciar o Reino de Deus nos dias de hoje.<\/span><span data-ccp-props=\"{&quot;134233117&quot;:true,&quot;134233118&quot;:true,&quot;201341983&quot;:0,&quot;335551550&quot;:6,&quot;335551620&quot;:6,&quot;335559731&quot;:708,&quot;335559739&quot;:160,&quot;335559740&quot;:240}\">\u00a0<\/span><\/p>\n<p style=\"text-align: justify;\"><span data-contrast=\"auto\">No Evangelho deste domingo, Jesus diz que n\u00e3o veio abolir a Lei ou algum mandamento; pelo contr\u00e1rio, veio dar pleno cumprimento. Jesus ainda admoesta os ouvintes \u2014 e a cada um de n\u00f3s \u2014 a viver plenamente os mandamentos. Que esta Eucaristia nos estimule a amar e servir a Deus e, como consequ\u00eancia, ao nosso pr\u00f3ximo.<\/span><span data-ccp-props=\"{&quot;134233117&quot;:true,&quot;134233118&quot;:true,&quot;201341983&quot;:0,&quot;335551550&quot;:6,&quot;335551620&quot;:6,&quot;335559731&quot;:708,&quot;335559739&quot;:160,&quot;335559740&quot;:240}\">\u00a0<\/span><\/p>\n<p style=\"text-align: justify;\"><span data-contrast=\"auto\">A primeira leitura deste domingo \u00e9 do livro do Eclesi\u00e1stico (Eclo\u00a015,16-21). Esse trecho fala que o ser humano \u00e9 livre para viver ou n\u00e3o os mandamentos. Os mandamentos da Lei de Deus n\u00e3o s\u00e3o uma imposi\u00e7\u00e3o, mas uma orienta\u00e7\u00e3o; a pessoa \u00e9 livre para segui-los ou n\u00e3o. O Senhor n\u00e3o nos quer escravos d\u2019Ele. \u00c9 claro que haver\u00e1 consequ\u00eancias diante da escolha feita: se escolher seguir os mandamentos da Lei, ser\u00e1 aben\u00e7oado; se escolher n\u00e3o\u00a0os seguir, tamb\u00e9m arcar\u00e1 com as consequ\u00eancias de suas escolhas. Os olhos do Senhor est\u00e3o voltados para aqueles que O temem e O respeitam. Aqui, o sentido de \u201ctemer\u201d n\u00e3o \u00e9 ter medo, mas sim respeitar; e respeitamos o Senhor quando respeitamos os seus mandamentos.<\/span><span data-ccp-props=\"{&quot;134233117&quot;:true,&quot;134233118&quot;:true,&quot;201341983&quot;:0,&quot;335551550&quot;:6,&quot;335551620&quot;:6,&quot;335559731&quot;:708,&quot;335559739&quot;:160,&quot;335559740&quot;:240}\">\u00a0<\/span><\/p>\n<p style=\"text-align: justify;\"><span data-contrast=\"auto\">O Salmo responsorial \u00e9 o 118 (119), que nos diz em seu refr\u00e3o:\u00a0<\/span><i><span data-contrast=\"auto\">\u201cFeliz o homem sem pecado em seu caminho, que na lei do Senhor Deus vai progredindo.\u201d<\/span><\/i><span data-contrast=\"auto\">\u00a0Durante a nossa vida, precisamos fazer escolhas; uma delas \u00e9 seguir a Deus. A partir do nosso batismo, passamos a pertencer a Deus, somos lavados de todo pecado e chamados a viver segundo a inspira\u00e7\u00e3o do Esp\u00edrito Santo, observando os mandamentos.<\/span><span data-ccp-props=\"{&quot;134233117&quot;:true,&quot;134233118&quot;:true,&quot;201341983&quot;:0,&quot;335551550&quot;:6,&quot;335551620&quot;:6,&quot;335559731&quot;:708,&quot;335559739&quot;:160,&quot;335559740&quot;:240}\">\u00a0<\/span><\/p>\n<p style=\"text-align: justify;\"><span data-contrast=\"auto\">A segunda leitura deste domingo \u00e9 da Primeira Carta de S\u00e3o Paulo aos Cor\u00edntios (1Cor 2,6-10). Nesse trecho, Paulo fala \u00e0 comunidade de Corinto sobre a sabedoria de Deus: nenhuma sabedoria humana \u00e9 superior \u00e0 sabedoria divina. Tudo o que Deus fez \u00e9 perfeito, e essa sabedoria existe desde a cria\u00e7\u00e3o do mundo. O Esp\u00edrito Santo nos ajuda a compreender essa sabedoria de Deus; ao olharmos tudo o que existe no mundo, percebemos essa sabedoria divina, e o Esp\u00edrito Santo nos introduz na intimidade de Deus, revelada por Jesus Cristo.<\/span><span data-ccp-props=\"{&quot;134233117&quot;:true,&quot;134233118&quot;:true,&quot;201341983&quot;:0,&quot;335551550&quot;:6,&quot;335551620&quot;:6,&quot;335559731&quot;:708,&quot;335559739&quot;:160,&quot;335559740&quot;:240}\">\u00a0<\/span><\/p>\n<p style=\"text-align: justify;\"><span data-contrast=\"auto\">O Evangelho deste domingo \u00e9 de Mateus (Mt\u00a05,17-37 \u2013 forma longa). \u00c9 a sequ\u00eancia do Serm\u00e3o da Montanha, que estamos acompanhando h\u00e1 alguns domingos, correspondente a todo o cap\u00edtulo cinco do Evangelho de Mateus. No trecho de hoje, Jesus afirma que n\u00e3o veio abolir a Lei e os Profetas, mas dar-lhes pleno cumprimento. Os fariseus e doutores da Lei acusavam Jesus de n\u00e3o cumprir a Lei e de abolir os Profetas que O antecederam.<\/span><span data-ccp-props=\"{&quot;134233117&quot;:true,&quot;134233118&quot;:true,&quot;201341983&quot;:0,&quot;335551550&quot;:6,&quot;335551620&quot;:6,&quot;335559731&quot;:708,&quot;335559739&quot;:160,&quot;335559740&quot;:240}\">\u00a0<\/span><\/p>\n<p style=\"text-align: justify;\"><span data-contrast=\"auto\">Meus irm\u00e3os, Jesus de maneira alguma abole a Lei e os Profetas; na verdade, Ele resume os dez mandamentos em dois, sem excluir os outros oito: amar a Deus e ao pr\u00f3ximo como a si mesmo. De fato, desobedecer a um dos mandamentos da Lei \u00e9 fechar-se em si mesmo e n\u00e3o se abrir ao amor a Deus e ao pr\u00f3ximo. Tudo aquilo que Jesus realiza foi anunciado pelos Profetas.<\/span><span data-ccp-props=\"{&quot;134233117&quot;:true,&quot;134233118&quot;:true,&quot;201341983&quot;:0,&quot;335551550&quot;:6,&quot;335551620&quot;:6,&quot;335559731&quot;:708,&quot;335559739&quot;:160,&quot;335559740&quot;:240}\">\u00a0<\/span><\/p>\n<p style=\"text-align: justify;\"><span data-contrast=\"auto\">Jesus ainda admoesta a todos, afirmando que ningu\u00e9m deve desobedecer a uma s\u00f3 v\u00edrgula da Lei nem incentivar algu\u00e9m a n\u00e3o\u00a0cumpri-la. Quem desobedecer aos mandamentos ser\u00e1 considerado o menor no Reino dos C\u00e9us; quem os obedecer ser\u00e1 considerado grande no Reino dos C\u00e9us. Ao contr\u00e1rio dos fariseus e doutores da Lei, que se diziam cumpridores da Lei, mas praticavam muitas injusti\u00e7as, os crist\u00e3os devem cumprir os mandamentos e praticar a justi\u00e7a que deles decorre. Em resumo, somos chamados a seguir o exemplo de Jesus, que pregava como quem tem autoridade, isto \u00e9, vivia aquilo que ensinava.<\/span><span data-ccp-props=\"{&quot;134233117&quot;:true,&quot;134233118&quot;:true,&quot;201341983&quot;:0,&quot;335551550&quot;:6,&quot;335551620&quot;:6,&quot;335559731&quot;:708,&quot;335559739&quot;:160,&quot;335559740&quot;:240}\">\u00a0<\/span><\/p>\n<p style=\"text-align: justify;\"><span data-contrast=\"auto\">Celebremos com alegria este sexto Domingo do Tempo Comum e sejamos cumpridores da Lei e praticantes da justi\u00e7a. Procuremos viver o amor ao pr\u00f3ximo; o mundo j\u00e1 enfrenta tantas guerras e injusti\u00e7as. Fa\u00e7amos a nossa parte como crist\u00e3os aut\u00eanticos, amando a Deus e ao pr\u00f3ximo como a n\u00f3s mesmos. N\u00e3o podemos comungar do Corpo e do Sangue de Cristo se tivermos alguma desaven\u00e7a com o nosso pr\u00f3ximo; procuremos reconciliar-nos com o nosso irm\u00e3o antes de comungar. A Eucaristia \u00e9 a maior prova de amor que Deus nos deu, e n\u00e3o podemos receb\u00ea-la indignamente se vivermos em desaven\u00e7a com o pr\u00f3ximo.<\/span><span data-ccp-props=\"{&quot;134233117&quot;:true,&quot;134233118&quot;:true,&quot;201341983&quot;:0,&quot;335551550&quot;:6,&quot;335551620&quot;:6,&quot;335559731&quot;:708,&quot;335559739&quot;:160,&quot;335559740&quot;:240}\">\u00a0<\/span><\/p>\n<p style=\"text-align: justify;\"><span data-contrast=\"auto\">Que o Esp\u00edrito Santo de Deus, com a sua sabedoria, nos ajude a compreender a Lei e a coloc\u00e1-la em pr\u00e1tica no nosso dia a dia. A justi\u00e7a \u00e9 consequ\u00eancia da pr\u00e1tica dos mandamentos. Quem ama a Deus, ame tamb\u00e9m o seu pr\u00f3ximo.<\/span><span data-ccp-props=\"{&quot;134233117&quot;:true,&quot;134233118&quot;:true,&quot;201341983&quot;:0,&quot;335551550&quot;:6,&quot;335551620&quot;:6,&quot;335559731&quot;:708,&quot;335559739&quot;:160,&quot;335559740&quot;:240}\">\u00a0<\/span><\/p>\n<p style=\"text-align: justify;\"><span data-ccp-props=\"{&quot;201341983&quot;:0,&quot;335551550&quot;:6,&quot;335551620&quot;:6,&quot;335559731&quot;:708,&quot;335559739&quot;:160,&quot;335559740&quot;:259}\">\u00a0<\/span><\/p>\n<p style=\"text-align: justify;\"><span data-ccp-props=\"{&quot;201341983&quot;:0,&quot;335551550&quot;:6,&quot;335551620&quot;:6,&quot;335559731&quot;:708,&quot;335559739&quot;:160,&quot;335559740&quot;:259}\">\u00a0<\/span><\/p>\n<p style=\"text-align: justify;\"><span data-ccp-props=\"{&quot;201341983&quot;:0,&quot;335551550&quot;:6,&quot;335551620&quot;:6,&quot;335559731&quot;:708,&quot;335559739&quot;:160,&quot;335559740&quot;:259}\">\u00a0<\/span><\/p>\n<p style=\"text-align: justify;\"><span data-ccp-props=\"{&quot;201341983&quot;:0,&quot;335551550&quot;:6,&quot;335551620&quot;:6,&quot;335559731&quot;:708,&quot;335559739&quot;:160,&quot;335559740&quot;:259}\">\u00a0<\/span><\/p>\n<p><span data-ccp-props=\"{&quot;201341983&quot;:0,&quot;335551550&quot;:6,&quot;335551620&quot;:6,&quot;335559731&quot;:708,&quot;335559739&quot;:160,&quot;335559740&quot;:259}\">\u00a0<\/span><\/p>\n<p><span data-ccp-props=\"{&quot;201341983&quot;:0,&quot;335551550&quot;:6,&quot;335551620&quot;:6,&quot;335559731&quot;:708,&quot;335559739&quot;:160,&quot;335559740&quot;:259}\">\u00a0<\/span><\/p>\n<p><span data-ccp-props=\"{&quot;201341983&quot;:0,&quot;335551550&quot;:6,&quot;335551620&quot;:6,&quot;335559731&quot;:708,&quot;335559739&quot;:160,&quot;335559740&quot;:259}\">\u00a0<\/span><\/p>\n","protected":false},"excerpt":{"rendered":"<p>Cardeal Orani Jo\u00e3o Tempesta Arcebispo do Rio de Janeiro (RJ)\u00a0 &nbsp; &nbsp; \u201cFeliz o homem sem pecado em seu caminho, que na lei do Senhor Deus vai progredindo\u201d (Sl\u00a0118\/119)\u00a0 Celebramos, neste domingo, o sexto Domingo do Tempo Comum. Estamos em meio aos festejos do carnaval; na ter\u00e7a-feira \u00e9 ponto facultativo de carnaval e, na Quarta-feira, &hellip;<\/p>\n<p class=\"read-more\"> <a class=\"\" href=\"https:\/\/www.cnbb.org.br\/6o-domingo-do-tempo-comum-2\/\"> <span class=\"screen-reader-text\">6\u00ba Domingo do\u00a0Tempo Comum\u00a0<\/span> Leia mais &raquo;<\/a><\/p>\n","protected":false},"author":31,"featured_media":0,"comment_status":"closed","ping_status":"closed","sticky":false,"template":"","format":"standard","meta":{"site-sidebar-layout":"default","site-content-layout":"default","ast-global-header-display":"","ast-banner-title-visibility":"","ast-main-header-display":"","ast-hfb-above-header-display":"","ast-hfb-below-header-display":"","ast-hfb-mobile-header-display":"","site-post-title":"","ast-breadcrumbs-content":"","ast-featured-img":"","footer-sml-layout":"","theme-transparent-header-meta":"default","adv-header-id-meta":"","stick-header-meta":"","header-above-stick-meta":"","header-main-stick-meta":"","header-below-stick-meta":""},"categories":[758],"tags":[],"acf":[],"_links":{"self":[{"href":"https:\/\/www.cnbb.org.br\/cnbb-app\/wp\/v2\/posts\/994575"}],"collection":[{"href":"https:\/\/www.cnbb.org.br\/cnbb-app\/wp\/v2\/posts"}],"about":[{"href":"https:\/\/www.cnbb.org.br\/cnbb-app\/wp\/v2\/types\/post"}],"author":[{"embeddable":true,"href":"https:\/\/www.cnbb.org.br\/cnbb-app\/wp\/v2\/users\/31"}],"replies":[{"embeddable":true,"href":"https:\/\/www.cnbb.org.br\/cnbb-app\/wp\/v2\/comments?post=994575"}],"version-history":[{"count":3,"href":"https:\/\/www.cnbb.org.br\/cnbb-app\/wp\/v2\/posts\/994575\/revisions"}],"predecessor-version":[{"id":994578,"href":"https:\/\/www.cnbb.org.br\/cnbb-app\/wp\/v2\/posts\/994575\/revisions\/994578"}],"wp:attachment":[{"href":"https:\/\/www.cnbb.org.br\/cnbb-app\/wp\/v2\/media?parent=994575"}],"wp:term":[{"taxonomy":"category","embeddable":true,"href":"https:\/\/www.cnbb.org.br\/cnbb-app\/wp\/v2\/categories?post=994575"},{"taxonomy":"post_tag","embeddable":true,"href":"https:\/\/www.cnbb.org.br\/cnbb-app\/wp\/v2\/tags?post=994575"}],"curies":[{"name":"wp","href":"https:\/\/api.w.org\/{rel}","templated":true}]}}