{"id":9947,"date":"2011-02-09T00:00:00","date_gmt":"2011-02-09T02:00:00","guid":{"rendered":"https:\/\/www.cnbb.org.br\/missa-marca-despedida-do-arcebispo-de-brasilia\/"},"modified":"2011-02-09T00:00:00","modified_gmt":"2011-02-09T02:00:00","slug":"missa-marca-despedida-do-arcebispo-de-brasilia","status":"publish","type":"post","link":"https:\/\/www.cnbb.org.br\/missa-marca-despedida-do-arcebispo-de-brasilia\/","title":{"rendered":"Missa marca despedida do arcebispo de Bras\u00edlia"},"content":{"rendered":"<p style=\"text-align: justify\">No pr\u00f3ximo domingo, 13, acontece a missa de despedida do arcebispo de Bras\u00edlia, dom Jo\u00e3o Braz de Aviz. A celebra\u00e7\u00e3o ser\u00e1 na Catedral Metropolitana de Bras\u00edlia \u00e0s 9h30 com a presen\u00e7a de todo o clero brasiliense.<\/p>\n<p><!--more--><\/p>\n<p style=\"text-align: justify\">Dom Jo\u00e3o foi nomeado prefeito da Congrega\u00e7\u00e3o para os Institutos de Vida Consagrada e assume o Dicast\u00e9rio romano. O an\u00fancio foi realizado no dia 4 de janeiro deste ano, pelo Boletim da Sala de Imprensa da Santa S\u00e9.<\/p>\n<p style=\"text-align: justify\">\u201cNestes quase sete anos na arquidiocese, experimentei a gra\u00e7a de servir a uma Igreja Unida, Fiel e Generosa. Confio esta nova etapa de minha vida ao Senhor, que pode me sustentar&#8221;, disse dom Jo\u00e3o.<\/p>\n<p style=\"text-align: justify\">Em seguida, o novo prefeito da Congrega\u00e7\u00e3o para os Institutos de Vida Consagrada viajar\u00e1 para Roma. Ainda n\u00e3o foi nomeado o sucessor de Dom Jo\u00e3o na fun\u00e7\u00e3o de arcebispo de Bras\u00edlia.<\/p>\n<h4 style=\"text-align: justify\">Dom Jo\u00e3o<\/h4>\n<p style=\"text-align: justify\">Dom Jo\u00e3o Braz de Aviz nasceu em Mafra(SC), em 24 de abril de 1947.\u00a0 Completou os estudos teol\u00f3gicos em Roma, junto \u00e0 Pontif\u00edcia Universidade Gregoriana, e foi laureado em Teologia Dogm\u00e1tica junto \u00e0 Pontif\u00edcia Universidade Lateranense, em 1992.<\/p>\n<p style=\"text-align: justify\">Ordenado sacerdote em 26 de novembro de 1972 e recebeu a consagra\u00e7\u00e3o episcopal em 31 de maio de 1994. Foi nomeado arcebispo de Bras\u00edlia em 28 de janeiro de 2004.<\/p>\n","protected":false},"excerpt":{"rendered":"<p>No pr\u00f3ximo domingo, 13, acontece a missa de despedida do arcebispo de Bras\u00edlia, dom Jo\u00e3o Braz de Aviz. A celebra\u00e7\u00e3o ser\u00e1 na Catedral Metropolitana de Bras\u00edlia \u00e0s 9h30 com a presen\u00e7a de todo o clero brasiliense.<\/p>\n","protected":false},"author":83,"featured_media":9948,"comment_status":"open","ping_status":"open","sticky":false,"template":"","format":"standard","meta":{"site-sidebar-layout":"default","site-content-layout":"default","ast-global-header-display":"","ast-banner-title-visibility":"","ast-main-header-display":"","ast-hfb-above-header-display":"","ast-hfb-below-header-display":"","ast-hfb-mobile-header-display":"","site-post-title":"","ast-breadcrumbs-content":"","ast-featured-img":"","footer-sml-layout":"","theme-transparent-header-meta":"","adv-header-id-meta":"","stick-header-meta":"","header-above-stick-meta":"","header-main-stick-meta":"","header-below-stick-meta":""},"categories":[798],"tags":[],"acf":[],"_links":{"self":[{"href":"https:\/\/www.cnbb.org.br\/cnbb-app\/wp\/v2\/posts\/9947"}],"collection":[{"href":"https:\/\/www.cnbb.org.br\/cnbb-app\/wp\/v2\/posts"}],"about":[{"href":"https:\/\/www.cnbb.org.br\/cnbb-app\/wp\/v2\/types\/post"}],"author":[{"embeddable":true,"href":"https:\/\/www.cnbb.org.br\/cnbb-app\/wp\/v2\/users\/83"}],"replies":[{"embeddable":true,"href":"https:\/\/www.cnbb.org.br\/cnbb-app\/wp\/v2\/comments?post=9947"}],"version-history":[{"count":0,"href":"https:\/\/www.cnbb.org.br\/cnbb-app\/wp\/v2\/posts\/9947\/revisions"}],"wp:featuredmedia":[{"embeddable":true,"href":"https:\/\/www.cnbb.org.br\/cnbb-app\/wp\/v2\/media\/9948"}],"wp:attachment":[{"href":"https:\/\/www.cnbb.org.br\/cnbb-app\/wp\/v2\/media?parent=9947"}],"wp:term":[{"taxonomy":"category","embeddable":true,"href":"https:\/\/www.cnbb.org.br\/cnbb-app\/wp\/v2\/categories?post=9947"},{"taxonomy":"post_tag","embeddable":true,"href":"https:\/\/www.cnbb.org.br\/cnbb-app\/wp\/v2\/tags?post=9947"}],"curies":[{"name":"wp","href":"https:\/\/api.w.org\/{rel}","templated":true}]}}