{"id":994712,"date":"2026-02-10T09:35:04","date_gmt":"2026-02-10T12:35:04","guid":{"rendered":"https:\/\/www.cnbb.org.br\/?p=994712"},"modified":"2026-02-10T09:35:44","modified_gmt":"2026-02-10T12:35:44","slug":"fe-que-se-torna-pao-a-caridade-como-expressao-da-fidelidade-a-cristo","status":"publish","type":"post","link":"https:\/\/www.cnbb.org.br\/fe-que-se-torna-pao-a-caridade-como-expressao-da-fidelidade-a-cristo\/","title":{"rendered":"F\u00e9 que se torna p\u00e3o: a caridade como express\u00e3o da fidelidade a Cristo\u00a0"},"content":{"rendered":"<p style=\"text-align: right;\"><strong>Dom Jailton Olivera Lino<br \/>\nBispo de Itabuna (BA)\u00a0<\/strong><\/p>\n<p style=\"text-align: justify;\">\n<p style=\"text-align: justify;\"><span data-contrast=\"auto\">A Igreja carrega mais de dois mil anos de hist\u00f3ria, ora\u00e7\u00e3o e miss\u00e3o. Desde o seu nascimento, aprendeu diretamente do pr\u00f3prio Cristo que a f\u00e9 jamais pode ser separada do cuidado com os mais fr\u00e1geis. Jesus n\u00e3o permaneceu distante da dor humana: aproximou-se dos exclu\u00eddos, tocou os enfermos, alimentou multid\u00f5es e enfrentou, com coragem prof\u00e9tica, toda forma de opress\u00e3o.<\/span><span data-ccp-props=\"{}\">\u00a0<\/span><\/p>\n<p style=\"text-align: justify;\"><span data-contrast=\"auto\">Muito antes da encarna\u00e7\u00e3o do Verbo, o profeta Isa\u00edas j\u00e1 anunciava essa pedagogia divina, revelando que a verdadeira religi\u00e3o passa necessariamente pelo amor concreto ao pr\u00f3ximo:<\/span><span data-ccp-props=\"{}\">\u00a0<\/span><\/p>\n<p style=\"text-align: justify;\"><span data-contrast=\"auto\">\u201c<\/span><b><i><span data-contrast=\"auto\">Reparte o p\u00e3o com o faminto, acolhe em casa os pobres e peregrinos. Quando encontrares um nu, cobre-o\u2026 se acolheres de cora\u00e7\u00e3o aberto o indigente e prestares todo o socorro ao necessitado, nascer\u00e1 nas trevas a tua luz.\u201d<\/span><\/i><\/b><span data-ccp-props=\"{}\">\u00a0<\/span><\/p>\n<p style=\"text-align: justify;\"><span data-contrast=\"auto\">Essa Palavra atravessou os s\u00e9culos e chega at\u00e9 n\u00f3s com a mesma for\u00e7a transformadora.<\/span><span data-ccp-props=\"{}\">\u00a0<\/span><\/p>\n<p style=\"text-align: justify;\"><span data-contrast=\"auto\">\u00c9 preciso afirmar com clareza: a op\u00e7\u00e3o da Igreja pelos pobres n\u00e3o nasce de ideologias nem de projetos partid\u00e1rios. Ela nasce do Evangelho. \u00c9 fidelidade radical a Jesus Cristo. Como recorda o Papa Francisco: \u201cCada crist\u00e3o e cada comunidade \u00e9 chamada a ser instrumento de Deus para a liberta\u00e7\u00e3o e promo\u00e7\u00e3o dos pobres.\u201d<\/span><span data-ccp-props=\"{}\">\u00a0<\/span><\/p>\n<p style=\"text-align: justify;\"><span data-contrast=\"auto\">Tamb\u00e9m \u00e9 fundamental compreender que n\u00e3o se trata de colocar o pobre no lugar de Cristo, mas de obedecer ao maior mandamento da Lei: amar a Deus sobre todas as coisas e ao pr\u00f3ximo como a si mesmo. Servir o pobre \u00e9 consequ\u00eancia desse amor. \u00c9 resposta concreta ao chamado do Senhor.<\/span><span data-ccp-props=\"{}\">\u00a0<\/span><\/p>\n<p style=\"text-align: justify;\"><span data-contrast=\"auto\">S\u00e3o Jo\u00e3o Paulo II j\u00e1 ensinava que \u201co amor preferencial pelos pobres faz parte da tradi\u00e7\u00e3o viva da Igreja\u201d \u2014 n\u00e3o como estrat\u00e9gia social, mas como express\u00e3o da pr\u00f3pria f\u00e9. A chamada Doutrina Social da Igreja apenas sistematiza, em linguagem teol\u00f3gica, aquilo que Jesus viveu em gestos cotidianos.<\/span><span data-ccp-props=\"{}\">\u00a0<\/span><\/p>\n<p style=\"text-align: justify;\"><span data-contrast=\"auto\">A Igreja caminha com os pobres n\u00e3o por escolha ideol\u00f3gica, mas por obedi\u00eancia ao seu Senhor.<\/span><span data-ccp-props=\"{}\">\u00a0<\/span><\/p>\n<p style=\"text-align: justify;\"><span data-contrast=\"auto\">Isa\u00edas nos confronta com uma verdade exigente: n\u00e3o basta rezar bonito ou erguer as m\u00e3os aos c\u00e9us. Deus \u00e9 direto. A ora\u00e7\u00e3o que n\u00e3o se traduz em compromisso com o pr\u00f3ximo torna-se est\u00e9ril. Antes de dizer \u201cEis-me aqui\u201d, o Senhor pede atitudes reais: abandonar instrumentos de opress\u00e3o, rejeitar h\u00e1bitos autorit\u00e1rios, calar palavras maldosas e abrir o cora\u00e7\u00e3o ao necessitado.<\/span><span data-ccp-props=\"{}\">\u00a0<\/span><\/p>\n<p style=\"text-align: justify;\"><span data-contrast=\"auto\">Agostinho de Hipona sintetiza isso com precis\u00e3o espiritual: \u201cSe queres encontrar Deus, procura-o primeiro no irm\u00e3o.\u201d A f\u00e9 crist\u00e3 n\u00e3o \u00e9 abstrata; \u00e9 encarnada. Ela nos tira da comodidade e nos conduz ao encontro com quem sofre.<\/span><span data-ccp-props=\"{}\">\u00a0<\/span><\/p>\n<p style=\"text-align: justify;\"><span data-contrast=\"auto\">Vivemos tempos de polariza\u00e7\u00e3o, discursos vazios e uma religiosidade muitas vezes confort\u00e1vel. Enquanto isso, fam\u00edlias passam fome, jovens perdem perspectivas, idosos s\u00e3o esquecidos e trabalhadores seguem esmagados por estruturas injustas.<\/span><span data-ccp-props=\"{}\">\u00a0<\/span><\/p>\n<p style=\"text-align: justify;\"><span data-contrast=\"auto\">O profeta n\u00e3o deixa espa\u00e7o para neutralidade.<\/span><span data-ccp-props=\"{}\">\u00a0<\/span><\/p>\n<p style=\"text-align: justify;\"><span data-contrast=\"auto\">Ou repartimos o p\u00e3o, ou nossa luz n\u00e3o brilha.<\/span><span data-ccp-props=\"{}\">\u00a0<\/span><\/p>\n<p style=\"text-align: justify;\"><span data-contrast=\"auto\">Ou acolhemos o peregrino, ou permanecemos nas trevas.<\/span><span data-ccp-props=\"{}\">\u00a0<\/span><\/p>\n<p style=\"text-align: justify;\"><span data-contrast=\"auto\">Ou socorremos o necessitado, ou nossa espiritualidade se torna vazia.<\/span><span data-ccp-props=\"{}\">\u00a0<\/span><\/p>\n<p style=\"text-align: justify;\"><span data-contrast=\"auto\">N\u00e3o se trata de assistencialismo superficial. Trata-se de reconhecer a dignidade humana. Trata-se de compreender que amar a Deus passa, necessariamente, por amar o irm\u00e3o. Como dizia Teresa de Calcut\u00e1: \u201cO que conta n\u00e3o \u00e9 quanto fazemos, mas quanto amor colocamos no que fazemos.\u201d<\/span><span data-ccp-props=\"{}\">\u00a0<\/span><\/p>\n<p style=\"text-align: justify;\"><span data-contrast=\"auto\">Quando isso acontece \u2014 garante Isa\u00edas \u2014 a justi\u00e7a caminha \u00e0 frente e a gl\u00f3ria do Senhor nos acompanha. A vida obscurecida se transforma em pleno dia.<\/span><span data-ccp-props=\"{}\">\u00a0<\/span><\/p>\n<p style=\"text-align: justify;\"><span data-contrast=\"auto\">Talvez seja exatamente isso que nosso tempo mais precise: menos discursos e mais p\u00e3o repartido. Menos julgamento e mais acolhimento. Menos vaidade religiosa e mais compromisso com quem d\u00f3i.<\/span><span data-ccp-props=\"{}\">\u00a0<\/span><\/p>\n<p style=\"text-align: justify;\"><span data-contrast=\"auto\">E Deus continua respondendo do mesmo modo \u00e0queles que vivem essa Palavra:<\/span><span data-ccp-props=\"{}\">\u00a0<\/span><\/p>\n<p style=\"text-align: justify;\"><span data-contrast=\"auto\">\u201cEis-me aqui.\u201d<\/span><span data-ccp-props=\"{}\">\u00a0<\/span><\/p>\n","protected":false},"excerpt":{"rendered":"<p>Dom Jailton Olivera Lino Bispo de Itabuna (BA)\u00a0 A Igreja carrega mais de dois mil anos de hist\u00f3ria, ora\u00e7\u00e3o e miss\u00e3o. Desde o seu nascimento, aprendeu diretamente do pr\u00f3prio Cristo que a f\u00e9 jamais pode ser separada do cuidado com os mais fr\u00e1geis. Jesus n\u00e3o permaneceu distante da dor humana: aproximou-se dos exclu\u00eddos, tocou os &hellip;<\/p>\n<p class=\"read-more\"> <a class=\"\" href=\"https:\/\/www.cnbb.org.br\/fe-que-se-torna-pao-a-caridade-como-expressao-da-fidelidade-a-cristo\/\"> <span class=\"screen-reader-text\">F\u00e9 que se torna p\u00e3o: a caridade como express\u00e3o da fidelidade a Cristo\u00a0<\/span> Leia mais &raquo;<\/a><\/p>\n","protected":false},"author":159,"featured_media":0,"comment_status":"closed","ping_status":"closed","sticky":false,"template":"","format":"standard","meta":{"site-sidebar-layout":"default","site-content-layout":"default","ast-global-header-display":"","ast-banner-title-visibility":"","ast-main-header-display":"","ast-hfb-above-header-display":"","ast-hfb-below-header-display":"","ast-hfb-mobile-header-display":"","site-post-title":"","ast-breadcrumbs-content":"","ast-featured-img":"","footer-sml-layout":"","theme-transparent-header-meta":"default","adv-header-id-meta":"","stick-header-meta":"","header-above-stick-meta":"","header-main-stick-meta":"","header-below-stick-meta":""},"categories":[758],"tags":[],"acf":[],"_links":{"self":[{"href":"https:\/\/www.cnbb.org.br\/cnbb-app\/wp\/v2\/posts\/994712"}],"collection":[{"href":"https:\/\/www.cnbb.org.br\/cnbb-app\/wp\/v2\/posts"}],"about":[{"href":"https:\/\/www.cnbb.org.br\/cnbb-app\/wp\/v2\/types\/post"}],"author":[{"embeddable":true,"href":"https:\/\/www.cnbb.org.br\/cnbb-app\/wp\/v2\/users\/159"}],"replies":[{"embeddable":true,"href":"https:\/\/www.cnbb.org.br\/cnbb-app\/wp\/v2\/comments?post=994712"}],"version-history":[{"count":2,"href":"https:\/\/www.cnbb.org.br\/cnbb-app\/wp\/v2\/posts\/994712\/revisions"}],"predecessor-version":[{"id":994714,"href":"https:\/\/www.cnbb.org.br\/cnbb-app\/wp\/v2\/posts\/994712\/revisions\/994714"}],"wp:attachment":[{"href":"https:\/\/www.cnbb.org.br\/cnbb-app\/wp\/v2\/media?parent=994712"}],"wp:term":[{"taxonomy":"category","embeddable":true,"href":"https:\/\/www.cnbb.org.br\/cnbb-app\/wp\/v2\/categories?post=994712"},{"taxonomy":"post_tag","embeddable":true,"href":"https:\/\/www.cnbb.org.br\/cnbb-app\/wp\/v2\/tags?post=994712"}],"curies":[{"name":"wp","href":"https:\/\/api.w.org\/{rel}","templated":true}]}}