{"id":995000,"date":"2026-02-19T09:47:28","date_gmt":"2026-02-19T12:47:28","guid":{"rendered":"https:\/\/www.cnbb.org.br\/?p=995000"},"modified":"2026-02-19T09:48:09","modified_gmt":"2026-02-19T12:48:09","slug":"a-importancia-do-discernimento-cristao-para-bem-articular-a-fe-e-a-cidadania","status":"publish","type":"post","link":"https:\/\/www.cnbb.org.br\/a-importancia-do-discernimento-cristao-para-bem-articular-a-fe-e-a-cidadania\/","title":{"rendered":"A import\u00e2ncia do discernimento crist\u00e3o para bem articular a f\u00e9 e a cidadania\u00a0"},"content":{"rendered":"<p style=\"text-align: right;\"><b><span data-contrast=\"none\">Dom Roberto Francisco\u00a0Ferreria\u00a0Paz<\/span><\/b><span data-ccp-props=\"{&quot;201341983&quot;:0,&quot;335551550&quot;:2,&quot;335551620&quot;:2,&quot;335559739&quot;:0,&quot;335559740&quot;:240}\"><br \/>\n<\/span><b><span data-contrast=\"none\">Bispo de Campos (RJ)<\/span><\/b><span data-ccp-props=\"{&quot;201341983&quot;:0,&quot;335551550&quot;:2,&quot;335551620&quot;:2,&quot;335559739&quot;:0,&quot;335559740&quot;:240}\">\u00a0<\/span><\/p>\n<p style=\"text-align: justify;\"><span data-ccp-props=\"{&quot;201341983&quot;:0,&quot;335559739&quot;:240,&quot;335559740&quot;:240}\">\u00a0<\/span><\/p>\n<p style=\"text-align: justify;\"><span data-contrast=\"none\">O\u00a0caminhar juntos\u00a0para fazer hist\u00f3ria, reinventar caminhos e frequentar o futuro, passa como dizia bem o Papa Francisco no discurso de abertura do S\u00ednodo da juventude no 03 de outubro de 2018, pelo compromisso e atua\u00e7\u00e3o com responsabilidade e discernimento.<\/span><span data-ccp-props=\"{&quot;201341983&quot;:0,&quot;335551550&quot;:6,&quot;335551620&quot;:6,&quot;335559739&quot;:0,&quot;335559740&quot;:240}\">\u00a0<\/span><\/p>\n<p style=\"text-align: justify;\"><span data-contrast=\"none\">O discernimento crist\u00e3o \u00e9 um exerc\u00edcio exigente da virtude da prud\u00eancia, que sob a guia do Esp\u00edrito Santo permite descortinar nas crises as oportunidades e\u00a0abrirno-nos\u00a0para buscar sa\u00eddas,\u00a0solu\u00e7o\u0113s\u00a0para os desafios e gargalos da nossa realidade atual.\u00a0<\/span><span data-ccp-props=\"{&quot;201341983&quot;:0,&quot;335551550&quot;:6,&quot;335551620&quot;:6,&quot;335559739&quot;:0,&quot;335559740&quot;:240}\">\u00a0<\/span><\/p>\n<p style=\"text-align: justify;\"><span data-contrast=\"none\">Como superar a crise de representa\u00e7\u00e3o\u00a0( a\u00a0sub representa\u00e7\u00e3o\u00a0dos trabalhadores, das mulheres, dos negros, dos\u00a0indigenas, das pessoas com defici\u00eancias e outras\u00a0popula\u00e7\u00f5es ), a confian\u00e7a na classe dirigente, nos partidos existentes que funcionam mais como cons\u00f3rcios eleitorais, no desencanto na pol\u00edtica? \u00c9 hora como afirmavam Dom Carlo Maria Card. Martini e o te\u00f3logo Enzo Bianchi no seu livro Parola e\u00a0Politica, na companhia de todos os homens e mulheres de boa vontade de anunciar a Palavra da\u00a0Cruz, a Palavra prof\u00e9tica, que na\u00a0parresia\u00a0(aud\u00e1cia do Esp\u00edrito) convida\u00a0a\u202f demolir\u00a0a l\u00f3gica da inimizade com suas\u00a0variantes :\u00a0necropol\u00edtica, pol\u00edtica do \u00f3dio, da guerra contra todos, para edificar a Paz desarmada e\u00a0desarmante\u00a0apregoada pelo Papa Le\u00e3o XIV. Reconstruir a amizade social, o di\u00e1logo paciente e o consenso em torno a valores permanentes que fa\u00e7am acontecer e surgir uma nova gera\u00e7\u00e3o de cidad\u00e3os e l\u00edderes, que vivam a nobreza pol\u00edtica e como ensinava S\u00e3o Paulo na Ep\u00edstola aos\u00a0Romanos\u202f cidad\u00e3os\u00a0que sejam\u00a0irreprens\u00edveis\u00a0e \u00edntegros. Discernimento que nos permita libertar-nos da amea\u00e7a das Big\u00a0Techs, plataformas geradoras de desinforma\u00e7\u00e3o, falsidades,\u00a0fake\u00a0news\u00a0e\u00a0deep\u00a0news,que\u00a0confundem, intimidam e distorcem propostas, difamam candidatos e disseminam o medo.\u00a0Desesmascarar\u00a0as idolatrias, do mercado\u00a0autoregul\u00e1vel\u00a0e intoc\u00e1vel, do Estado patrimonialista e leiloado, do mito das armas, do licenciamento que destr\u00f3i os biomas e a diversidade ambiental, do lucro descabido e dos juros\u00a0perversos,das\u00a0emendas descontroladas e particularistas.\u00a0<\/span><span data-ccp-props=\"{&quot;201341983&quot;:0,&quot;335551550&quot;:6,&quot;335551620&quot;:6,&quot;335559739&quot;:0,&quot;335559740&quot;:240}\">\u00a0<\/span><\/p>\n<p style=\"text-align: justify;\"><span data-contrast=\"none\">N\u00e3o perder o foco do\u00a0essencial,construir\u00a0e defender um projeto de Na\u00e7\u00e3o, desenvolvimento integral, solid\u00e1rio inclusivo e sustent\u00e1vel, democracia e Estado social de Direito, sem admiss\u00e3o de pr\u00e1ticas golpistas, da corrup\u00e7\u00e3o escancarada e do c\u00e2ncer do crime organizado.\u00a0<\/span><span data-ccp-props=\"{&quot;201341983&quot;:0,&quot;335551550&quot;:6,&quot;335551620&quot;:6,&quot;335559739&quot;:0,&quot;335559740&quot;:240}\">\u00a0<\/span><\/p>\n<p style=\"text-align: justify;\"><span data-contrast=\"none\">N\u00e3o esquecer as tr\u00eas palavras ou lema do Papa Francisco em Cochabamba\u00a0Bol\u00edvia ,\u00a0Terra teto e\u00a0trabalho para todos\/as, especialmente neste ano assumir como crit\u00e9rio de escolha, o tema da moradia digna e decente para todas as fam\u00edlias.\u00a0<\/span><span data-ccp-props=\"{&quot;201341983&quot;:0,&quot;335551550&quot;:6,&quot;335551620&quot;:6,&quot;335559739&quot;:0,&quot;335559740&quot;:240}\">\u00a0<\/span><\/p>\n<p style=\"text-align: justify;\"><span data-contrast=\"none\">Pensando no bem comum e na cidadania plena para os pobres, vencendo o medo com a esperan\u00e7a crist\u00e3, abriremos caminho. Deus seja louvado!<\/span><span data-ccp-props=\"{&quot;201341983&quot;:0,&quot;335551550&quot;:6,&quot;335551620&quot;:6,&quot;335559739&quot;:0,&quot;335559740&quot;:240}\">\u00a0<\/span><\/p>\n","protected":false},"excerpt":{"rendered":"<p>Dom Roberto Francisco\u00a0Ferreria\u00a0Paz Bispo de Campos (RJ)\u00a0 \u00a0 O\u00a0caminhar juntos\u00a0para fazer hist\u00f3ria, reinventar caminhos e frequentar o futuro, passa como dizia bem o Papa Francisco no discurso de abertura do S\u00ednodo da juventude no 03 de outubro de 2018, pelo compromisso e atua\u00e7\u00e3o com responsabilidade e discernimento.\u00a0 O discernimento crist\u00e3o \u00e9 um exerc\u00edcio exigente da &hellip;<\/p>\n<p class=\"read-more\"> <a class=\"\" href=\"https:\/\/www.cnbb.org.br\/a-importancia-do-discernimento-cristao-para-bem-articular-a-fe-e-a-cidadania\/\"> <span class=\"screen-reader-text\">A import\u00e2ncia do discernimento crist\u00e3o para bem articular a f\u00e9 e a cidadania\u00a0<\/span> Leia mais &raquo;<\/a><\/p>\n","protected":false},"author":23,"featured_media":0,"comment_status":"closed","ping_status":"closed","sticky":false,"template":"","format":"standard","meta":{"site-sidebar-layout":"default","site-content-layout":"default","ast-global-header-display":"","ast-banner-title-visibility":"","ast-main-header-display":"","ast-hfb-above-header-display":"","ast-hfb-below-header-display":"","ast-hfb-mobile-header-display":"","site-post-title":"","ast-breadcrumbs-content":"","ast-featured-img":"","footer-sml-layout":"","theme-transparent-header-meta":"default","adv-header-id-meta":"","stick-header-meta":"","header-above-stick-meta":"","header-main-stick-meta":"","header-below-stick-meta":""},"categories":[758],"tags":[],"acf":[],"_links":{"self":[{"href":"https:\/\/www.cnbb.org.br\/cnbb-app\/wp\/v2\/posts\/995000"}],"collection":[{"href":"https:\/\/www.cnbb.org.br\/cnbb-app\/wp\/v2\/posts"}],"about":[{"href":"https:\/\/www.cnbb.org.br\/cnbb-app\/wp\/v2\/types\/post"}],"author":[{"embeddable":true,"href":"https:\/\/www.cnbb.org.br\/cnbb-app\/wp\/v2\/users\/23"}],"replies":[{"embeddable":true,"href":"https:\/\/www.cnbb.org.br\/cnbb-app\/wp\/v2\/comments?post=995000"}],"version-history":[{"count":2,"href":"https:\/\/www.cnbb.org.br\/cnbb-app\/wp\/v2\/posts\/995000\/revisions"}],"predecessor-version":[{"id":995002,"href":"https:\/\/www.cnbb.org.br\/cnbb-app\/wp\/v2\/posts\/995000\/revisions\/995002"}],"wp:attachment":[{"href":"https:\/\/www.cnbb.org.br\/cnbb-app\/wp\/v2\/media?parent=995000"}],"wp:term":[{"taxonomy":"category","embeddable":true,"href":"https:\/\/www.cnbb.org.br\/cnbb-app\/wp\/v2\/categories?post=995000"},{"taxonomy":"post_tag","embeddable":true,"href":"https:\/\/www.cnbb.org.br\/cnbb-app\/wp\/v2\/tags?post=995000"}],"curies":[{"name":"wp","href":"https:\/\/api.w.org\/{rel}","templated":true}]}}