{"id":995034,"date":"2026-02-20T09:35:16","date_gmt":"2026-02-20T12:35:16","guid":{"rendered":"https:\/\/www.cnbb.org.br\/?p=995034"},"modified":"2026-02-20T09:35:48","modified_gmt":"2026-02-20T12:35:48","slug":"quaresma-e-tempo-de-conversao","status":"publish","type":"post","link":"https:\/\/www.cnbb.org.br\/quaresma-e-tempo-de-conversao\/","title":{"rendered":"Quaresma \u00e9 tempo de convers\u00e3o!\u00a0"},"content":{"rendered":"<p style=\"text-align: right;\"><b><span data-contrast=\"auto\">Dom Jos\u00e9 Gislon<br \/>\nBispo de Caxias do Sul (RS)<\/span><\/b><\/p>\n<p>&nbsp;<\/p>\n<p style=\"text-align: justify;\"><span data-contrast=\"auto\">Estimados irm\u00e3os e irm\u00e3s em Cristo Jesus! Pela gra\u00e7a de Deus\u00a0iniciamos a Caminhada Quaresmal\u00a0em prepara\u00e7\u00e3o \u00e0 celebra\u00e7\u00e3o da P\u00e1scoa do Senhor Jesus. Mas n\u00e3o poderemos viver plenamente a Quaresma,\u00a0como um tempo\u00a0especial\u00a0marcado pela\u00a0gra\u00e7a\u00a0de Deus,\u00a0para nos regenerarmos f\u00edsica\u00a0e espiritualmente, se n\u00e3o abrirmos as portas do cora\u00e7\u00e3o para deixarmos\u00a0o amor, a compaix\u00e3o\u00a0e a miseric\u00f3rdia\u00a0de Deus nosso Pai\u00a0tocarem\u00a0o nosso cora\u00e7\u00e3o e curarem\u00a0as feridas\u00a0da alma.\u00a0<\/span><span data-ccp-props=\"{&quot;201341983&quot;:0,&quot;335551550&quot;:6,&quot;335551620&quot;:6,&quot;335559740&quot;:240}\">\u00a0<\/span><\/p>\n<p style=\"text-align: justify;\"><span data-contrast=\"auto\">A\u00a0Quaresma tamb\u00e9m \u00e9 um tempo para fazermos\u00a0a experi\u00eancia de\u00a0habitar num \u00e2ngulo do\u00a0\u201cdeserto\u201d, para nos tornarmos mais reflexivos, para deixarmos emergir as perguntas que nos tornam mais humanos, tamb\u00e9m quando nos atormentam. Esse espa\u00e7o de regenera\u00e7\u00e3o, por\u00e9m, \u00e9 tamb\u00e9m um risco: pode se tornar uma fuga de n\u00f3s mesmos, e espa\u00e7o de\u00a0busca por solu\u00e7\u00f5es\u00a0f\u00e1ceis e\u00a0ilus\u00f3rias. O deserto,\u00a0nesse sentido, pode se tornar rapidamente um lugar de \u201ctenta\u00e7\u00e3o\u201d. Aconteceu tamb\u00e9m com Jesus. Ele viveu a tenta\u00e7\u00e3o da escolha\u00a0entre a volta para a sua fam\u00edlia,\u00a0em Nazar\u00e9,\u00a0e\u00a0o in\u00edcio da\u00a0miss\u00e3o que o Pai lhe confiara: \u201canunciar o Reino de Deus e a sua justi\u00e7a\u201d.<\/span><span data-ccp-props=\"{&quot;201341983&quot;:0,&quot;335551550&quot;:6,&quot;335551620&quot;:6,&quot;335559740&quot;:240}\">\u00a0<\/span><\/p>\n<p style=\"text-align: justify;\"><span data-contrast=\"auto\">Na vida de f\u00e9\u00a0do crist\u00e3o, a Quaresma \u00e9\u00a0um tempo especial de convers\u00e3o, de mudan\u00e7a da mente e do cora\u00e7\u00e3o, de transformar a pr\u00f3pria vida. A mudan\u00e7a acontece quando temos coragem de parar\u00a0para escutar a dor do pr\u00f3prio cora\u00e7\u00e3o, libertando-nos da viol\u00eancia que parece hospedar-se em n\u00f3s, quase de forma gen\u00e9tica. Pessoalmente, ou em comunidade, a convers\u00e3o \u00e9 necess\u00e1ria e poss\u00edvel. E Deus aprecia os cora\u00e7\u00f5es contritos que recuperam a pr\u00f3pria verdade. Reconhecer os pr\u00f3prios\u00a0erros \u00e9 o in\u00edcio do\u00a0caminho\u00a0da\u00a0salva\u00e7\u00e3o.<\/span><span data-ccp-props=\"{&quot;201341983&quot;:0,&quot;335551550&quot;:6,&quot;335551620&quot;:6,&quot;335559740&quot;:240}\">\u00a0<\/span><\/p>\n<p style=\"text-align: justify;\"><span data-contrast=\"auto\">Com\u00a0as suas l\u00f3gicas de guerras e de divis\u00f5es, o mundo se empenha ao m\u00e1ximo para fazer acreditar que a convers\u00e3o n\u00e3o \u00e9 poss\u00edvel, porque a mente e o cora\u00e7\u00e3o seriam duros como a rocha\u00a0e estariam imunes ao amor, \u00e0 compaix\u00e3o e \u00e0\u00a0miseric\u00f3rdia de Deus. \u00c9,\u00a0na verdade,\u00a0uma grande mentira.\u00a0Mas corremos o risco de ficar\u00a0presos nessa vis\u00e3o do mundo\u00a0e,\u00a0assim,\u00a0vamos adiante, caminhando na ilus\u00e3o de que nada depende de n\u00f3s: a miss\u00e3o da humanidade seria aquela de adequar-se \u00e0quilo que parece imut\u00e1vel, j\u00e1 decidido, escrito\u00a0e sacramentado\u00a0pelos acontecimentos.\u00a0<\/span><span data-ccp-props=\"{&quot;201341983&quot;:0,&quot;335551550&quot;:6,&quot;335551620&quot;:6,&quot;335559740&quot;:240}\">\u00a0<\/span><\/p>\n<p style=\"text-align: justify;\"><span data-contrast=\"auto\">A miss\u00e3o de Jesus \u00e9 aquela de acordar as consci\u00eancias adormecidas, entorpecidas pela l\u00f3gica do mundo, propagada diariamente. A convers\u00e3o nos d\u00e1 a possibilidade de nos encontrar conosco\u00a0mesmo\u00a0e\u00a0de vermos as coisas de um modo diverso. O esplendor da gl\u00f3ria de Deus\u00a0nos permite\u00a0compreender que a convers\u00e3o \u00e9 um ato livre e pessoal.<\/span><span data-ccp-props=\"{&quot;201341983&quot;:0,&quot;335551550&quot;:6,&quot;335551620&quot;:6,&quot;335559740&quot;:240}\">\u00a0<\/span><\/p>\n<p style=\"text-align: justify;\"><span data-contrast=\"auto\">Podemos abrir a porta da nossa pris\u00e3o\u00a0interior\u00a0somente do\u00a0lado de dentro, porque a chave somos n\u00f3s que a temos. A convers\u00e3o\u00a0\u00e9 uma lenta opera\u00e7\u00e3o de transforma\u00e7\u00e3o. Uma obra de arte plasmada pela Palavra de salva\u00e7\u00e3o do verdadeiro Deus e verdadeiro Homem. Ele forma a Nova Humanidade, n\u2019Ele e em n\u00f3s. Aquilo que Cristo iniciou, nada e ningu\u00e9m jamais poder\u00e1 destruir. Por isso,\u00a0\u00e9 importante\u00a0e necess\u00e1rio\u00a0tomar uma decis\u00e3o\u00a0que envolva\u00a0mente e cora\u00e7\u00e3o,\u00a0para\u00a0levantar-se e iniciar a caminhada de convers\u00e3o,\u00a0proposta pela Quaresma,\u00a0para recuperarmos a nossa dignidade\u00a0humana e divina,\u00a0de filhos e filhas de\u00a0Deus.<\/span><span data-ccp-props=\"{&quot;201341983&quot;:0,&quot;335551550&quot;:6,&quot;335551620&quot;:6,&quot;335559740&quot;:240}\">\u00a0<\/span><\/p>\n<p style=\"text-align: justify;\"><span data-ccp-props=\"{&quot;201341983&quot;:0,&quot;335551550&quot;:6,&quot;335551620&quot;:6,&quot;335559740&quot;:240}\">\u00a0<\/span><\/p>\n<p style=\"text-align: justify;\">\n","protected":false},"excerpt":{"rendered":"<p>Dom Jos\u00e9 Gislon Bispo de Caxias do Sul (RS) &nbsp; Estimados irm\u00e3os e irm\u00e3s em Cristo Jesus! Pela gra\u00e7a de Deus\u00a0iniciamos a Caminhada Quaresmal\u00a0em prepara\u00e7\u00e3o \u00e0 celebra\u00e7\u00e3o da P\u00e1scoa do Senhor Jesus. Mas n\u00e3o poderemos viver plenamente a Quaresma,\u00a0como um tempo\u00a0especial\u00a0marcado pela\u00a0gra\u00e7a\u00a0de Deus,\u00a0para nos regenerarmos f\u00edsica\u00a0e espiritualmente, se n\u00e3o abrirmos as portas do cora\u00e7\u00e3o para &hellip;<\/p>\n<p class=\"read-more\"> <a class=\"\" href=\"https:\/\/www.cnbb.org.br\/quaresma-e-tempo-de-conversao\/\"> <span class=\"screen-reader-text\">Quaresma \u00e9 tempo de convers\u00e3o!\u00a0<\/span> Leia mais &raquo;<\/a><\/p>\n","protected":false},"author":20,"featured_media":0,"comment_status":"closed","ping_status":"closed","sticky":false,"template":"","format":"standard","meta":{"site-sidebar-layout":"default","site-content-layout":"default","ast-global-header-display":"","ast-banner-title-visibility":"","ast-main-header-display":"","ast-hfb-above-header-display":"","ast-hfb-below-header-display":"","ast-hfb-mobile-header-display":"","site-post-title":"","ast-breadcrumbs-content":"","ast-featured-img":"","footer-sml-layout":"","theme-transparent-header-meta":"default","adv-header-id-meta":"","stick-header-meta":"","header-above-stick-meta":"","header-main-stick-meta":"","header-below-stick-meta":""},"categories":[758],"tags":[],"acf":[],"_links":{"self":[{"href":"https:\/\/www.cnbb.org.br\/cnbb-app\/wp\/v2\/posts\/995034"}],"collection":[{"href":"https:\/\/www.cnbb.org.br\/cnbb-app\/wp\/v2\/posts"}],"about":[{"href":"https:\/\/www.cnbb.org.br\/cnbb-app\/wp\/v2\/types\/post"}],"author":[{"embeddable":true,"href":"https:\/\/www.cnbb.org.br\/cnbb-app\/wp\/v2\/users\/20"}],"replies":[{"embeddable":true,"href":"https:\/\/www.cnbb.org.br\/cnbb-app\/wp\/v2\/comments?post=995034"}],"version-history":[{"count":3,"href":"https:\/\/www.cnbb.org.br\/cnbb-app\/wp\/v2\/posts\/995034\/revisions"}],"predecessor-version":[{"id":995037,"href":"https:\/\/www.cnbb.org.br\/cnbb-app\/wp\/v2\/posts\/995034\/revisions\/995037"}],"wp:attachment":[{"href":"https:\/\/www.cnbb.org.br\/cnbb-app\/wp\/v2\/media?parent=995034"}],"wp:term":[{"taxonomy":"category","embeddable":true,"href":"https:\/\/www.cnbb.org.br\/cnbb-app\/wp\/v2\/categories?post=995034"},{"taxonomy":"post_tag","embeddable":true,"href":"https:\/\/www.cnbb.org.br\/cnbb-app\/wp\/v2\/tags?post=995034"}],"curies":[{"name":"wp","href":"https:\/\/api.w.org\/{rel}","templated":true}]}}