{"id":995092,"date":"2026-02-23T09:46:31","date_gmt":"2026-02-23T12:46:31","guid":{"rendered":"https:\/\/www.cnbb.org.br\/?p=995092"},"modified":"2026-02-23T14:00:08","modified_gmt":"2026-02-23T17:00:08","slug":"testemunhas-da-esperanca-no-sangue-dos-martires-a-igreja-se-renova","status":"publish","type":"post","link":"https:\/\/www.cnbb.org.br\/testemunhas-da-esperanca-no-sangue-dos-martires-a-igreja-se-renova\/","title":{"rendered":"\u00a0\u201cTestemunhas da Esperan\u00e7a\u201d &#8211; no sangue dos m\u00e1rtires a Igreja se renova"},"content":{"rendered":"<p style=\"text-align: right;\"><strong>Dom Lucio Nicoletto\u00a0<\/strong><br \/>\n<strong>Bispo da Prelazia de S\u00e3o Felix (MT)\u00a0<\/strong><\/p>\n<p style=\"text-align: justify;\"><span data-ccp-props=\"{&quot;335551550&quot;:6,&quot;335551620&quot;:6,&quot;335559731&quot;:708}\">\u00a0<\/span><\/p>\n<p style=\"text-align: justify;\"><span data-contrast=\"auto\">Louvo e agrade\u00e7o a Deus pelo momento que a nossa Prelazia est\u00e1 vivendo na prepara\u00e7\u00e3o e na articula\u00e7\u00e3o da 8\u00aa Romaria dos M\u00e1rtires da Caminhada. S\u00e3o in\u00fameros os registros de pessoas que estou encontrando nesses \u00faltimos tempos e me perguntam com muita simpatia: \u201c<\/span><i><span data-contrast=\"auto\">Vai ter Romaria esse ano, n\u00e3o vai? J\u00e1 estamos arrumando as malas!<\/span><\/i><span data-contrast=\"auto\">\u201d. Nos olhos e no cora\u00e7\u00e3o de muitos irm\u00e3os e irm\u00e3s de caminhada, resplandece o rosto e o cora\u00e7\u00e3o de uma Igreja que reafirma sua catolicidade como ades\u00e3o ao projeto de amor e de paz proposto por Jesus Cristo, nas sendas da\u00a0historia\u00a0desse nosso mundo. Mas que alegria e esperan\u00e7a\u00a0perceber\u00a0que o testemunho do amor vai para al\u00e9m dos confins da Igreja, derramando-se na vida e no compromisso de tantos e tantas que anunciam Jesus Cristo com sua pr\u00f3pria vida sem pertencer \u00e0 Igreja. Reconhe\u00e7o\u00a0que\u00a0\u00a0a\u00a0Romaria j\u00e1 n\u00e3o \u00e9 mais um\u00a0evento\u00a0s\u00f3 na Prelazia, mas, ultrapassando os confins de nossa igreja local, se espalha pelo mundo todo, atingindo cora\u00e7\u00f5es famintos e sedentos de acolhida, compreens\u00e3o, justi\u00e7a e paz!<\/span><span data-ccp-props=\"{&quot;335551550&quot;:6,&quot;335551620&quot;:6,&quot;335559731&quot;:708}\">\u00a0<\/span><\/p>\n<p style=\"text-align: justify;\"><span data-contrast=\"auto\">A Igreja \u00e9 M\u00e3e e como toda boa m\u00e3e, sabe que o amor se expressa em primeiro lugar escutando cada filho que, por ser\u00a0\u00fanico, precisa\u00a0de aten\u00e7\u00f5es e linguajar espec\u00edficos. A Igreja \u00e9 Mestra e como s\u00e1bia e experiente educadora, busca apontar caminhos e processos para a supera\u00e7\u00e3o das necessidades, ang\u00fastias e afli\u00e7\u00f5es humanas. A experi\u00eancia da Romaria \u00e9\u00a0memoria\u00a0e compromisso.\u00a0Memoria\u00a0de quem lutou por um mundo mais justo a partir da justi\u00e7a de Deus, diferente da dos homens. Compromisso em atualizar esta luta e seus anseios, respondendo aos reais desafios do momento presente. No entanto, percebo que h\u00e1 muitos que ainda n\u00e3o entenderam ou n\u00e3o conseguiram acolher o esp\u00edrito da Romaria. Para melhor acolher e enfrentar isso tudo, vale a pena lembrar algumas palavras do saudoso irm\u00e3o bispo dom Pedro\u00a0Casald\u00e1liga, uma das ra\u00edzes mais valiosas [desse sodal\u00edcio] dessa irmandade:<\/span><span data-ccp-props=\"{&quot;335551550&quot;:6,&quot;335551620&quot;:6,&quot;335559731&quot;:708}\">\u00a0<\/span><\/p>\n<p style=\"text-align: justify;\"><span data-contrast=\"auto\">\u00a0\u201c<\/span><i><span data-contrast=\"auto\">Eu pe\u00e7o a voc\u00eas que n\u00e3o esque\u00e7am os pobres, n\u00e3o esque\u00e7am a op\u00e7\u00e3o pelos pobres. Os pobres se concretizam nos povos ind\u00edgenas, no povo negro, na mulher marginalizada, nos\u00a0sem terra, nos prisioneiros, e nos muitos filhos e\u00a0filhas de Deus proibidos de viver com dignidade e liberdade. N\u00e3o esque\u00e7am o sangue dos m\u00e1rtires. Tem gente, dentro da pr\u00f3pria Igreja, que diz que n\u00e3o vale mais a pena lembrar dos m\u00e1rtires. No dia que n\u00e3o valer mais a pena, a gente pode fechar o Novo testamento, porque Jesus foi um m\u00e1rtir&#8230; N\u00e3o percam a Esperan\u00e7a, n\u00e3o desanimem, pois isso \u00e9 pecado, \u00e9 heresia. Podem nos tirar tudo, menos a Esperan\u00e7a!\u201d.\u00a0<\/span><\/i><span data-ccp-props=\"{&quot;335551550&quot;:6,&quot;335551620&quot;:6,&quot;335559685&quot;:1416}\">\u00a0<\/span><\/p>\n<p style=\"text-align: justify;\"><span data-contrast=\"auto\">Faz eco ao grande padre da Igreja, Tertuliano: \u201c&#8230;\u00a0<\/span><i><span data-contrast=\"auto\">o sangue dos m\u00e1rtires \u00e9 semente de novos\u00a0crist\u00e3os e crist\u00e3s!<\/span><\/i><span data-contrast=\"auto\">\u201d. Claramente a\u00a0referencia\u00a0n\u00e3o tanto na dimens\u00e3o num\u00e9rica, mas na dimens\u00e3o existencial. Somos renovados pelo amor de Cristo, o primeiro dos m\u00e1rtires. S\u00f3 assim, deixando-nos renovar pelo amor-<\/span><i><span data-contrast=\"auto\">martirial<\/span><\/i><span data-contrast=\"auto\">\u00a0de Jesus, temos for\u00e7a e fidelidade para levar adiante o seu projeto de amor, o projeto do Reino.\u00a0<\/span><span data-ccp-props=\"{&quot;335551550&quot;:6,&quot;335551620&quot;:6,&quot;335559731&quot;:708}\">\u00a0<\/span><\/p>\n<p style=\"text-align: justify;\"><span data-contrast=\"auto\">S\u00e3o 40 anos de caminhada desde que a igreja particular do Vale do Araguaia-Xingu quis honrar a mem\u00f3ria do saudoso padre Jo\u00e3o Bosco\u00a0Burnier\u00a0\u2013 esse ano comemorando 50 anos de seu mart\u00edrio, juntamente com o do padre Rodolfo e do Sim\u00e3o Bororo. Veio se criando assim o espa\u00e7o afetivo e efetivo de um tempo para guardar, cultivar e celebrar a mem\u00f3ria de tantos homens e mulheres que ao longo da hist\u00f3ria da caminhada da igreja e dos povos da Am\u00e9rica Latina\u00a0escolheram de testemunhar, at\u00e9 as \u00faltimas consequ\u00eancias, os valores do reino e da boa nova de Jesus Cristo. Nessa perspectiva, a Romaria dos M\u00e1rtires da Caminhada pertence a todos e todas os que se reconhecem e partilham desse projeto de vida plena para todos, pois \u00e9 pr\u00f3prio de cada\u00a0batizado e batizada\u00a0configurar a pr\u00f3pria vida e miss\u00e3o \u00e0 vida de Cristo, fonte de toda a\u00a0<\/span><i><span data-contrast=\"auto\">martiria<\/span><\/i><span data-contrast=\"auto\">, de amor, justi\u00e7a e paz. Decorrente dessa din\u00e2mica \u00e9 a\u00a0<\/span><i><span data-contrast=\"auto\">espiritualidade\u00a0martirial<\/span><\/i><span data-contrast=\"auto\">\u00a0que marca a proposta da Romaria como dimens\u00e3o espiritual que d\u00e1 rosto e consist\u00eancia \u00e0 nossa presen\u00e7a de disc\u00edpulos e disc\u00edpulas de Jesus Cristo.<\/span><span data-ccp-props=\"{&quot;335551550&quot;:6,&quot;335551620&quot;:6,&quot;335559731&quot;:708}\">\u00a0<\/span><\/p>\n<p style=\"text-align: justify;\"><span data-contrast=\"auto\">Como experi\u00eancia coletiva e eclesial, ningu\u00e9m pode se dela para o seu interesse ou ideologia, manipulando este tesouro precioso oferecido por Cristo para outros fins que sejam diferentes do prop\u00f3sito inicial e fundamental. Ou seja, acolher, defender, promover e celebrar a vida em todas as suas express\u00f5es. Sabemos que j\u00e1 mudaram muitas coisas em nossa sociedade, em nossa igreja, ao longo da caminhada destes 40 anos de Romarias. Percebemos hoje, mais do que nunca, que precisamos de\u00a0<\/span><i><span data-contrast=\"auto\">odres novos<\/span><\/i><span data-contrast=\"auto\">\u00a0para um vinho que \u00e9 sempre novo, o vinho da esperan\u00e7a, que vem do Evangelho de Cristo e do testemunho dos m\u00e1rtires da caminhada. \u00c0s vezes reconhecemos que somos tentados pelos saudosismos de formas de manifesta\u00e7\u00e3o de nossa f\u00e9 e compromisso com as causas do reino, que fazem parte de um passado que n\u00e3o existe mais.\u00a0\u00c8\u00a0compreens\u00edvel. Mas \u00e9 da natureza de uma espiritualidade verdadeiramente encarnada aprender a escutar os sinais dos tempos, a partir do ch\u00e3o que pisamos e dos cora\u00e7\u00f5es que encontramos.\u00a0<\/span><span data-ccp-props=\"{&quot;335551550&quot;:6,&quot;335551620&quot;:6,&quot;335559731&quot;:708}\">\u00a0<\/span><\/p>\n<p style=\"text-align: justify;\"><span data-contrast=\"auto\">Fa\u00e7o votos que essa nova jornada de f\u00e9, devo\u00e7\u00e3o e compromisso em prepara\u00e7\u00e3o da 8\u00aa Romaria dos M\u00e1rtires da Caminhada nos ajude a estreitarmos la\u00e7os, mais do que criar divis\u00f5es; a incentivar cada vez mais a l\u00f3gica do di\u00e1logo e do respeito, mais do que a l\u00f3gica da presun\u00e7\u00e3o arrogante e prepotente dentro e fora da igreja, para que possamos juntos, em comunh\u00e3o, apressar a realiza\u00e7\u00e3o de novos c\u00e9us e uma nova terra, onde reine o amor, a justi\u00e7a e a paz que Cristo trouxe para n\u00f3s com sua\u00a0<\/span><i><span data-contrast=\"auto\">martiria<\/span><\/i><span data-contrast=\"auto\">\u00a0pascal.\u00a0<\/span><span data-ccp-props=\"{&quot;335551550&quot;:6,&quot;335551620&quot;:6,&quot;335559731&quot;:708}\">\u00a0<\/span><\/p>\n<p style=\"text-align: justify;\"><span data-contrast=\"auto\">Abra\u00e7os fraternos a todos e todas.<\/span><\/p>\n","protected":false},"excerpt":{"rendered":"<p>Dom Lucio Nicoletto\u00a0 Bispo da Prelazia de S\u00e3o Felix (MT)\u00a0 \u00a0 Louvo e agrade\u00e7o a Deus pelo momento que a nossa Prelazia est\u00e1 vivendo na prepara\u00e7\u00e3o e na articula\u00e7\u00e3o da 8\u00aa Romaria dos M\u00e1rtires da Caminhada. S\u00e3o in\u00fameros os registros de pessoas que estou encontrando nesses \u00faltimos tempos e me perguntam com muita simpatia: \u201cVai &hellip;<\/p>\n<p class=\"read-more\"> <a class=\"\" href=\"https:\/\/www.cnbb.org.br\/testemunhas-da-esperanca-no-sangue-dos-martires-a-igreja-se-renova\/\"> <span class=\"screen-reader-text\">\u00a0\u201cTestemunhas da Esperan\u00e7a\u201d &#8211; no sangue dos m\u00e1rtires a Igreja se renova<\/span> Leia mais &raquo;<\/a><\/p>\n","protected":false},"author":3739,"featured_media":0,"comment_status":"closed","ping_status":"closed","sticky":false,"template":"","format":"standard","meta":{"site-sidebar-layout":"default","site-content-layout":"default","ast-global-header-display":"","ast-banner-title-visibility":"","ast-main-header-display":"","ast-hfb-above-header-display":"","ast-hfb-below-header-display":"","ast-hfb-mobile-header-display":"","site-post-title":"","ast-breadcrumbs-content":"","ast-featured-img":"","footer-sml-layout":"","theme-transparent-header-meta":"default","adv-header-id-meta":"","stick-header-meta":"","header-above-stick-meta":"","header-main-stick-meta":"","header-below-stick-meta":""},"categories":[758],"tags":[],"acf":[],"_links":{"self":[{"href":"https:\/\/www.cnbb.org.br\/cnbb-app\/wp\/v2\/posts\/995092"}],"collection":[{"href":"https:\/\/www.cnbb.org.br\/cnbb-app\/wp\/v2\/posts"}],"about":[{"href":"https:\/\/www.cnbb.org.br\/cnbb-app\/wp\/v2\/types\/post"}],"author":[{"embeddable":true,"href":"https:\/\/www.cnbb.org.br\/cnbb-app\/wp\/v2\/users\/3739"}],"replies":[{"embeddable":true,"href":"https:\/\/www.cnbb.org.br\/cnbb-app\/wp\/v2\/comments?post=995092"}],"version-history":[{"count":3,"href":"https:\/\/www.cnbb.org.br\/cnbb-app\/wp\/v2\/posts\/995092\/revisions"}],"predecessor-version":[{"id":995123,"href":"https:\/\/www.cnbb.org.br\/cnbb-app\/wp\/v2\/posts\/995092\/revisions\/995123"}],"wp:attachment":[{"href":"https:\/\/www.cnbb.org.br\/cnbb-app\/wp\/v2\/media?parent=995092"}],"wp:term":[{"taxonomy":"category","embeddable":true,"href":"https:\/\/www.cnbb.org.br\/cnbb-app\/wp\/v2\/categories?post=995092"},{"taxonomy":"post_tag","embeddable":true,"href":"https:\/\/www.cnbb.org.br\/cnbb-app\/wp\/v2\/tags?post=995092"}],"curies":[{"name":"wp","href":"https:\/\/api.w.org\/{rel}","templated":true}]}}