{"id":995247,"date":"2026-02-26T12:56:03","date_gmt":"2026-02-26T15:56:03","guid":{"rendered":"https:\/\/www.cnbb.org.br\/?p=995247"},"modified":"2026-02-26T12:56:37","modified_gmt":"2026-02-26T15:56:37","slug":"segundo-domingo-da-quaresma-5","status":"publish","type":"post","link":"https:\/\/www.cnbb.org.br\/segundo-domingo-da-quaresma-5\/","title":{"rendered":"Segundo Domingo da\u00a0Quaresma"},"content":{"rendered":"<p style=\"text-align: right;\"><b><span data-contrast=\"auto\">Dom Carmo Jo\u00e3o Rhoden<\/span><\/b><span data-ccp-props=\"{&quot;201341983&quot;:0,&quot;335551550&quot;:2,&quot;335551620&quot;:2,&quot;335559739&quot;:160,&quot;335559740&quot;:259}\"><br \/>\n<\/span><b><span data-contrast=\"auto\">Bispo Em\u00e9rito de Taubat\u00e9 (SP)<\/span><\/b><span data-ccp-props=\"{&quot;201341983&quot;:0,&quot;335551550&quot;:2,&quot;335551620&quot;:2,&quot;335559739&quot;:160,&quot;335559740&quot;:259}\">\u00a0<\/span><\/p>\n<p style=\"text-align: justify;\"><b><span data-contrast=\"auto\"><\/p>\n<p>Segundo Domingo da\u00a0Quaresma.\u00a001\/03\/26.\u00a0(Mt\u00a017,1-9)<\/span><\/b><span data-ccp-props=\"{&quot;201341983&quot;:0,&quot;335551550&quot;:2,&quot;335551620&quot;:2,&quot;335559739&quot;:160,&quot;335559740&quot;:259}\">\u00a0<\/span><\/p>\n<p style=\"text-align: justify;\"><b><i><span data-contrast=\"auto\">Texto\u00a0Referencial: E da nuvem uma voz dizia:\u00a0\u201cEste \u00e9 o meu filho amado, no qual eu pus todo o meu agrado. Escutai-o&#8221;. (Mt\u00a017,5b)<\/span><\/i><\/b><span data-ccp-props=\"{&quot;201341983&quot;:0,&quot;335551550&quot;:2,&quot;335551620&quot;:2,&quot;335559739&quot;:160,&quot;335559740&quot;:259}\">\u00a0<\/span><\/p>\n<p style=\"text-align: justify;\"><span data-ccp-props=\"{&quot;201341983&quot;:0,&quot;335551550&quot;:6,&quot;335551620&quot;:6,&quot;335559739&quot;:160,&quot;335559740&quot;:259}\">\u00a0<\/span><\/p>\n<p style=\"text-align: justify;\"><span data-contrast=\"auto\">1\u00a0\u2013\u00a0Os tempos lit\u00fargicos anunciados e vividos pela\u00a0Igreja, s\u00e3o momentos especiais de introspec\u00e7\u00e3o, circunspec\u00e7\u00e3o e de prospec\u00e7\u00e3o como tamb\u00e9m de convers\u00e3o a Cristo e de mudan\u00e7as de atitudes: Renova\u00e7\u00e3o. Somos pecadores, mesmo que criados por Deus mesmo que Deus nos tenha criado bons e justos. O pecado uma vez cometido logo se multiplicou: Ad\u00e3o acusou Eva, esta acusou a serpente. Caim matou Abel\u00a0e o dil\u00favio multiplicou mortes pelo mundo. 1.1 E hoje basta ver e pensar um pouco. Quantos feminic\u00eddios, fratric\u00eddios, abortos, agressividades, roubos, guerras, fome e mis\u00e9ria. H\u00e1 quem conclua: Para outros ainda a vida n\u00e3o tem mais sentido. A vida humana parece ter se tornado um verdadeiro mist\u00e9rio.<\/span><span data-ccp-props=\"{&quot;201341983&quot;:0,&quot;335551550&quot;:6,&quot;335551620&quot;:6,&quot;335559739&quot;:160,&quot;335559740&quot;:360}\">\u00a0<\/span><\/p>\n<p style=\"text-align: justify;\"><span data-contrast=\"auto\">2\u00a0\u2013\u00a0Por isso \u00e9 preciso subir na vida hoje, mas com Jesus, que outrora, convidou a tr\u00eas disc\u00edpulos, para subirem com ele a montanha, onde ent\u00e3o se transfigurou diante deles, para mostrar-lhes sua divindade e que nada tinham a temer na vida, pois\u00a0Ele, era e ainda \u00e9 o Senhor de tudo e de todos, mesmo que as nuvens continuem espessas, escuras e at\u00e9 amea\u00e7adoras.<\/span><span data-ccp-props=\"{&quot;201341983&quot;:0,&quot;335551550&quot;:6,&quot;335551620&quot;:6,&quot;335559739&quot;:160,&quot;335559740&quot;:360}\">\u00a0<\/span><\/p>\n<p style=\"text-align: justify;\"><span data-contrast=\"auto\">3\u00a0\u2013\u00a0Jesus se transfigurou, mostrando que era \u201co\u00a0Filho de Deus\u201d. &#8220;O Senhor&#8221;. N\u00e3o devemos, portanto, temer. O medo, \u00e0s vezes \u00e9 falta de\u00a0coragem,\u00a0outras vezes,\u00a0no entanto \u00e9 falta de f\u00e9 e confian\u00e7a em Deus. Em si mesmo, n\u00e3o?\u00a0sim, muitas vezes \u00e9. Jesus, no caso se aproximou deles e tocando-os, lhes disse: &#8220;N\u00e3o temais&#8221;.\u00a0Jesus n\u00e3o mudou e n\u00f3s???<\/span><span data-ccp-props=\"{&quot;201341983&quot;:0,&quot;335551550&quot;:6,&quot;335551620&quot;:6,&quot;335559739&quot;:160,&quot;335559740&quot;:360}\">\u00a0<\/span><\/p>\n<p style=\"text-align: justify;\"><span data-contrast=\"auto\">4\u00a0\u2013\u00a0As nuvens nem sempre s\u00e3o amea\u00e7as de trovoadas.\u00a0Podem ser tamb\u00e9m sinal de presen\u00e7a de Deus.\u00a0Elas,\u00a0s\u00e3o ent\u00e3o sinais do mist\u00e9rio.\u00a0Do inef\u00e1vel, do\u00a0todo-poderoso.\u00a0S\u00e3o reveladoras ent\u00e3o, das inten\u00e7\u00f5es e das revela\u00e7\u00f5es de Deus.\u00a0No caso, Deus\u00a0Pai abonou a atitude de Jesus afirmando:\u00a0&#8221; Este \u00e9 meu filho muito amado;\u00a0Ouviu&#8221;.\u00a0O Antigo testamento tamb\u00e9m se mostrou presente, atrav\u00e9s de Mois\u00e9s e de Elias, que dialogavam com ele\u00a0(Jesus).\u00a0Ouviu-o: foi\u00a0a ordem ent\u00e3o recebida.\u00a0Eles obedeceram!\u00a0E n\u00f3s hoje?\u00a0Ao\u00a0menos\u00a0n\u00f3s crist\u00e3os?\u00a0respondei-me, v\u00f3s.<\/span><span data-ccp-props=\"{&quot;201341983&quot;:0,&quot;335551550&quot;:6,&quot;335551620&quot;:6,&quot;335559739&quot;:160,&quot;335559740&quot;:360}\">\u00a0<\/span><\/p>\n<p style=\"text-align: justify;\">\n","protected":false},"excerpt":{"rendered":"<p>Dom Carmo Jo\u00e3o Rhoden Bispo Em\u00e9rito de Taubat\u00e9 (SP)\u00a0 Segundo Domingo da\u00a0Quaresma.\u00a001\/03\/26.\u00a0(Mt\u00a017,1-9)\u00a0 Texto\u00a0Referencial: E da nuvem uma voz dizia:\u00a0\u201cEste \u00e9 o meu filho amado, no qual eu pus todo o meu agrado. Escutai-o&#8221;. (Mt\u00a017,5b)\u00a0 \u00a0 1\u00a0\u2013\u00a0Os tempos lit\u00fargicos anunciados e vividos pela\u00a0Igreja, s\u00e3o momentos especiais de introspec\u00e7\u00e3o, circunspec\u00e7\u00e3o e de prospec\u00e7\u00e3o como tamb\u00e9m de convers\u00e3o &hellip;<\/p>\n<p class=\"read-more\"> <a class=\"\" href=\"https:\/\/www.cnbb.org.br\/segundo-domingo-da-quaresma-5\/\"> <span class=\"screen-reader-text\">Segundo Domingo da\u00a0Quaresma<\/span> Leia mais &raquo;<\/a><\/p>\n","protected":false},"author":132,"featured_media":0,"comment_status":"closed","ping_status":"closed","sticky":false,"template":"","format":"standard","meta":{"site-sidebar-layout":"default","site-content-layout":"default","ast-global-header-display":"","ast-banner-title-visibility":"","ast-main-header-display":"","ast-hfb-above-header-display":"","ast-hfb-below-header-display":"","ast-hfb-mobile-header-display":"","site-post-title":"","ast-breadcrumbs-content":"","ast-featured-img":"","footer-sml-layout":"","theme-transparent-header-meta":"default","adv-header-id-meta":"","stick-header-meta":"","header-above-stick-meta":"","header-main-stick-meta":"","header-below-stick-meta":""},"categories":[758],"tags":[],"acf":[],"_links":{"self":[{"href":"https:\/\/www.cnbb.org.br\/cnbb-app\/wp\/v2\/posts\/995247"}],"collection":[{"href":"https:\/\/www.cnbb.org.br\/cnbb-app\/wp\/v2\/posts"}],"about":[{"href":"https:\/\/www.cnbb.org.br\/cnbb-app\/wp\/v2\/types\/post"}],"author":[{"embeddable":true,"href":"https:\/\/www.cnbb.org.br\/cnbb-app\/wp\/v2\/users\/132"}],"replies":[{"embeddable":true,"href":"https:\/\/www.cnbb.org.br\/cnbb-app\/wp\/v2\/comments?post=995247"}],"version-history":[{"count":2,"href":"https:\/\/www.cnbb.org.br\/cnbb-app\/wp\/v2\/posts\/995247\/revisions"}],"predecessor-version":[{"id":995249,"href":"https:\/\/www.cnbb.org.br\/cnbb-app\/wp\/v2\/posts\/995247\/revisions\/995249"}],"wp:attachment":[{"href":"https:\/\/www.cnbb.org.br\/cnbb-app\/wp\/v2\/media?parent=995247"}],"wp:term":[{"taxonomy":"category","embeddable":true,"href":"https:\/\/www.cnbb.org.br\/cnbb-app\/wp\/v2\/categories?post=995247"},{"taxonomy":"post_tag","embeddable":true,"href":"https:\/\/www.cnbb.org.br\/cnbb-app\/wp\/v2\/tags?post=995247"}],"curies":[{"name":"wp","href":"https:\/\/api.w.org\/{rel}","templated":true}]}}