{"id":995266,"date":"2026-02-27T08:57:54","date_gmt":"2026-02-27T11:57:54","guid":{"rendered":"https:\/\/www.cnbb.org.br\/?p=995266"},"modified":"2026-02-27T08:58:57","modified_gmt":"2026-02-27T11:58:57","slug":"segundo-domingo-da-quaresma-6","status":"publish","type":"post","link":"https:\/\/www.cnbb.org.br\/segundo-domingo-da-quaresma-6\/","title":{"rendered":"Segundo domingo da Quaresma\u00a0"},"content":{"rendered":"<p style=\"text-align: right;\"><b><span data-contrast=\"auto\">Cardeal Orani Jo\u00e3o Tempesta<\/span><\/b><span data-ccp-props=\"{&quot;201341983&quot;:0,&quot;335551550&quot;:3,&quot;335551620&quot;:3,&quot;335559739&quot;:160,&quot;335559740&quot;:278}\"><br \/>\n<\/span><b><span data-contrast=\"auto\">Arcebispo do Rio de Janeiro (RJ)<\/span><\/b><span data-ccp-props=\"{&quot;201341983&quot;:0,&quot;335551550&quot;:3,&quot;335551620&quot;:3,&quot;335559739&quot;:160,&quot;335559740&quot;:278}\">\u00a0<\/span><\/p>\n<p style=\"text-align: justify;\"><span data-ccp-props=\"{&quot;201341983&quot;:0,&quot;335551550&quot;:2,&quot;335551620&quot;:2,&quot;335559739&quot;:160,&quot;335559740&quot;:278}\">\u00a0<\/span><\/p>\n<p style=\"text-align: justify;\"><span data-contrast=\"auto\">No primeiro domingo da Quaresma, meditamos sobre as tenta\u00e7\u00f5es de Jesus. O Senhor, no deserto, lutando contra o diabo, convidava-nos ao combate espiritual, pr\u00f3prio do\u00a0tempo do\u00a0deserto quaresmal. Sim, porque \u00e9 isso que o tempo santo que estamos vivendo deseja ser: tempo de retiro no deserto do cora\u00e7\u00e3o para combater nossos dem\u00f4nios interiores e, pela ora\u00e7\u00e3o, pela penit\u00eancia, pela caridade fraterna, pela escuta da Palavra de Deus e pela reconcilia\u00e7\u00e3o sacramental, caminharmos para a santa P\u00e1scoa.<\/span><span data-ccp-props=\"{&quot;201341983&quot;:0,&quot;335551550&quot;:6,&quot;335551620&quot;:6,&quot;335559731&quot;:708,&quot;335559739&quot;:160,&quot;335559740&quot;:278}\">\u00a0<\/span><\/p>\n<p style=\"text-align: justify;\"><span data-contrast=\"auto\">Na liturgia deste domingo, ladeado por Mois\u00e9s e Elias \u2014 que tamb\u00e9m enfrentaram, durante quarenta dias e quarenta noites, o combate no deserto para experimentarem o fulgor da gl\u00f3ria de Deus \u2014, Jesus nos mostra qual \u00e9 a finalidade do nosso caminho quaresmal; Jesus nos revela\u00a0aonde\u00a0nos leva nosso combate espiritual.<\/span><span data-ccp-props=\"{&quot;201341983&quot;:0,&quot;335551550&quot;:6,&quot;335551620&quot;:6,&quot;335559731&quot;:708,&quot;335559739&quot;:160,&quot;335559740&quot;:278}\">\u00a0<\/span><\/p>\n<p style=\"text-align: justify;\"><span data-contrast=\"auto\">Ao olharmos um pouco o contexto do Evangelho da Transfigura\u00e7\u00e3o, observamos que Jesus havia anunciado aos seus que\u00a0<\/span><i><span data-contrast=\"auto\">\u201c\u00e9 necess\u00e1rio que o Filho do Homem pade\u00e7a muitas coisas, seja rejeitado pelos anci\u00e3os, pelos pr\u00edncipes dos sacerdotes e pelos escribas; \u00e9 necess\u00e1rio que seja levado \u00e0 morte e ressuscite ao terceiro dia\u201d<\/span><\/i><span data-contrast=\"auto\">\u00a0(Lc\u00a09,22; cf.\u00a0Mt\u00a016,21). Ele havia falado tamb\u00e9m que, se algu\u00e9m o quisesse seguir, deveria tomar a sua cruz (cf.\u00a0Mt\u00a016,24). Por outro lado, alguns disc\u00edpulos esperavam um messias pol\u00edtico que vencesse, pela for\u00e7a de um ex\u00e9rcito dominador, o poder dos romanos, de cujo jugo desejavam ver-se livres.<\/span><span data-ccp-props=\"{&quot;201341983&quot;:0,&quot;335551550&quot;:6,&quot;335551620&quot;:6,&quot;335559731&quot;:708,&quot;335559739&quot;:160,&quot;335559740&quot;:278}\">\u00a0<\/span><\/p>\n<p style=\"text-align: justify;\"><span data-contrast=\"auto\">Detenhamo-nos um pouco no\u00a0Tabor\u00a0do Evangelho hodierno. Ele \u00e9 pren\u00fancio, uma misteriosa antecipa\u00e7\u00e3o da ressurrei\u00e7\u00e3o. Com sua bendita Transfigura\u00e7\u00e3o, Jesus deseja preparar os seus para as dores da Paix\u00e3o \u2014 do mesmo modo que a Igreja deseja nos alentar e motivar para as ren\u00fancias e observ\u00e2ncias quaresmais. Por isso mesmo, Pedro, Tiago e Jo\u00e3o \u2014 os tr\u00eas que est\u00e3o no\u00a0Tabor\u00a0\u2014 s\u00e3o os mesmos que estar\u00e3o no Jardim das Oliveiras. Por isso tamb\u00e9m o Evangelho de hoje termina com uma alus\u00e3o \u00e0 ressurrei\u00e7\u00e3o de Jesus dentre os mortos, e o relato da Transfigura\u00e7\u00e3o em Lucas afirma que\u00a0<\/span><i><span data-contrast=\"auto\">\u201cJesus falava de sua partida, que iria consumar-se em Jerusal\u00e9m\u201d\u00a0<\/span><\/i><span data-contrast=\"auto\">(Lc\u00a09,31).<\/span><span data-ccp-props=\"{&quot;201341983&quot;:0,&quot;335551550&quot;:6,&quot;335551620&quot;:6,&quot;335559731&quot;:708,&quot;335559739&quot;:160,&quot;335559740&quot;:278}\">\u00a0<\/span><\/p>\n<p style=\"text-align: justify;\"><span data-contrast=\"auto\">Eis que Mois\u00e9s e Elias \u2014 a Lei e os Profetas \u2014 d\u00e3o testemunho da Paix\u00e3o do Senhor: tudo estava no misterioso des\u00edgnio de Deus! Ap\u00f3s a ressurrei\u00e7\u00e3o, isso ficar\u00e1 claro:\u00a0<\/span><i><span data-contrast=\"auto\">\u201c\u2018N\u00e3o era preciso que o Cristo sofresse tudo\u00a0isso e entrasse em sua gl\u00f3ria?\u2019 E, come\u00e7ando por Mois\u00e9s e por todos os Profetas,\u00a0interpretou-lhes, em todas as Escrituras, o que a Ele dizia respeito\u201d<\/span><\/i><span data-contrast=\"auto\">\u00a0(Lc\u00a024,26-27). Eis que mist\u00e9rio: a Lei (Mois\u00e9s) e os Profetas (Elias) d\u00e3o testemunho de Jesus e aparecem iluminados por Ele. Somente nele, na luz da sua cruz e ressurrei\u00e7\u00e3o, o Antigo Testamento encontra sua plenitude e sua luz!<\/span><span data-ccp-props=\"{&quot;201341983&quot;:0,&quot;335551550&quot;:6,&quot;335551620&quot;:6,&quot;335559731&quot;:708,&quot;335559739&quot;:160,&quot;335559740&quot;:278}\">\u00a0<\/span><\/p>\n<p style=\"text-align: justify;\"><span data-contrast=\"auto\">A Transfigura\u00e7\u00e3o do Senhor \u00e9 um consolo. De fato, dizia S\u00e3o Le\u00e3o Magno que \u201co fim principal da Transfigura\u00e7\u00e3o foi desterrar das almas dos disc\u00edpulos o esc\u00e2ndalo da Cruz\u201d; trata-se de uma \u201cgota de mel\u201d no meio dos sofrimentos. A Transfigura\u00e7\u00e3o ficou t\u00e3o gravada na mente dos tr\u00eas ap\u00f3stolos que estavam com Jesus que, anos mais tarde, S\u00e3o Pedro lembrar-se-ia deste fato na sua segunda ep\u00edstola:\u00a0<\/span><i><span data-contrast=\"auto\">\u201cEste \u00e9 o meu Filho muito amado, em quem tenho posto todo o meu afeto\u201d<\/span><\/i><span data-contrast=\"auto\">.\u00a0<\/span><i><span data-contrast=\"auto\">\u201cEsta mesma voz, que vinha do c\u00e9u, n\u00f3s a ouvimos quando est\u00e1vamos com Ele no monte santo\u201d<\/span><\/i><span data-contrast=\"auto\">\u00a0(2Pd 1,17-18).<\/span><span data-ccp-props=\"{&quot;201341983&quot;:0,&quot;335551550&quot;:6,&quot;335551620&quot;:6,&quot;335559731&quot;:708,&quot;335559739&quot;:160,&quot;335559740&quot;:278}\">\u00a0<\/span><\/p>\n<p style=\"text-align: justify;\"><span data-contrast=\"auto\">Ele, Jesus, continua dando-nos consolo \u2014 quando necess\u00e1rio \u2014 para podermos continuar caminhando e para que nunca desistamos. \u00c9 preciso que fa\u00e7amos muitos atos de esperan\u00e7a, virtude muito importante para todos os membros desse estado da Igreja que chamamos de \u201cmilitante\u201d. Somos os que combatem e somos combatidos; a nossa for\u00e7a vem do Senhor, e nele n\u00f3s esperamos.<\/span><span data-ccp-props=\"{&quot;201341983&quot;:0,&quot;335551550&quot;:6,&quot;335551620&quot;:6,&quot;335559731&quot;:708,&quot;335559739&quot;:160,&quot;335559740&quot;:278}\">\u00a0<\/span><\/p>\n<p style=\"text-align: justify;\"><span data-contrast=\"auto\">Os disc\u00edpulos da Transfigura\u00e7\u00e3o s\u00e3o os mesmos do Monte das Oliveiras; os da alegria s\u00e3o tamb\u00e9m os da agonia. \u00c9 preciso acompanhar o Senhor em suas alegrias e em suas dores. As alegrias preparam-nos para o sofrimento, e o sofrimento por e com Jesus d\u00e1-nos alegria. Os disc\u00edpulos, que estavam desanimados diante do Mist\u00e9rio da Cruz, s\u00e3o consolados por Jesus na Transfigura\u00e7\u00e3o e preparados para os acontecimentos vindouros, como, por exemplo, o terr\u00edvel sofrimento que Ele padecer\u00e1 no Gets\u00eamani. Vale a pena segui-Lo, certamente.<\/span><span data-ccp-props=\"{&quot;201341983&quot;:0,&quot;335551550&quot;:6,&quot;335551620&quot;:6,&quot;335559731&quot;:708,&quot;335559739&quot;:160,&quot;335559740&quot;:278}\">\u00a0<\/span><\/p>\n<p style=\"text-align: justify;\"><span data-contrast=\"auto\">Contudo, o Evangelho da Transfigura\u00e7\u00e3o nos diz que temos que viver\u00a0<\/span><i><span data-contrast=\"auto\">\u201ctotalmente no c\u00e9u e totalmente na terra\u201d<\/span><\/i><span data-contrast=\"auto\">. Isso significa que, enquanto temos a cabe\u00e7a e o cora\u00e7\u00e3o totalmente em Deus, os nossos p\u00e9s devem estar bem apoiados na terra. E, tendo os p\u00e9s em terra firme, em meio \u00e0s nossas ocupa\u00e7\u00f5es, n\u00e3o nos esque\u00e7amos do Senhor.\u00a0<\/span><i><span data-contrast=\"auto\">\u201cCora\u00e7\u00f5es ao alto\u201d<\/span><\/i><span data-contrast=\"auto\">, diz o sacerdote em cada Santa Missa. N\u00f3s respondemos dizendo que\u00a0<\/span><i><span data-contrast=\"auto\">\u201co nosso cora\u00e7\u00e3o est\u00e1 em Deus\u201d<\/span><\/i><span data-contrast=\"auto\">. Mas o nosso cora\u00e7\u00e3o est\u00e1 realmente em Deus? N\u00e3o somente durante a Missa, mas tamb\u00e9m nos outros momentos, nas vinte e quatro horas do dia.<\/span><span data-ccp-props=\"{&quot;201341983&quot;:0,&quot;335551550&quot;:6,&quot;335551620&quot;:6,&quot;335559731&quot;:708,&quot;335559739&quot;:160,&quot;335559740&quot;:278}\">\u00a0<\/span><\/p>\n<p style=\"text-align: justify;\"><span data-ccp-props=\"{&quot;201341983&quot;:0,&quot;335551550&quot;:6,&quot;335551620&quot;:6,&quot;335559731&quot;:708,&quot;335559739&quot;:160,&quot;335559740&quot;:278}\">\u00a0<\/span><\/p>\n","protected":false},"excerpt":{"rendered":"<p>Cardeal Orani Jo\u00e3o Tempesta Arcebispo do Rio de Janeiro (RJ)\u00a0 \u00a0 No primeiro domingo da Quaresma, meditamos sobre as tenta\u00e7\u00f5es de Jesus. O Senhor, no deserto, lutando contra o diabo, convidava-nos ao combate espiritual, pr\u00f3prio do\u00a0tempo do\u00a0deserto quaresmal. Sim, porque \u00e9 isso que o tempo santo que estamos vivendo deseja ser: tempo de retiro no &hellip;<\/p>\n<p class=\"read-more\"> <a class=\"\" href=\"https:\/\/www.cnbb.org.br\/segundo-domingo-da-quaresma-6\/\"> <span class=\"screen-reader-text\">Segundo domingo da Quaresma\u00a0<\/span> Leia mais &raquo;<\/a><\/p>\n","protected":false},"author":31,"featured_media":0,"comment_status":"closed","ping_status":"closed","sticky":false,"template":"","format":"standard","meta":{"site-sidebar-layout":"default","site-content-layout":"default","ast-global-header-display":"","ast-banner-title-visibility":"","ast-main-header-display":"","ast-hfb-above-header-display":"","ast-hfb-below-header-display":"","ast-hfb-mobile-header-display":"","site-post-title":"","ast-breadcrumbs-content":"","ast-featured-img":"","footer-sml-layout":"","theme-transparent-header-meta":"default","adv-header-id-meta":"","stick-header-meta":"","header-above-stick-meta":"","header-main-stick-meta":"","header-below-stick-meta":""},"categories":[758],"tags":[],"acf":[],"_links":{"self":[{"href":"https:\/\/www.cnbb.org.br\/cnbb-app\/wp\/v2\/posts\/995266"}],"collection":[{"href":"https:\/\/www.cnbb.org.br\/cnbb-app\/wp\/v2\/posts"}],"about":[{"href":"https:\/\/www.cnbb.org.br\/cnbb-app\/wp\/v2\/types\/post"}],"author":[{"embeddable":true,"href":"https:\/\/www.cnbb.org.br\/cnbb-app\/wp\/v2\/users\/31"}],"replies":[{"embeddable":true,"href":"https:\/\/www.cnbb.org.br\/cnbb-app\/wp\/v2\/comments?post=995266"}],"version-history":[{"count":2,"href":"https:\/\/www.cnbb.org.br\/cnbb-app\/wp\/v2\/posts\/995266\/revisions"}],"predecessor-version":[{"id":995268,"href":"https:\/\/www.cnbb.org.br\/cnbb-app\/wp\/v2\/posts\/995266\/revisions\/995268"}],"wp:attachment":[{"href":"https:\/\/www.cnbb.org.br\/cnbb-app\/wp\/v2\/media?parent=995266"}],"wp:term":[{"taxonomy":"category","embeddable":true,"href":"https:\/\/www.cnbb.org.br\/cnbb-app\/wp\/v2\/categories?post=995266"},{"taxonomy":"post_tag","embeddable":true,"href":"https:\/\/www.cnbb.org.br\/cnbb-app\/wp\/v2\/tags?post=995266"}],"curies":[{"name":"wp","href":"https:\/\/api.w.org\/{rel}","templated":true}]}}