{"id":995269,"date":"2026-02-27T09:00:53","date_gmt":"2026-02-27T12:00:53","guid":{"rendered":"https:\/\/www.cnbb.org.br\/?p=995269"},"modified":"2026-02-27T09:01:26","modified_gmt":"2026-02-27T12:01:26","slug":"este-e-o-meu-filho-muito-amado-escutai-o","status":"publish","type":"post","link":"https:\/\/www.cnbb.org.br\/este-e-o-meu-filho-muito-amado-escutai-o\/","title":{"rendered":"Este \u00e9 o meu Filho muito amado, escutai-O!\u00a0"},"content":{"rendered":"<p style=\"text-align: right;\"><b><span data-contrast=\"auto\">Dom Anuar Battisti<\/span><\/b><span data-ccp-props=\"{&quot;201341983&quot;:0,&quot;335551550&quot;:2,&quot;335551620&quot;:2,&quot;335559731&quot;:708,&quot;335559739&quot;:160,&quot;335559740&quot;:278}\"><br \/>\n<\/span><b><span data-contrast=\"auto\">Arcebispo Em\u00e9rito de Maring\u00e1 (PR)<\/span><\/b><span data-ccp-props=\"{&quot;201341983&quot;:0,&quot;335551550&quot;:2,&quot;335551620&quot;:2,&quot;335559731&quot;:708,&quot;335559739&quot;:160,&quot;335559740&quot;:278}\">\u00a0<\/span><\/p>\n<p><span data-ccp-props=\"{&quot;201341983&quot;:0,&quot;335551550&quot;:2,&quot;335551620&quot;:2,&quot;335559731&quot;:708,&quot;335559739&quot;:160,&quot;335559740&quot;:278}\">\u00a0<\/span><\/p>\n<p style=\"text-align: justify;\"><span data-contrast=\"auto\">Na segunda etapa do caminho quaresmal, a Palavra de Deus convida-nos a revitalizar a nossa f\u00e9, a escutar a voz de Deus, a pormo-nos a caminho, sem retic\u00eancias nem preven\u00e7\u00f5es, na dire\u00e7\u00e3o que Ele nos indicar. Pode ser que, \u00e0 luz da l\u00f3gica humana, os caminhos que Deus nos aponta pare\u00e7am estranhos e il\u00f3gicos; mas eles conduzem, indubitavelmente, \u00e0 vida verdadeira e eterna.\u00a0Neste Segundo Domingo da Quaresma somos convidados \u00e0 contempla\u00e7\u00e3o da iniciativa divina de revelar-se \u00e0 humanidade! A Revela\u00e7\u00e3o de Deus n\u00e3o \u00e9 fruto de m\u00e9rito humano, mas express\u00e3o de sua miseric\u00f3rdia e de seu desejo de conduzir a pessoa \u00e0 plenitude da vida.<\/span><span data-ccp-props=\"{&quot;201341983&quot;:0,&quot;335551550&quot;:6,&quot;335551620&quot;:6,&quot;335559731&quot;:708,&quot;335559739&quot;:160,&quot;335559740&quot;:278}\">\u00a0<\/span><\/p>\n<p style=\"text-align: justify;\"><span data-contrast=\"auto\">A primeira leitura\u00a0\u2013\u00a0Gn\u00a012,1-4a \u2013\u00a0coloca diante dos nossos olhos aquele que a catequese de Israel considera o \u201cmodelo\u201d do crente: Abra\u00e3o. Depois de ouvir Deus dizer-lhe \u201cp\u00f5e-te a caminho\u201d, Abra\u00e3o deixa tudo, corta todas as amarras e avan\u00e7a rumo ao desconhecido, disposto a abra\u00e7ar todos os desafios que Deus entender apresentar-lhe. A sua obedi\u00eancia \u00e9 total, a sua confian\u00e7a \u00e9 inabal\u00e1vel. A forma como Abra\u00e3o se entrega nas m\u00e3os de Deus interpela e desafia os crentes de todas as \u00e9pocas.\u00a0Abr\u00e3o \u00e9 chamado por Deus a abandonar suas seguran\u00e7as \u2013 terra e fam\u00edlia \u2013 e sair em busca de uma nova terra, onde ser\u00e1 pai na f\u00e9, sejamos atentos \u00e0 Palavra Divina e deixemo-nos guiar por ela, seguindo o caminho que nos indica. O verbo \u201csair\u201d, primeiro imperativo dirigido a Abr\u00e3o, aponta mais para uma disposi\u00e7\u00e3o interior do que para um movimento geogr\u00e1fico. \u00c9 preciso deixar-se conduzir, romper com as seguran\u00e7as humanas e abrir-se ao novo de Deus Essa din\u00e2mica da f\u00e9 alcan\u00e7a a sua plenitude no Evangelho da Transfigura\u00e7\u00e3o.<\/span><span data-ccp-props=\"{&quot;201341983&quot;:0,&quot;335551550&quot;:6,&quot;335551620&quot;:6,&quot;335559731&quot;:708,&quot;335559739&quot;:160,&quot;335559740&quot;:278}\">\u00a0<\/span><\/p>\n<p style=\"text-align: justify;\"><span data-contrast=\"auto\">No Evangelho\u00a0\u2013\u00a0Mt\u00a017,1-9 \u2013\u00a0Jesus pede aos disc\u00edpulos que confiem n\u2019Ele e que ousem\u00a0segui-l\u2019O\u00a0no caminho de Jerusal\u00e9m. Esse caminho, embora passe pela cruz, conduz \u00e0 ressurrei\u00e7\u00e3o, \u00e0 vida nova e eterna. Aos disc\u00edpulos, relutantes e assustados, Deus confirma a verdade da proposta de Jesus: \u201cEste \u00e9 o meu Filho muito amado, no qual pus toda a minha complac\u00eancia. Escutai-O\u201d. Ousaremos tamb\u00e9m n\u00f3s seguir Jesus no caminho de Jerusal\u00e9m?\u00a0No alto da montanha, Jesus revela seu esplendor divino. Sua pr\u00e1tica \u00e9 confirmada pela Lei \u2013 Mois\u00e9s \u2013 e pela Profecia \u2013 Elias \u2013, completando a hist\u00f3ria da salva\u00e7\u00e3o. A voz sa\u00edda da nuvem convida os disc\u00edpulos a escutar Jesus. Ele \u00e9 a presen\u00e7a viva de Deus. Somos todos convidados a \u201csubir a montanha\u201d para transfigurar nossa vida, a fim de transformar a realidade que nos cerca.<\/span><span data-ccp-props=\"{&quot;201341983&quot;:0,&quot;335551550&quot;:6,&quot;335551620&quot;:6,&quot;335559731&quot;:708,&quot;335559739&quot;:160,&quot;335559740&quot;:278}\">\u00a0<\/span><\/p>\n<p style=\"text-align: justify;\"><span data-contrast=\"auto\">Jesus leva consigo tr\u00eas disc\u00edpulos ao monte e, ali, diante dos olhos at\u00f4nitos de Pedro, Tiago e Jo\u00e3o, sua face\u00a0resplandece\u00a0como o sol, e suas vestes tornam-se brancas como a luz. A cena antecipa a gl\u00f3ria da\u00a0Ressurei\u00e7\u00e3o, mas ocorre em um contexto de subida, de esfor\u00e7o e solid\u00e3o. A presen\u00e7a de Mois\u00e9s e Elias simboliza a Lei e os Profetas como dissemos, que convergem para Cristo. A experi\u00eancia luminosa no monte sustenta os disc\u00edpulos diante da escurid\u00e3o do calv\u00e1rio. Contemplar o Cristo transfigurado \u00e9 reconhecer que a gl\u00f3ria n\u00e3o exclui a cruz, mas a atravessa.<\/span><span data-ccp-props=\"{&quot;201341983&quot;:0,&quot;335551550&quot;:6,&quot;335551620&quot;:6,&quot;335559731&quot;:708,&quot;335559739&quot;:160,&quot;335559740&quot;:278}\">\u00a0<\/span><\/p>\n<p style=\"text-align: justify;\"><span data-contrast=\"auto\">Na segunda leitura\u00a0\u2013 2Tm 1,8b-10 \u2013, o autor da Carta a Tim\u00f3teo recorda-nos que Deus conta conosco para sermos, no mundo, arautos da Boa Not\u00edcia da sua salva\u00e7\u00e3o. Talvez isso signifique correr riscos, enfrentar medos, suscitar oposi\u00e7\u00f5es, viver em sobressalto; mas a proposta de Deus n\u00e3o pode ser riscada dos caminhos que a humanidade percorre: tem de ser proclamada de cima dos telhados e chegar ao cora\u00e7\u00e3o de todos os homens.\u00a0Todos recebemos, pelo batismo, uma voca\u00e7\u00e3o \u00e0 santidade, para que nos comprometamos com o projeto de Jesus. A exemplo de Tim\u00f3teo, somos exortados por Paulo a participar do sofrimento de quem proclama o Evangelho.<\/span><span data-ccp-props=\"{&quot;201341983&quot;:0,&quot;335551550&quot;:6,&quot;335551620&quot;:6,&quot;335559731&quot;:708,&quot;335559739&quot;:160,&quot;335559740&quot;:278}\">\u00a0<\/span><\/p>\n<p style=\"text-align: justify;\"><span data-contrast=\"auto\">A liturgia de hoje nos ensina que devemos ouvir mais do que falar. A Quaresma \u00e9 este tempo prop\u00edcio para fugir da onda do barulho e sair da distra\u00e7\u00e3o. S\u00f3 Deus basta e devemos fazer sil\u00eancio para ouvir a voz de Deus. A cena da Transfigura\u00e7\u00e3o de Jesus \u00e9 uma teofania, isto \u00e9, uma manifesta\u00e7\u00e3o divina, cont\u00e9m um ensinamento fundamental: ouvir Jesus. \u201cEste \u00e9 o meu Filho amado, em quem encontro o meu agrado. Ou\u00e7am-no\u201d (Mt\u00a017,5). \u00c9 interessante que a voz ressoou\u00a0no momento em que\u00a0o ap\u00f3stolo Pedro falava. Em vez de ouvir e sentir o mist\u00e9rio, Pedro parecia olhar para a outra dire\u00e7\u00e3o, como se estivesse sendo capturado pelas imagens. N\u00e3o abriu os ouvidos. \u201cSenho, \u00e9 bom estarmos aqui. Se queres, vou fazer aqui tr\u00eas tenda: uma para ti, outra para Mois\u00e9s e outa para Elias\u201d (Mt\u00a017,4). \u00c9 necess\u00e1rio adentrar o mist\u00e9rio em sua profundidade. As exterioridades exageradas podem ofuscar o essencial e desviar nossa aten\u00e7\u00e3o para o sup\u00e9rfluo. Jesus n\u00e3o quer apenas adeptos com pr\u00e1ticas exteriores. Ele quer seguidores aut\u00eanticos, convertidos, com v\u00ednculos, e n\u00e3o somente conex\u00e3o.\u00a0<\/span><span data-ccp-props=\"{&quot;201341983&quot;:0,&quot;335551550&quot;:6,&quot;335551620&quot;:6,&quot;335559731&quot;:708,&quot;335559739&quot;:160,&quot;335559740&quot;:278}\">\u00a0<\/span><\/p>\n<p style=\"text-align: justify;\"><span data-contrast=\"auto\">Hoje, neste tempo favor\u00e1vel, Jesus continua se transfigurando no monte sagrado de nosso cora\u00e7\u00e3o. Deixemos que a sua voz seja ouvida e assimilada em nossa vida e na nossa alma! Que muitas vezes possamos ouvir a voz do Pai: \u201cEste \u00e9 o meu Filho amado, em quem encontro o meu agrado. Ou\u00e7am-no\u201d (Mt\u00a017,5).<\/span><span data-ccp-props=\"{&quot;201341983&quot;:0,&quot;335551550&quot;:6,&quot;335551620&quot;:6,&quot;335559731&quot;:708,&quot;335559739&quot;:160,&quot;335559740&quot;:278}\">\u00a0<\/span><\/p>\n<p><span data-ccp-props=\"{&quot;201341983&quot;:0,&quot;335559739&quot;:160,&quot;335559740&quot;:278}\">\u00a0<\/span><\/p>\n","protected":false},"excerpt":{"rendered":"<p>Dom Anuar Battisti Arcebispo Em\u00e9rito de Maring\u00e1 (PR)\u00a0 \u00a0 Na segunda etapa do caminho quaresmal, a Palavra de Deus convida-nos a revitalizar a nossa f\u00e9, a escutar a voz de Deus, a pormo-nos a caminho, sem retic\u00eancias nem preven\u00e7\u00f5es, na dire\u00e7\u00e3o que Ele nos indicar. Pode ser que, \u00e0 luz da l\u00f3gica humana, os caminhos &hellip;<\/p>\n<p class=\"read-more\"> <a class=\"\" href=\"https:\/\/www.cnbb.org.br\/este-e-o-meu-filho-muito-amado-escutai-o\/\"> <span class=\"screen-reader-text\">Este \u00e9 o meu Filho muito amado, escutai-O!\u00a0<\/span> Leia mais &raquo;<\/a><\/p>\n","protected":false},"author":41,"featured_media":0,"comment_status":"closed","ping_status":"closed","sticky":false,"template":"","format":"standard","meta":{"site-sidebar-layout":"default","site-content-layout":"default","ast-global-header-display":"","ast-banner-title-visibility":"","ast-main-header-display":"","ast-hfb-above-header-display":"","ast-hfb-below-header-display":"","ast-hfb-mobile-header-display":"","site-post-title":"","ast-breadcrumbs-content":"","ast-featured-img":"","footer-sml-layout":"","theme-transparent-header-meta":"default","adv-header-id-meta":"","stick-header-meta":"","header-above-stick-meta":"","header-main-stick-meta":"","header-below-stick-meta":""},"categories":[758],"tags":[],"acf":[],"_links":{"self":[{"href":"https:\/\/www.cnbb.org.br\/cnbb-app\/wp\/v2\/posts\/995269"}],"collection":[{"href":"https:\/\/www.cnbb.org.br\/cnbb-app\/wp\/v2\/posts"}],"about":[{"href":"https:\/\/www.cnbb.org.br\/cnbb-app\/wp\/v2\/types\/post"}],"author":[{"embeddable":true,"href":"https:\/\/www.cnbb.org.br\/cnbb-app\/wp\/v2\/users\/41"}],"replies":[{"embeddable":true,"href":"https:\/\/www.cnbb.org.br\/cnbb-app\/wp\/v2\/comments?post=995269"}],"version-history":[{"count":3,"href":"https:\/\/www.cnbb.org.br\/cnbb-app\/wp\/v2\/posts\/995269\/revisions"}],"predecessor-version":[{"id":995272,"href":"https:\/\/www.cnbb.org.br\/cnbb-app\/wp\/v2\/posts\/995269\/revisions\/995272"}],"wp:attachment":[{"href":"https:\/\/www.cnbb.org.br\/cnbb-app\/wp\/v2\/media?parent=995269"}],"wp:term":[{"taxonomy":"category","embeddable":true,"href":"https:\/\/www.cnbb.org.br\/cnbb-app\/wp\/v2\/categories?post=995269"},{"taxonomy":"post_tag","embeddable":true,"href":"https:\/\/www.cnbb.org.br\/cnbb-app\/wp\/v2\/tags?post=995269"}],"curies":[{"name":"wp","href":"https:\/\/api.w.org\/{rel}","templated":true}]}}