{"id":995337,"date":"2026-03-02T09:14:32","date_gmt":"2026-03-02T12:14:32","guid":{"rendered":"https:\/\/www.cnbb.org.br\/?p=995337"},"modified":"2026-03-02T09:15:34","modified_gmt":"2026-03-02T12:15:34","slug":"a-transfiguracao-luz-no-caminho-da-quaresma","status":"publish","type":"post","link":"https:\/\/www.cnbb.org.br\/a-transfiguracao-luz-no-caminho-da-quaresma\/","title":{"rendered":"A transfigura\u00e7\u00e3o: luz no caminho da Quaresma\u00a0"},"content":{"rendered":"<p style=\"text-align: right;\"><b><span data-contrast=\"auto\">Dom Leomar Brustolin<br \/>\nArcebispo de Santa Maria (RS)<\/p>\n<p><\/span><\/b><\/p>\n<p>&nbsp;<\/p>\n<p style=\"text-align: justify;\"><span data-contrast=\"auto\">No cora\u00e7\u00e3o do caminho quaresmal, a Igreja nos conduz ao alto do monte com Jesus. O Evangelho da Transfigura\u00e7\u00e3o n\u00e3o \u00e9 um desvio da Quaresma, mas uma luz colocada no meio da travessia. Antes de descer para Jerusal\u00e9m, antes da cruz, Jesus sobe ao monte com alguns disc\u00edpulos e lhes permite ver, por um instante, aquilo que normalmente permanece escondido: a gl\u00f3ria que habita sua humanidade\u00a0e que ser\u00e1 plenamente revelada na P\u00e1scoa.<\/span><span data-ccp-props=\"{&quot;134233117&quot;:true,&quot;134233118&quot;:true,&quot;201341983&quot;:0,&quot;335551550&quot;:6,&quot;335551620&quot;:6,&quot;335559740&quot;:240}\">\u00a0<\/span><\/p>\n<p style=\"text-align: justify;\"><span data-contrast=\"auto\">A cena \u00e9 profundamente pedag\u00f3gica. Jesus n\u00e3o se transfigura para fugir da cruz, mas para preparar os disc\u00edpulos para atravess\u00e1-la. A Quaresma \u00e9 exatamente isso: um tempo em que Deus nos concede clar\u00f5es de luz para que n\u00e3o percamos o sentido do caminho quando a noite se torna mais escura.<\/span><span data-ccp-props=\"{&quot;134233117&quot;:true,&quot;134233118&quot;:true,&quot;201341983&quot;:0,&quot;335551550&quot;:6,&quot;335551620&quot;:6,&quot;335559740&quot;:240}\">\u00a0<\/span><\/p>\n<p style=\"text-align: justify;\"><b><span data-contrast=\"auto\">Escutar Jesus de verdade<\/span><\/b><span data-ccp-props=\"{&quot;134233117&quot;:true,&quot;134233118&quot;:true,&quot;201341983&quot;:0,&quot;335551550&quot;:6,&quot;335551620&quot;:6,&quot;335559740&quot;:240}\">\u00a0<\/span><\/p>\n<p style=\"text-align: justify;\"><span data-contrast=\"auto\">No monte, o rosto de Jesus resplandece, suas vestes tornam-se luminosas, e aparecem Mois\u00e9s e Elias, representantes da Lei e dos Profetas. Tudo converge para Ele. A Transfigura\u00e7\u00e3o revela que Jesus \u00e9 o cumprimento da hist\u00f3ria da salva\u00e7\u00e3o e que sua entrega n\u00e3o ser\u00e1 fracasso, mas fidelidade amorosa ao Pai.<\/span><span data-ccp-props=\"{&quot;134233117&quot;:true,&quot;134233118&quot;:true,&quot;201341983&quot;:0,&quot;335551550&quot;:6,&quot;335551620&quot;:6,&quot;335559740&quot;:240}\">\u00a0<\/span><\/p>\n<p style=\"text-align: justify;\"><span data-contrast=\"auto\">Pedro, impressionado, deseja permanecer ali:\u00a0<\/span><i><span data-contrast=\"auto\">\u201cSenhor, \u00e9 bom estarmos aqui\u201d<\/span><\/i><span data-contrast=\"auto\">. \u00c9 uma rea\u00e7\u00e3o compreens\u00edvel. Todos n\u00f3s gostar\u00edamos de ficar nos momentos de consola\u00e7\u00e3o, nas experi\u00eancias luminosas da f\u00e9, longe das dificuldades e das cruzes. Mas a f\u00e9 crist\u00e3 n\u00e3o \u00e9 perman\u00eancia no monte; \u00e9 descer com Jesus para a realidade,\u00a0assumindo a vida concreta com coragem e esperan\u00e7a,\u00a0levando no cora\u00e7\u00e3o a luz que vimos.<\/span><span data-ccp-props=\"{&quot;134233117&quot;:true,&quot;134233118&quot;:true,&quot;201341983&quot;:0,&quot;335551550&quot;:6,&quot;335551620&quot;:6,&quot;335559740&quot;:240}\">\u00a0<\/span><\/p>\n<p style=\"text-align: justify;\"><span data-contrast=\"auto\">A nuvem luminosa envolve os disc\u00edpulos e a voz do Pai se faz ouvir:\u00a0<\/span><i><span data-contrast=\"auto\">\u201cEste \u00e9 o meu Filho amado, no qual eu pus todo o meu agrado. Escutai-o!\u201d<\/span><\/i><span data-contrast=\"auto\">\u00a0Eis o centro da Transfigura\u00e7\u00e3o\u00a0e tamb\u00e9m\u00a0da Quaresma: escutar Jesus. N\u00e3o apenas admir\u00e1-lo, n\u00e3o apenas falar dele, mas escut\u00e1-lo de verdade \u2014 sobretudo quando Ele fala de cruz, de servi\u00e7o, de entrega e de amor at\u00e9 o fim.<\/span><span data-ccp-props=\"{&quot;134233117&quot;:true,&quot;134233118&quot;:true,&quot;201341983&quot;:0,&quot;335551550&quot;:6,&quot;335551620&quot;:6,&quot;335559740&quot;:240}\">\u00a0<\/span><\/p>\n<p style=\"text-align: justify;\"><b><span data-contrast=\"auto\">Nossas dores n\u00e3o t\u00eam a \u00faltima palavra<\/span><\/b><span data-ccp-props=\"{&quot;134233117&quot;:true,&quot;134233118&quot;:true,&quot;201341983&quot;:0,&quot;335551550&quot;:6,&quot;335551620&quot;:6,&quot;335559740&quot;:240}\">\u00a0<\/span><\/p>\n<p style=\"text-align: justify;\"><span data-contrast=\"auto\">A Quaresma \u00e9 esse tempo privilegiado de escuta. Em meio a tantas vozes que nos confundem, somos convidados a silenciar para ouvir o Filho amado. A ora\u00e7\u00e3o nos ajuda a subir ao monte; o jejum purifica nosso olhar; a caridade nos ensina a descer ao encontro dos irm\u00e3os. Tudo converge para uma escuta mais profunda do Evangelho.<\/span><span data-ccp-props=\"{&quot;134233117&quot;:true,&quot;134233118&quot;:true,&quot;201341983&quot;:0,&quot;335551550&quot;:6,&quot;335551620&quot;:6,&quot;335559740&quot;:240}\">\u00a0<\/span><\/p>\n<p style=\"text-align: justify;\"><span data-contrast=\"auto\">A Transfigura\u00e7\u00e3o tamb\u00e9m nos recorda que a gl\u00f3ria de Deus n\u00e3o elimina a fragilidade humana, mas a atravessa. Jesus n\u00e3o deixa de ser humano ao se transfigurar; ao contr\u00e1rio, revela o destino \u00faltimo da humanidade:\u00a0ser\u00a0transformada pela comunh\u00e3o com Deus. Isso nos consola e nos fortalece: nossas lutas, nossas dores e nossas cruzes n\u00e3o t\u00eam a \u00faltima palavra.<\/span><span data-ccp-props=\"{&quot;134233117&quot;:true,&quot;134233118&quot;:true,&quot;201341983&quot;:0,&quot;335551550&quot;:6,&quot;335551620&quot;:6,&quot;335559740&quot;:240}\">\u00a0<\/span><\/p>\n<p style=\"text-align: justify;\"><span data-contrast=\"auto\">Quando os disc\u00edpulos descem do monte, Jesus lhes pede sil\u00eancio. Ainda n\u00e3o era hora de anunciar plenamente o que tinham visto. H\u00e1 tempos na vida em que a f\u00e9 amadurece no sil\u00eancio, no interior do cora\u00e7\u00e3o, at\u00e9 que esteja pronta para se tornar testemunho. A Quaresma \u00e9 tamb\u00e9m esse tempo de matura\u00e7\u00e3o interior, em que o cora\u00e7\u00e3o aprende a confiar antes de compreender plenamente.<\/span><span data-ccp-props=\"{&quot;134233117&quot;:true,&quot;134233118&quot;:true,&quot;201341983&quot;:0,&quot;335551550&quot;:6,&quot;335551620&quot;:6,&quot;335559740&quot;:240}\">\u00a0<\/span><\/p>\n<p style=\"text-align: justify;\"><span data-contrast=\"auto\">Ao longo deste caminho quaresmal, a Transfigura\u00e7\u00e3o nos lembra que a cruz n\u00e3o \u00e9 o fim, mas a passagem. Que a luz n\u00e3o elimina a noite, mas a ilumina por dentro. Que Deus n\u00e3o nos poupa da travessia, mas caminha conosco.<\/span><span data-ccp-props=\"{&quot;134233117&quot;:true,&quot;134233118&quot;:true,&quot;201341983&quot;:0,&quot;335551550&quot;:6,&quot;335551620&quot;:6,&quot;335559740&quot;:240}\">\u00a0<\/span><\/p>\n<p style=\"text-align: justify;\"><span data-contrast=\"auto\">Que esta Quaresma nos ajude a subir ao monte com Jesus, a escut\u00e1-lo com aten\u00e7\u00e3o sincera e a descer fortalecidos para viver o Evangelho no cotidiano. E que a luz contemplada na Transfigura\u00e7\u00e3o sustente nossa esperan\u00e7a at\u00e9 a alegria plena da P\u00e1scoa.<\/span><span data-ccp-props=\"{&quot;134233117&quot;:true,&quot;134233118&quot;:true,&quot;201341983&quot;:0,&quot;335551550&quot;:6,&quot;335551620&quot;:6,&quot;335559740&quot;:240}\">\u00a0<\/span><\/p>\n","protected":false},"excerpt":{"rendered":"<p>Dom Leomar Brustolin Arcebispo de Santa Maria (RS) &nbsp; No cora\u00e7\u00e3o do caminho quaresmal, a Igreja nos conduz ao alto do monte com Jesus. O Evangelho da Transfigura\u00e7\u00e3o n\u00e3o \u00e9 um desvio da Quaresma, mas uma luz colocada no meio da travessia. Antes de descer para Jerusal\u00e9m, antes da cruz, Jesus sobe ao monte com &hellip;<\/p>\n<p class=\"read-more\"> <a class=\"\" href=\"https:\/\/www.cnbb.org.br\/a-transfiguracao-luz-no-caminho-da-quaresma\/\"> <span class=\"screen-reader-text\">A transfigura\u00e7\u00e3o: luz no caminho da Quaresma\u00a0<\/span> Leia mais &raquo;<\/a><\/p>\n","protected":false},"author":46,"featured_media":0,"comment_status":"closed","ping_status":"closed","sticky":false,"template":"","format":"standard","meta":{"site-sidebar-layout":"default","site-content-layout":"default","ast-global-header-display":"","ast-banner-title-visibility":"","ast-main-header-display":"","ast-hfb-above-header-display":"","ast-hfb-below-header-display":"","ast-hfb-mobile-header-display":"","site-post-title":"","ast-breadcrumbs-content":"","ast-featured-img":"","footer-sml-layout":"","theme-transparent-header-meta":"default","adv-header-id-meta":"","stick-header-meta":"","header-above-stick-meta":"","header-main-stick-meta":"","header-below-stick-meta":""},"categories":[758],"tags":[],"acf":[],"_links":{"self":[{"href":"https:\/\/www.cnbb.org.br\/cnbb-app\/wp\/v2\/posts\/995337"}],"collection":[{"href":"https:\/\/www.cnbb.org.br\/cnbb-app\/wp\/v2\/posts"}],"about":[{"href":"https:\/\/www.cnbb.org.br\/cnbb-app\/wp\/v2\/types\/post"}],"author":[{"embeddable":true,"href":"https:\/\/www.cnbb.org.br\/cnbb-app\/wp\/v2\/users\/46"}],"replies":[{"embeddable":true,"href":"https:\/\/www.cnbb.org.br\/cnbb-app\/wp\/v2\/comments?post=995337"}],"version-history":[{"count":2,"href":"https:\/\/www.cnbb.org.br\/cnbb-app\/wp\/v2\/posts\/995337\/revisions"}],"predecessor-version":[{"id":995339,"href":"https:\/\/www.cnbb.org.br\/cnbb-app\/wp\/v2\/posts\/995337\/revisions\/995339"}],"wp:attachment":[{"href":"https:\/\/www.cnbb.org.br\/cnbb-app\/wp\/v2\/media?parent=995337"}],"wp:term":[{"taxonomy":"category","embeddable":true,"href":"https:\/\/www.cnbb.org.br\/cnbb-app\/wp\/v2\/categories?post=995337"},{"taxonomy":"post_tag","embeddable":true,"href":"https:\/\/www.cnbb.org.br\/cnbb-app\/wp\/v2\/tags?post=995337"}],"curies":[{"name":"wp","href":"https:\/\/api.w.org\/{rel}","templated":true}]}}