{"id":995340,"date":"2026-03-02T09:17:00","date_gmt":"2026-03-02T12:17:00","guid":{"rendered":"https:\/\/www.cnbb.org.br\/?p=995340"},"modified":"2026-03-02T09:19:29","modified_gmt":"2026-03-02T12:19:29","slug":"ele-veio-morar-entre-nos-jo-114-e-a-campanha-da-fraternidade-2026","status":"publish","type":"post","link":"https:\/\/www.cnbb.org.br\/ele-veio-morar-entre-nos-jo-114-e-a-campanha-da-fraternidade-2026\/","title":{"rendered":"\u201cEle veio morar entre n\u00f3s\u201d\u00a0(Jo\u00a01,14) e a Campanha da Fraternidade 2026"},"content":{"rendered":"<p style=\"text-align: right;\"><strong>Dom Vital Corbellini<br \/>\nBispo de Marab\u00e1 (PA)\u00a0<\/strong><\/p>\n<p>&nbsp;<\/p>\n<p style=\"text-align: justify;\"><span data-contrast=\"auto\">Jesus veio morar entre n\u00f3s (Jo\u00a01,14); Esta foi no passado\u00a0a grande not\u00edcia\u00a0e\u00a0\u00e9\u00a0tamb\u00e9m no presente,\u00a0pois\u00a0ela\u00a0ressoa em nossos\u00a0cora\u00e7\u00f5es\u00a0e em nossas vidas\u00a0o fato de que Deus veio ao\u00a0mundo para\u00a0a\u00a0nossa salva\u00e7\u00e3o\u00a0e da\u00a0humanidade. Deus veio entre n\u00f3s construir a sua morada, a sua casa.\u00a0Sendo este o seu lema, tomou a\u00a0Campanha da Fraternidade 2026\u00a0(CF)\u00a0no per\u00edodo\u00a0quaresmal\u00a0de convers\u00e3o,\u00a0esta frase do\u00a0Ap\u00f3stolo e\u00a0Evangelista S\u00e3o Jo\u00e3o para dar a import\u00e2ncia da moradia digna na qual\u00a0a Igreja como conjunto\u00a0em geral pela CNBB, pelas dioceses, par\u00f3quias e comunidades refor\u00e7am a prioridade\u00a0na vida comunit\u00e1ria e social.\u00a0<\/span><span data-ccp-props=\"{&quot;335551550&quot;:6,&quot;335551620&quot;:6}\">\u00a0<\/span><\/p>\n<p style=\"text-align: justify;\"><span data-contrast=\"auto\">Aprofundando o lema 2026<\/span><\/p>\n<p style=\"text-align: justify;\"><span data-contrast=\"auto\">Jesus veio morar entre n\u00f3s (cfr.\u00a0Jo\u00a01,14). Ele deu sentido a todas as coisas porque Ele assumiu toda a realidade humana, pecadora. Ele se tornou igual\u00a0a n\u00f3s em tudo, menos o pecado. Ele n\u00e3o ficou longe dos sofrimentos das pessoas, dos sem casa, dos\u00a0sem teto, de todos os doentes e sofredores da sociedade.\u00a0Esta moradia \u00e9 dada para sempre em nosso meio, porque como diz o credo\u00a0niceno-constantinopolitano\u00a0de 381: \u201cE o seu Reino n\u00e3o ter\u00e1 fim\u201d.\u00a0Deus n\u00e3o se afasta de seu povo: Ele est\u00e1 junto para lev\u00e1-lo \u00e0 vida verdadeira.\u00a0Jesus se encarnou em nossa vida humana, dando sentido as coisas, enfrentando os problemas humanos e sociais que tinha na \u00e9poca. Ele pediu que a justi\u00e7a dos disc\u00edpulos fosse superior\u00a0a\u00a0dos fariseus e doutores da Lei para assim entrar no Reino dos c\u00e9us, que era mais pela apar\u00eancia do que pelos fatos, a\u00e7\u00f5es\u00a0(cfr.\u00a0Mt\u00a05,20).\u00a0<\/span><span data-ccp-props=\"{&quot;335551550&quot;:6,&quot;335551620&quot;:6}\">\u00a0<\/span><\/p>\n<p style=\"text-align: justify;\"><span data-contrast=\"auto\">A encarna\u00e7\u00e3o do Verbo de Deus<\/span><span data-ccp-props=\"{&quot;335551550&quot;:6,&quot;335551620&quot;:6}\">\u00a0<\/span><\/p>\n<p style=\"text-align: justify;\"><span data-contrast=\"auto\">A encarna\u00e7\u00e3o \u00e9 gra\u00e7a de Deus e \u00e9 responsabilidade humana. Tudo partiu de Deus, n\u00e3o sendo merecimento humano o fato de Deus se encarnar na realidade humana. Os santos padres, os primeiros escritores crist\u00e3os no\u00a0inicio\u00a0do cristianismo ressaltaram a vinda de Jesus neste mundo\u00a0como a maior manifesta\u00e7\u00e3o de seu amor para conosco. O homem e a mulher pecaram, afastando-se de seu Criador. Era preciso reconciliar novamente a humanidade com Deus. Tudo isso o Filho do Homem, que \u00e9 o Filho\u00a0de Deus\u00a0ao mesmo tempo realizou pela sua encarna\u00e7\u00e3o, paix\u00e3o, morte e ressurrei\u00e7\u00e3o. A encarna\u00e7\u00e3o partiu de Deus fazendo com que a humanidade entrasse\u00a0em contato\u00a0de novo na vida com o seu Criador. O Salvador Jesus Cristo, ao passar pela encarna\u00e7\u00e3o, assumindo a vida humana, sua morte de cruz e ressurrei\u00e7\u00e3o trouxe a vida nova para todo o g\u00eanero humano.\u00a0<\/span><span data-ccp-props=\"{&quot;335551550&quot;:6,&quot;335551620&quot;:6}\">\u00a0<\/span><\/p>\n<p style=\"text-align: justify;\"><span data-contrast=\"auto\">Ele \u00e9 o novo Ad\u00e3o<\/span><\/p>\n<p style=\"text-align: justify;\"><span data-contrast=\"auto\">S\u00e3o Paulo ressaltou muito o dado de que Jesus Cristo \u00e9 o novo Ad\u00e3o\u00a0(cfr. 1 Cor 15,45-49),\u00a0sendo obediente\u00a0na qual superou\u00a0o primeiro Ad\u00e3o que caiu no pecado, e foi desobediente aos olhos de Deus. A desobedi\u00eancia levou os primeiros seres\u00a0ao afastamento\u00a0para com Deus, sendo expulsos do jardim da esperan\u00e7a\u00a0e de vida. O homem e a mulher se descobriram que estavam nus. O pecado levou-os ao esconderijo,\u00a0\u00e0 vida oculta. No entanto Deus percebeu a inten\u00e7\u00e3o humana de modo que disse que ele errou, desobedeceu \u00e0s suas ordens\u00a0(cfr.\u00a0Gn\u00a03,7-8).\u00a0Como o novo Ad\u00e3o,\u00a0Jesus foi obediente ao Plano do Pai de salvar a humanidade de seu pecado e de sua morte. Jesus Cristo resgatou o ser humano que estava afastado do Senhor para reconduzi-lo novamente \u00e0 vida verdadeira, que s\u00f3 vem de Deus.\u00a0<\/span><span data-ccp-props=\"{&quot;335551550&quot;:6,&quot;335551620&quot;:6,&quot;335559738&quot;:240}\">\u00a0<\/span><\/p>\n<p style=\"text-align: justify;\"><span data-contrast=\"auto\">Vida digna\u00a0<\/span><span data-ccp-props=\"{&quot;335551550&quot;:6,&quot;335551620&quot;:6}\">\u00a0<\/span><\/p>\n<p style=\"text-align: justify;\"><span data-contrast=\"auto\">O fato de que Ele, Jesus veio morar entre n\u00f3s, diz respeito\u00a0\u00e0\u00a0uma vida digna atrav\u00e9s da moradia, o local do aprendizado em nossas rela\u00e7\u00f5es que aprendemos de nossos pais, av\u00f3s, para crescer nos valores da paz e do amor. A fam\u00edlia possibilita a unidade, a fraternidade, o amor. A pessoa \u00e9 chamada \u00e0 vida comunit\u00e1ria, seguindo a palavra de Jesus que nos convoca a fazer o bem, a amar os inimigos\u00a0e\u00a0\u00a0sermos\u00a0perfeitos como o Pai\u00a0celeste\u00a0\u00e9 perfeito (cfr.\u00a0Mt\u00a05, 43-44; 48).\u00a0<\/span><span data-ccp-props=\"{&quot;335551550&quot;:6,&quot;335551620&quot;:6}\">\u00a0<\/span><\/p>\n<p style=\"text-align: justify;\"><span data-contrast=\"auto\">A CF incentiva a\u00e7\u00f5es concretas<\/span><\/p>\n<p style=\"text-align: justify;\"><span data-contrast=\"auto\">S\u00e3o in\u00fameras as a\u00e7\u00f5es que a comunidade pode fazer em rela\u00e7\u00e3o \u00e0 moradia digna. O fato \u00e9 que existem mais de\u00a0trezentos mil pessoas\u00a0em situa\u00e7\u00e3o de rua; a rua n\u00e3o \u00e9 a moradia das pessoas, mas porque\u00a0estas n\u00e3o tem\u00a0condi\u00e7\u00f5es de pagar um aluguel, ou mesmo n\u00e3o tem renda suficiente para ter uma moradia, a rua torna-se o local de sua moradia. N\u00f3s vemos iniciativas de grande relev\u00e2ncia em favor dos moradores de rua. Os gestos s\u00e3o bem simples,\u00a0fazendo com que as pessoas se sintam amadas por Deus,\u00a0incentivando-as para que elas\u00a0tenham uma moradia digna. \u00c9 claro que \u00e9 o governo quem deve construir casas, moradias, porque ele tem os meios para tal fim, mas\u00a0a Igreja incentiva a pr\u00e1ticas boas de moradias dignas na comunidade e na sociedade.\u00a0<\/span><span data-ccp-props=\"{&quot;335551550&quot;:6,&quot;335551620&quot;:6,&quot;335559731&quot;:708}\">\u00a0<\/span><\/p>\n<p style=\"text-align: justify;\"><span data-contrast=\"auto\">A\u00a0CF\u00a02026\u00a0convoca a todas as pessoas para que se empenhem a\u00a0ter moradia digna, na qual tem os seus direitos e as pessoas vivam bem nos seus lares, com o p\u00e3o de cada dia. Elas\u00a0vivam na alegria de participar\u00a0com a comunidade, com a eucaristia, com condi\u00e7\u00f5es de vida porque Jesus veio morar entre n\u00f3s e fez a sua morada em n\u00f3s. Ele quer obras de caridade para que sejam feitas com amor\u00a0sobretudo\u00a0para com as pessoas necessitadas. Ele veio morar entre n\u00f3s (Jo\u00a01,14)\u00a0seja\u00a0a Palavra de Deus a iluminar as nossas vidas, os\u00a0nosso cora\u00e7\u00f5es\u00a0para a realiza\u00e7\u00e3o de obras boas em favor das pessoas que n\u00e3o tem moradia digna.\u00a0As autoridades\u00a0precisam\u00a0se preocupar mais com a quest\u00e3o de casas a serem constru\u00eddas\u00a0de modo\u00a0que\u00a0\u00a0todos\u00a0tenham moradia conforme o plano do Senhor aqui,\u00a0agora\u00a0e\u00a0um dia na eternidade.\u00a0<\/span><span data-ccp-props=\"{&quot;335551550&quot;:6,&quot;335551620&quot;:6}\">\u00a0<\/span><\/p>\n","protected":false},"excerpt":{"rendered":"<p>Dom Vital Corbellini Bispo de Marab\u00e1 (PA)\u00a0 &nbsp; Jesus veio morar entre n\u00f3s (Jo\u00a01,14); Esta foi no passado\u00a0a grande not\u00edcia\u00a0e\u00a0\u00e9\u00a0tamb\u00e9m no presente,\u00a0pois\u00a0ela\u00a0ressoa em nossos\u00a0cora\u00e7\u00f5es\u00a0e em nossas vidas\u00a0o fato de que Deus veio ao\u00a0mundo para\u00a0a\u00a0nossa salva\u00e7\u00e3o\u00a0e da\u00a0humanidade. Deus veio entre n\u00f3s construir a sua morada, a sua casa.\u00a0Sendo este o seu lema, tomou a\u00a0Campanha da Fraternidade &hellip;<\/p>\n<p class=\"read-more\"> <a class=\"\" href=\"https:\/\/www.cnbb.org.br\/ele-veio-morar-entre-nos-jo-114-e-a-campanha-da-fraternidade-2026\/\"> <span class=\"screen-reader-text\">\u201cEle veio morar entre n\u00f3s\u201d\u00a0(Jo\u00a01,14) e a Campanha da Fraternidade 2026<\/span> Leia mais &raquo;<\/a><\/p>\n","protected":false},"author":16,"featured_media":0,"comment_status":"closed","ping_status":"closed","sticky":false,"template":"","format":"standard","meta":{"site-sidebar-layout":"default","site-content-layout":"default","ast-global-header-display":"","ast-banner-title-visibility":"","ast-main-header-display":"","ast-hfb-above-header-display":"","ast-hfb-below-header-display":"","ast-hfb-mobile-header-display":"","site-post-title":"","ast-breadcrumbs-content":"","ast-featured-img":"","footer-sml-layout":"","theme-transparent-header-meta":"default","adv-header-id-meta":"","stick-header-meta":"","header-above-stick-meta":"","header-main-stick-meta":"","header-below-stick-meta":""},"categories":[758,1837],"tags":[],"acf":[],"_links":{"self":[{"href":"https:\/\/www.cnbb.org.br\/cnbb-app\/wp\/v2\/posts\/995340"}],"collection":[{"href":"https:\/\/www.cnbb.org.br\/cnbb-app\/wp\/v2\/posts"}],"about":[{"href":"https:\/\/www.cnbb.org.br\/cnbb-app\/wp\/v2\/types\/post"}],"author":[{"embeddable":true,"href":"https:\/\/www.cnbb.org.br\/cnbb-app\/wp\/v2\/users\/16"}],"replies":[{"embeddable":true,"href":"https:\/\/www.cnbb.org.br\/cnbb-app\/wp\/v2\/comments?post=995340"}],"version-history":[{"count":2,"href":"https:\/\/www.cnbb.org.br\/cnbb-app\/wp\/v2\/posts\/995340\/revisions"}],"predecessor-version":[{"id":995342,"href":"https:\/\/www.cnbb.org.br\/cnbb-app\/wp\/v2\/posts\/995340\/revisions\/995342"}],"wp:attachment":[{"href":"https:\/\/www.cnbb.org.br\/cnbb-app\/wp\/v2\/media?parent=995340"}],"wp:term":[{"taxonomy":"category","embeddable":true,"href":"https:\/\/www.cnbb.org.br\/cnbb-app\/wp\/v2\/categories?post=995340"},{"taxonomy":"post_tag","embeddable":true,"href":"https:\/\/www.cnbb.org.br\/cnbb-app\/wp\/v2\/tags?post=995340"}],"curies":[{"name":"wp","href":"https:\/\/api.w.org\/{rel}","templated":true}]}}