{"id":995343,"date":"2026-03-02T09:20:39","date_gmt":"2026-03-02T12:20:39","guid":{"rendered":"https:\/\/www.cnbb.org.br\/?p=995343"},"modified":"2026-03-02T09:21:16","modified_gmt":"2026-03-02T12:21:16","slug":"segundo-domingo-da-quaresma-7","status":"publish","type":"post","link":"https:\/\/www.cnbb.org.br\/segundo-domingo-da-quaresma-7\/","title":{"rendered":"Segundo Domingo da Quaresma\u00a0"},"content":{"rendered":"<p style=\"text-align: right;\"><b><span data-contrast=\"auto\">Cardeal Orani Jo\u00e3o Tempesta<\/span><\/b><span data-ccp-props=\"{&quot;201341983&quot;:0,&quot;335551550&quot;:3,&quot;335551620&quot;:3,&quot;335559731&quot;:708,&quot;335559739&quot;:160,&quot;335559740&quot;:259}\"><br \/>\n<\/span><b><span data-contrast=\"auto\">Arcebispo do Rio de Janeiro (RJ)<\/span><\/b><span data-ccp-props=\"{&quot;201341983&quot;:0,&quot;335551550&quot;:3,&quot;335551620&quot;:3,&quot;335559731&quot;:708,&quot;335559739&quot;:160,&quot;335559740&quot;:259}\">\u00a0<\/span><\/p>\n<p style=\"text-align: justify;\"><span data-ccp-props=\"{&quot;201341983&quot;:0,&quot;335551550&quot;:6,&quot;335551620&quot;:6,&quot;335559739&quot;:0,&quot;335559740&quot;:240}\">\u00a0<\/span><\/p>\n<p style=\"text-align: justify;\"><span data-contrast=\"auto\">A\u00a0caminhada quaresmal \u00e9 um itiner\u00e1rio de convers\u00e3o que exige de n\u00f3s coragem e abertura de esp\u00edrito. No domingo passado, o Esp\u00edrito nos conduziu ao deserto para, com Cristo, vencermos as tenta\u00e7\u00f5es do ego\u00edsmo e da autossufici\u00eancia. Hoje, a liturgia nos convida a uma nova etapa: a subida da montanha. Diz-nos o Evangelho de S\u00e3o Mateus, no cap\u00edtulo 17:\u00a0<\/span><i><span data-contrast=\"auto\">\u201cJesus tomou consigo Pedro, Tiago e Jo\u00e3o, seu irm\u00e3o, e os levou \u00e0 parte, sobre uma alta montanha\u201d<\/span><\/i><span data-contrast=\"auto\">\u00a0(Mt\u00a017,1). Subir a montanha, na tradi\u00e7\u00e3o b\u00edblica, nunca \u00e9 um ato de isolamento ego\u00edsta. \u00c9 o lugar da Alian\u00e7a, do sil\u00eancio que fala e da revela\u00e7\u00e3o que transforma. Jesus n\u00e3o sobe sozinho; Ele leva consigo a Igreja, representada naqueles tr\u00eas disc\u00edpulos. Nesta manh\u00e3, Ele nos toma pela m\u00e3o e nos convida a sair da plan\u00edcie das nossas preocupa\u00e7\u00f5es imediatas para vislumbrarmos a Sua gl\u00f3ria. A Transfigura\u00e7\u00e3o n\u00e3o \u00e9 um par\u00eantese no caminho do Calv\u00e1rio, mas o horizonte que d\u00e1 sentido a todo sacrif\u00edcio. \u00c9 a luz que nos sustenta quando as sombras da cruz parecerem pesadas demais.<\/span><span data-ccp-props=\"{&quot;134233117&quot;:true,&quot;134233118&quot;:true,&quot;201341983&quot;:0,&quot;335551550&quot;:6,&quot;335551620&quot;:6,&quot;335559731&quot;:708,&quot;335559739&quot;:160,&quot;335559740&quot;:240}\">\u00a0<\/span><\/p>\n<p style=\"text-align: justify;\"><span data-contrast=\"auto\">A primeira leitura, extra\u00edda do Livro do G\u00eanesis\u00a0\u2013\u00a0Gn\u00a012,1-4a \u2013, nos apresenta o chamado de Abr\u00e3o, o nosso pai na f\u00e9. A palavra de Deus \u00e9 um imperativo de movimento:\u00a0<\/span><i><span data-contrast=\"auto\">\u201cSai da tua terra, da tua fam\u00edlia e da casa de teu pai, e vai para a terra que eu te vou mostrar\u201d<\/span><\/i><span data-contrast=\"auto\">\u00a0(Gn\u00a012,1). Abr\u00e3o tinha setenta e cinco anos, uma idade em que o ser humano busca seguran\u00e7a e repouso. No entanto, o projeto de Deus pede o despojamento e a confian\u00e7a absoluta no invis\u00edvel. Para sermos transfigurados, precisamos, como Abr\u00e3o, aceitar o \u00eaxodo constante. A Quaresma \u00e9 este tempo favor\u00e1vel para &#8220;sair&#8221; de nossos h\u00e1bitos arraigados, de nossas zonas de conforto e das estruturas mentais que nos impedem de crescer na caridade e na escuta do Esp\u00edrito. Deus n\u00e3o chama Abr\u00e3o apenas para o seu benef\u00edcio individual, mas para que ele se torne uma fonte inesgot\u00e1vel de b\u00ean\u00e7\u00e3o:\u00a0<\/span><i><span data-contrast=\"auto\">\u201cEm ti ser\u00e3o aben\u00e7oadas todas as fam\u00edlias da terra\u201d<\/span><\/i><span data-contrast=\"auto\">\u00a0(Gn\u00a012,3). Como Igreja que vive e evangeliza nesta imensa metr\u00f3pole, somos chamados a ser essa presen\u00e7a de b\u00ean\u00e7\u00e3o. Nossa miss\u00e3o urbana exige que saiamos de nossos muros para ir ao encontro das periferias existenciais, levando a esperan\u00e7a que n\u00e3o decepciona. A f\u00e9 que n\u00e3o se traduz em sa\u00edda e em servi\u00e7o ao pr\u00f3ximo corre o risco de tornar-se um museu de tradi\u00e7\u00f5es sem o sopro da vida divina.<\/span><span data-ccp-props=\"{&quot;134233117&quot;:true,&quot;134233118&quot;:true,&quot;201341983&quot;:0,&quot;335551550&quot;:6,&quot;335551620&quot;:6,&quot;335559731&quot;:708,&quot;335559739&quot;:160,&quot;335559740&quot;:240}\">\u00a0<\/span><\/p>\n<p style=\"text-align: justify;\"><span data-contrast=\"auto\">No topo do\u00a0Tabor\u00a0\u2013 Evangelho\u00a0Mt\u00a017,1-9 \u2013, ocorre o evento central que hoje contemplamos:\u00a0<\/span><i><span data-contrast=\"auto\">\u201cO seu rosto brilhou como o sol e as suas roupas ficaram brancas como a luz\u201d<\/span><\/i><span data-contrast=\"auto\">\u00a0(Mt\u00a017,2). Jesus manifesta Sua identidade divina de forma irrefut\u00e1vel. Ao Seu lado, aparecem Mois\u00e9s e Elias. Ali est\u00e3o a Lei e os Profetas, as duas grandes colunas da Antiga Alian\u00e7a, que agora encontram seu cumprimento pleno e definitivo na Pessoa de Jesus Cristo.\u00a0Ele \u00e9 a s\u00edntese de toda a hist\u00f3ria da salva\u00e7\u00e3o e o sentido \u00faltimo de toda a revela\u00e7\u00e3o. Pedro, tomado por um temor que se mistura \u00e0 alegria profunda, sugere armar tr\u00eas tendas. Ele quer perenizar aquele instante de consola\u00e7\u00e3o.\u00a0<\/span><i><span data-contrast=\"auto\">\u201cSenhor, \u00e9 bom ficarmos aqui!\u201d<\/span><\/i><span data-contrast=\"auto\">\u00a0(Mt\u00a017,4), exclama ele. \u00c9 o desejo humano, t\u00e3o presente em todos n\u00f3s, de reter a gra\u00e7a e de evitar o sofrimento que Jesus j\u00e1 havia anunciado como parte necess\u00e1ria de Sua miss\u00e3o. No entanto, a vida crist\u00e3 n\u00e3o se vive apenas no \u00eaxtase da ora\u00e7\u00e3o ou no conforto espiritual, mas na fidelidade do cotidiano muitas vezes \u00e1rido.<\/span><span data-ccp-props=\"{&quot;134233117&quot;:true,&quot;134233118&quot;:true,&quot;201341983&quot;:0,&quot;335551550&quot;:6,&quot;335551620&quot;:6,&quot;335559731&quot;:708,&quot;335559739&quot;:160,&quot;335559740&quot;:240}\">\u00a0<\/span><\/p>\n<p style=\"text-align: justify;\"><span data-contrast=\"auto\">Enquanto Pedro ainda falava, uma nuvem luminosa os encobriu. A nuvem, na linguagem b\u00edblica, indica a presen\u00e7a invis\u00edvel, mas real e majestosa de Deus Pai. E da nuvem sai a voz que define para sempre nossa identidade e nossa dire\u00e7\u00e3o como crist\u00e3os:\u00a0<\/span><i><span data-contrast=\"auto\">\u201cEste \u00e9 o meu Filho amado, no qual pus todo o meu agrado. Escutai-o!\u201d<\/span><\/i><span data-contrast=\"auto\">\u00a0(Mt\u00a017,5). Este \u00e9 o mandamento definitivo para todo o Povo de Deus: Escutai-O. Escutar o Filho significa segui-Lo no\u00a0Tabor, mas tamb\u00e9m acompanh\u00e1-Lo com a mesma firmeza at\u00e9 o Calv\u00e1rio. Significa ouvir Suas palavras de miseric\u00f3rdia,\u00a0Suas\u00a0exig\u00eancias de justi\u00e7a e Seu apelo radical ao amor, inclusive aos inimigos. A transfigura\u00e7\u00e3o do mundo, que tanto desejamos, come\u00e7a necessariamente pela nossa escuta atenta e obediente \u00e0 Palavra que se fez carne. Sem a escuta do Filho, nossas a\u00e7\u00f5es tornam-se ativismo vazio e nossa f\u00e9 perde a sua for\u00e7a transformadora. Como rezamos no Salmo Responsorial de hoje:\u00a0<\/span><i><span data-contrast=\"auto\">\u201cSobre n\u00f3s venha, Senhor, a vossa gra\u00e7a, da mesma forma que em v\u00f3s n\u00f3s esperamos\u201d<\/span><\/i><span data-contrast=\"auto\">\u00a0Sl\u00a032(33).<\/span><span data-ccp-props=\"{&quot;134233117&quot;:true,&quot;134233118&quot;:true,&quot;201341983&quot;:0,&quot;335551550&quot;:6,&quot;335551620&quot;:6,&quot;335559731&quot;:708,&quot;335559739&quot;:160,&quot;335559740&quot;:240}\">\u00a0<\/span><\/p>\n<p style=\"text-align: justify;\"><span data-contrast=\"auto\">A segunda leitura, da Segunda Carta de S\u00e3o Paulo a Tim\u00f3teo\u00a0\u2013 2Tm 1,8b-10 \u2013, nos oferece a chave teol\u00f3gica para vivermos essa miss\u00e3o no meio do mundo. O Ap\u00f3stolo exorta:\u00a0<\/span><i><span data-contrast=\"auto\">\u201cSofre comigo pelo Evangelho, fortificado pelo poder de Deus\u201d<\/span><\/i><span data-contrast=\"auto\">\u00a0(2Tm 1,8b). Paulo nos recorda que a nossa voca\u00e7\u00e3o \u00e9 santa, fruto de um chamado gratuito e eterno. N\u00e3o fomos chamados por nossos m\u00e9ritos ou capacidades, mas por um des\u00edgnio de amor de Deus manifestado em Cristo Jesus antes de todos os tempos. Esta gra\u00e7a, que destruiu a morte e fez brilhar a vida eterna, \u00e9 o que nos permite enfrentar as noites escuras da nossa hist\u00f3ria pessoal e social. Vivemos tempos de grandes desafios, de crises \u00e9ticas e de desigualdades que ferem profundamente a dignidade humana. Diante dessas realidades, poder\u00edamos ser tentados ao des\u00e2nimo ou ao cinismo. Mas o brilho da Transfigura\u00e7\u00e3o nos recorda que o mal e a morte n\u00e3o det\u00eam a \u00faltima palavra sobre a exist\u00eancia humana, pois Cristo\u00a0<\/span><i><span data-contrast=\"auto\">\u201caniquilou a morte e fez brilhar a vida e a imortalidade pelo Evangelho\u201d<\/span><\/i><span data-contrast=\"auto\">\u00a0(2Tm 1,10).<\/span><span data-ccp-props=\"{&quot;134233117&quot;:true,&quot;134233118&quot;:true,&quot;201341983&quot;:0,&quot;335551550&quot;:6,&quot;335551620&quot;:6,&quot;335559731&quot;:708,&quot;335559739&quot;:160,&quot;335559740&quot;:240}\">\u00a0<\/span><\/p>\n<p style=\"text-align: justify;\"><span data-contrast=\"auto\">Quem contemplou o rosto de Deus na ora\u00e7\u00e3o e na liturgia deve ser capaz de reconhecer esse mesmo rosto nos sofredores, nos doentes e nos esquecidos da sociedade. A beleza contemplada no\u00a0Tabor\u00a0deve refletir-se em nossa transpar\u00eancia \u00e9tica, em nossa dedica\u00e7\u00e3o profissional incans\u00e1vel e em nossa capacidade de construir pontes de di\u00e1logo. Ser\u00a0<\/span><i><span data-contrast=\"auto\">&#8220;fortificado pelo poder de Deus&#8221;<\/span><\/i><span data-contrast=\"auto\">\u00a0significa ter a coragem de ser um crist\u00e3o coerente em todas as inst\u00e2ncias, desde a vida familiar at\u00e9 as decis\u00f5es p\u00fablicas. Ao ouvirem a voz do Pai, os disc\u00edpulos caem com o rosto por terra, cheios de um temor reverencial. O mist\u00e9rio de Deus \u00e9 fascinante, mas tamb\u00e9m nos confronta com nossa pr\u00f3pria fragilidade. Contudo, o Evangelho nos relata um gesto de ternura infinita:\u00a0<\/span><i><span data-contrast=\"auto\">\u201cJesus se aproximou, tocou-os e disse: \u2018Levantai-vos e n\u00e3o tenhais medo\u2019\u201d<\/span><\/i><span data-contrast=\"auto\">\u00a0(Mt\u00a017,7).<\/span><span data-ccp-props=\"{&quot;134233117&quot;:true,&quot;134233118&quot;:true,&quot;201341983&quot;:0,&quot;335551550&quot;:6,&quot;335551620&quot;:6,&quot;335559731&quot;:708,&quot;335559739&quot;:160,&quot;335559740&quot;:240}\">\u00a0<\/span><\/p>\n<p style=\"text-align: justify;\"><span data-contrast=\"auto\">Este toque de Jesus \u00e9 a ess\u00eancia da nossa f\u00e9. \u00c9 o toque que cura o cora\u00e7\u00e3o ferido, que levanta o desanimado e que restaura as for\u00e7as de quem pensa em desistir. Nesta Eucaristia, o Senhor se aproxima de cada um de n\u00f3s, com nossas preocupa\u00e7\u00f5es e nossos desafios por vezes pesados. Ele nos toca atrav\u00e9s de Sua Palavra e do Sacramento do Altar, e nos repete a mesma ordem encorajadora:\u00a0<\/span><i><span data-contrast=\"auto\">&#8220;Levantai-vos!&#8221;<\/span><\/i><span data-contrast=\"auto\">. N\u00e3o podemos nem devemos ficar parados na montanha. O\u00a0Tabor\u00a0\u00e9 o momento da recarga espiritual para que possamos enfrentar com vigor a luta necess\u00e1ria na plan\u00edcie da vida. Ao erguerem os olhos, os disc\u00edpulos viram apenas\u00a0<\/span><i><span data-contrast=\"auto\">\u201cJesus sozinho\u201d<\/span><\/i><span data-contrast=\"auto\">\u00a0(Mt\u00a017,8). Ele basta. Ele \u00e9 o Caminho que devemos trilhar, a Verdade que devemos anunciar e a Vida que desejamos partilhar.<\/span><span data-ccp-props=\"{&quot;134233117&quot;:true,&quot;134233118&quot;:true,&quot;201341983&quot;:0,&quot;335551550&quot;:6,&quot;335551620&quot;:6,&quot;335559731&quot;:708,&quot;335559739&quot;:160,&quot;335559740&quot;:240}\">\u00a0<\/span><\/p>\n<p style=\"text-align: justify;\"><span data-contrast=\"auto\">Ao descermos hoje desta celebra\u00e7\u00e3o para as nossas atividades, levemos conosco o brilho da face de Cristo. Que a nossa vida seja uma tradu\u00e7\u00e3o viva do Evangelho, escrita com gestos concretos de solidariedade, paci\u00eancia e paz. Pe\u00e7amos \u00e0 Virgem Maria, a Senhora Aparecida, que nos ajude a ser sempre aut\u00eanticos ouvintes da Palavra de seu Filho. Que Ela nos ensine a caminhar com f\u00e9 inabal\u00e1vel, mesmo quando o horizonte parecer obscuro, sabendo que a gl\u00f3ria da ressurrei\u00e7\u00e3o j\u00e1 come\u00e7ou a atuar silenciosamente em n\u00f3s. Que este tempo quaresmal seja, de fato, um per\u00edodo de profunda transfigura\u00e7\u00e3o interior, para que cheguemos \u00e0 P\u00e1scoa renovados no amor, na esperan\u00e7a e no compromisso com o Reino de Deus. Que o Senhor aben\u00e7oe nossa cidade, proteja as nossas fam\u00edlias e ilumine todos aqueles que se dedicam ao servi\u00e7o da vida.<\/span><span data-ccp-props=\"{&quot;134233117&quot;:true,&quot;134233118&quot;:true,&quot;201341983&quot;:0,&quot;335551550&quot;:6,&quot;335551620&quot;:6,&quot;335559731&quot;:708,&quot;335559739&quot;:160,&quot;335559740&quot;:240}\">\u00a0<\/span><\/p>\n<p>&nbsp;<\/p>\n<p><span data-ccp-props=\"{&quot;201341983&quot;:0,&quot;335559739&quot;:160,&quot;335559740&quot;:259}\">\u00a0<\/span><\/p>\n","protected":false},"excerpt":{"rendered":"<p>Cardeal Orani Jo\u00e3o Tempesta Arcebispo do Rio de Janeiro (RJ)\u00a0 \u00a0 A\u00a0caminhada quaresmal \u00e9 um itiner\u00e1rio de convers\u00e3o que exige de n\u00f3s coragem e abertura de esp\u00edrito. No domingo passado, o Esp\u00edrito nos conduziu ao deserto para, com Cristo, vencermos as tenta\u00e7\u00f5es do ego\u00edsmo e da autossufici\u00eancia. Hoje, a liturgia nos convida a uma nova &hellip;<\/p>\n<p class=\"read-more\"> <a class=\"\" href=\"https:\/\/www.cnbb.org.br\/segundo-domingo-da-quaresma-7\/\"> <span class=\"screen-reader-text\">Segundo Domingo da Quaresma\u00a0<\/span> Leia mais &raquo;<\/a><\/p>\n","protected":false},"author":31,"featured_media":0,"comment_status":"closed","ping_status":"closed","sticky":false,"template":"","format":"standard","meta":{"site-sidebar-layout":"default","site-content-layout":"default","ast-global-header-display":"","ast-banner-title-visibility":"","ast-main-header-display":"","ast-hfb-above-header-display":"","ast-hfb-below-header-display":"","ast-hfb-mobile-header-display":"","site-post-title":"","ast-breadcrumbs-content":"","ast-featured-img":"","footer-sml-layout":"","theme-transparent-header-meta":"default","adv-header-id-meta":"","stick-header-meta":"","header-above-stick-meta":"","header-main-stick-meta":"","header-below-stick-meta":""},"categories":[758],"tags":[],"acf":[],"_links":{"self":[{"href":"https:\/\/www.cnbb.org.br\/cnbb-app\/wp\/v2\/posts\/995343"}],"collection":[{"href":"https:\/\/www.cnbb.org.br\/cnbb-app\/wp\/v2\/posts"}],"about":[{"href":"https:\/\/www.cnbb.org.br\/cnbb-app\/wp\/v2\/types\/post"}],"author":[{"embeddable":true,"href":"https:\/\/www.cnbb.org.br\/cnbb-app\/wp\/v2\/users\/31"}],"replies":[{"embeddable":true,"href":"https:\/\/www.cnbb.org.br\/cnbb-app\/wp\/v2\/comments?post=995343"}],"version-history":[{"count":2,"href":"https:\/\/www.cnbb.org.br\/cnbb-app\/wp\/v2\/posts\/995343\/revisions"}],"predecessor-version":[{"id":995345,"href":"https:\/\/www.cnbb.org.br\/cnbb-app\/wp\/v2\/posts\/995343\/revisions\/995345"}],"wp:attachment":[{"href":"https:\/\/www.cnbb.org.br\/cnbb-app\/wp\/v2\/media?parent=995343"}],"wp:term":[{"taxonomy":"category","embeddable":true,"href":"https:\/\/www.cnbb.org.br\/cnbb-app\/wp\/v2\/categories?post=995343"},{"taxonomy":"post_tag","embeddable":true,"href":"https:\/\/www.cnbb.org.br\/cnbb-app\/wp\/v2\/tags?post=995343"}],"curies":[{"name":"wp","href":"https:\/\/api.w.org\/{rel}","templated":true}]}}