{"id":995441,"date":"2026-03-03T16:48:22","date_gmt":"2026-03-03T19:48:22","guid":{"rendered":"https:\/\/www.cnbb.org.br\/?p=995441"},"modified":"2026-03-04T14:57:46","modified_gmt":"2026-03-04T17:57:46","slug":"cardeal-baldisseri-brasil-e-santa-se-caminhando-juntos-como-servidores-da-humanidade","status":"publish","type":"post","link":"https:\/\/www.cnbb.org.br\/cardeal-baldisseri-brasil-e-santa-se-caminhando-juntos-como-servidores-da-humanidade\/","title":{"rendered":"Cardeal Baldisseri: \u201cQue o Brasil e a Santa S\u00e9 possam continuar caminhando juntos, como servidores da humanidade\u201d"},"content":{"rendered":"<p>Nas comemora\u00e7\u00f5es dos 200 anos de rela\u00e7\u00f5es diplom\u00e1ticas entre o Brasil e a Santa S\u00e9, os bispos do Conselho Permanente da Confer\u00eancia Nacional dos Bispos do Brasil (CNBB) dirigiram-se \u00e0 Catedral Metropolitana de Bras\u00edlia para a Eucaristia em A\u00e7\u00e3o de Gra\u00e7as. A celebra\u00e7\u00e3o foi presidida pelo cardeal Lorenzo Baldisseri, enviado especial do Papa Le\u00e3o XIV para a ocasi\u00e3o e n\u00fancio apost\u00f3lico no Brasil em um dos momentos mais marcantes da hist\u00f3ria dessa rela\u00e7\u00e3o diplom\u00e1tica, quando foi assinado o Acordo Diplom\u00e1tico entre os dois Estados, em 2010.<\/p>\n<blockquote><p>&#8220;Estou muito feliz de me encontrar hoje no Brasil nesta espl\u00eandida Catedral de Bras\u00edlia, na qualidade de enviado especial de sua santidade Le\u00e3o XIV para a feliz recorr\u00eancia de 200 anos de rela\u00e7\u00f5es diplom\u00e1ticas entre o Brasil e a Santa S\u00e9. Tenho a honra de trazer a sauda\u00e7\u00e3o, a b\u00ean\u00e7\u00e3o apost\u00f3lica e a particular solicitude de sua Santidade, Pastor Universal da Igreja, para esta Terra de Santa Cruz, t\u00e3o rica em humanidade, tradi\u00e7\u00e3o e vida crist\u00e3&#8221;, afirmou o enviado especial.<\/p><\/blockquote>\n<p>Baldisseri quis juntar \u00e0 sauda\u00e7\u00e3o do Papa seus sentimentos, partilhando &#8220;a lembran\u00e7a dos anos que tive a alegria e o dom de viver com voc\u00eas, em nome do Senhor, como n\u00fancio apost\u00f3lico a servi\u00e7o dessa Igreja viva e de todo o povo brasileiro&#8221;. Ele foi n\u00fancio apost\u00f3lico no pa\u00eds entre 2002 e 2012.<\/p>\n<p>O enviado especial do Papa Le\u00e3o XIV, desejou abra\u00e7ar o Brasil, que tem uma &#8220;particular vincula\u00e7\u00e3o com a Igreja&#8221;.<\/p>\n<p>Destacando a diplomacia como servi\u00e7o da paz, de negocia\u00e7\u00f5es e media\u00e7\u00f5es, o cardeal Lorenzo Baldisseri rogou, por intercess\u00e3o de Nossa Senhora Aparecida, &#8220;que o Brasil e a Santa S\u00e9 possam continuar caminhando juntos, como servidores da humanidade&#8221;.<\/p>\n<p>&nbsp;<\/p>\n<figure id=\"attachment_995452\" aria-describedby=\"caption-attachment-995452\" style=\"width: 960px\" class=\"wp-caption aligncenter\"><img decoding=\"async\" loading=\"lazy\" class=\"size-full wp-image-995452\" src=\"https:\/\/www.cnbb.org.br\/wp-content\/uploads\/2026\/03\/IMG_4423.JPG.jpeg\" alt=\"\" width=\"960\" height=\"639\" srcset=\"https:\/\/www.cnbb.org.br\/wp-content\/uploads\/2026\/03\/IMG_4423.JPG.jpeg 960w, https:\/\/www.cnbb.org.br\/wp-content\/uploads\/2026\/03\/IMG_4423.JPG-300x200.jpeg 300w, https:\/\/www.cnbb.org.br\/wp-content\/uploads\/2026\/03\/IMG_4423.JPG-768x511.jpeg 768w, https:\/\/www.cnbb.org.br\/wp-content\/uploads\/2026\/03\/IMG_4423.JPG-500x333.jpeg 500w\" sizes=\"(max-width: 960px) 100vw, 960px\" \/><figcaption id=\"caption-attachment-995452\" class=\"wp-caption-text\">Foto: Luiz Lopes Jr\/CNBB<\/figcaption><\/figure>\n<p>&nbsp;<\/p>\n<h2>Agradecimentos<\/h2>\n<p>Ao final da celebra\u00e7\u00e3o, o arcebispo de Porto Alegre (RS) e presidente da CNBB, cardeal Jaime Spengler, agradeceu a presen\u00e7a e a disponibilidade de dom Lorenzo em participar como enviado especial do Papa Le\u00e3o neste &#8220;marco hist\u00f3rico&#8221;. Dom Jaime recordou ainda, com gratid\u00e3o, que o cardeal Baldisseri faz parte da hist\u00f3ria da Igreja no Brasil.<\/p>\n<div id='gallery-1' class='gallery galleryid-995441 gallery-columns-2 gallery-size-full'><figure class='gallery-item'>\n\t\t\t<div class='gallery-icon landscape'>\n\t\t\t\t<a href='https:\/\/www.cnbb.org.br\/wp-content\/uploads\/2026\/03\/Dom-Jaime-Catedral-de-Brasilia.jpg' title=\"\" data-rl_title=\"\" class=\"rl-gallery-link\" data-rl_caption=\"\" data-rel=\"lightbox-gallery-1\"><img width=\"960\" height=\"640\" src=\"https:\/\/www.cnbb.org.br\/wp-content\/uploads\/2026\/03\/Dom-Jaime-Catedral-de-Brasilia.jpg\" class=\"attachment-full size-full\" alt=\"\" decoding=\"async\" loading=\"lazy\" srcset=\"https:\/\/www.cnbb.org.br\/wp-content\/uploads\/2026\/03\/Dom-Jaime-Catedral-de-Brasilia.jpg 960w, https:\/\/www.cnbb.org.br\/wp-content\/uploads\/2026\/03\/Dom-Jaime-Catedral-de-Brasilia-300x200.jpg 300w, https:\/\/www.cnbb.org.br\/wp-content\/uploads\/2026\/03\/Dom-Jaime-Catedral-de-Brasilia-768x512.jpg 768w, https:\/\/www.cnbb.org.br\/wp-content\/uploads\/2026\/03\/Dom-Jaime-Catedral-de-Brasilia-500x333.jpg 500w\" sizes=\"(max-width: 960px) 100vw, 960px\" \/><\/a>\n\t\t\t<\/div><\/figure><figure class='gallery-item'>\n\t\t\t<div class='gallery-icon landscape'>\n\t\t\t\t<a href='https:\/\/www.cnbb.org.br\/wp-content\/uploads\/2026\/03\/Mauro-Vieira-Missa-Bicentenario.jpg' title=\"\" data-rl_title=\"\" class=\"rl-gallery-link\" data-rl_caption=\"\" data-rel=\"lightbox-gallery-1\"><img width=\"960\" height=\"640\" src=\"https:\/\/www.cnbb.org.br\/wp-content\/uploads\/2026\/03\/Mauro-Vieira-Missa-Bicentenario.jpg\" class=\"attachment-full size-full\" alt=\"\" decoding=\"async\" loading=\"lazy\" srcset=\"https:\/\/www.cnbb.org.br\/wp-content\/uploads\/2026\/03\/Mauro-Vieira-Missa-Bicentenario.jpg 960w, https:\/\/www.cnbb.org.br\/wp-content\/uploads\/2026\/03\/Mauro-Vieira-Missa-Bicentenario-300x200.jpg 300w, https:\/\/www.cnbb.org.br\/wp-content\/uploads\/2026\/03\/Mauro-Vieira-Missa-Bicentenario-768x512.jpg 768w, https:\/\/www.cnbb.org.br\/wp-content\/uploads\/2026\/03\/Mauro-Vieira-Missa-Bicentenario-500x333.jpg 500w\" sizes=\"(max-width: 960px) 100vw, 960px\" \/><\/a>\n\t\t\t<\/div><\/figure>\n\t\t<\/div>\n\n<p>O presidente da CNBB tamb\u00e9m fez um agradecimento especial ao ministro das Rela\u00e7\u00f5es Exteriores do Brasil, Mauro Vieira, citando o contexto no qual a diplomacia internacional \u00e9 exigida por conta das tens\u00f5es que o mundo vive, e da exig\u00eancia de &#8220;sabedoria e discernimento&#8221;.<\/p>\n<blockquote><p>&#8220;Muito obrigado pela sua presen\u00e7a e que Deus o ilumine nesse trabalho extraordin\u00e1rio que o senhor faz, n\u00e3o s\u00f3 em prol do Brasil, mas eu diria da comunidade internacional&#8221;.<\/p><\/blockquote>\n<div class=\"ast-oembed-container\" style=\"height: 100%;\"><iframe loading=\"lazy\" title=\"MISSA SOLENE EM A\u00c7\u00c3O DE GRA\u00c7AS\" width=\"500\" height=\"281\" src=\"https:\/\/www.youtube.com\/embed\/Pdgpfd8Wa1Y?feature=oembed\" frameborder=\"0\" allow=\"accelerometer; autoplay; clipboard-write; encrypted-media; gyroscope; picture-in-picture; web-share\" referrerpolicy=\"strict-origin-when-cross-origin\" allowfullscreen><\/iframe><\/div>\n<p>&nbsp;<\/p>\n<pre>Luiz Lopes Jr<\/pre>\n<p>&nbsp;<\/p>\n<p>Leia tamb\u00e9m<\/p>\n<h5><a href=\"https:\/\/www.cnbb.org.br\/video-historico-colaboracao-mutua-brasil-santa-se\/\">Rela\u00e7\u00f5es diplom\u00e1ticas: v\u00eddeo destaca hist\u00f3rico de colabora\u00e7\u00e3o m\u00fatua entre Brasil e a Santa S\u00e9 de 1986<\/a><\/h5>\n<p>&nbsp;<\/p>\n<h5 class=\"elementor-heading-title elementor-size-default\"><a href=\"https:\/\/www.cnbb.org.br\/sessao-solene-na-camara-celebra-bicentenario-das-relacoes-diplomaticas-entre-brasil-e-santa-se\/\">Sess\u00e3o solene na C\u00e2mara celebra bicenten\u00e1rio das rela\u00e7\u00f5es diplom\u00e1ticas entre Brasil e Santa S\u00e9<\/a><\/h5>\n<p>&nbsp;<\/p>\n<h5 class=\"elementor-heading-title elementor-size-default\"><a href=\"https:\/\/www.cnbb.org.br\/mensagem-papa-leao-xiv-sessao-congresso-200-anos-relacoes-brasil-santa-se\/\">Papa Le\u00e3o XIV: 200 anos de rela\u00e7\u00f5es diplom\u00e1ticas confirmam que Santa S\u00e9 tem no Brasil um parceiro privilegiado<\/a><\/h5>\n","protected":false},"excerpt":{"rendered":"<p>Bispos do Conselho Permanente da CNBB dirigiram-se \u00e0 Catedral Metropolitana de Bras\u00edlia para a Eucaristia em A\u00e7\u00e3o de Gra\u00e7as. A celebra\u00e7\u00e3o foi presidida pelo cardeal Lorenzo Baldisseri, enviado especial do Papa Le\u00e3o XIV para a ocasi\u00e3o e n\u00fancio apost\u00f3lico no Brasil quando foi assinado o Acordo entre os dois Estados, em 2010<\/p>\n","protected":false},"author":38,"featured_media":995537,"comment_status":"closed","ping_status":"closed","sticky":false,"template":"","format":"standard","meta":{"site-sidebar-layout":"default","site-content-layout":"default","ast-global-header-display":"","ast-banner-title-visibility":"","ast-main-header-display":"","ast-hfb-above-header-display":"","ast-hfb-below-header-display":"","ast-hfb-mobile-header-display":"","site-post-title":"","ast-breadcrumbs-content":"","ast-featured-img":"","footer-sml-layout":"","theme-transparent-header-meta":"default","adv-header-id-meta":"","stick-header-meta":"","header-above-stick-meta":"","header-main-stick-meta":"","header-below-stick-meta":""},"categories":[834,50],"tags":[6305],"acf":[],"_links":{"self":[{"href":"https:\/\/www.cnbb.org.br\/cnbb-app\/wp\/v2\/posts\/995441"}],"collection":[{"href":"https:\/\/www.cnbb.org.br\/cnbb-app\/wp\/v2\/posts"}],"about":[{"href":"https:\/\/www.cnbb.org.br\/cnbb-app\/wp\/v2\/types\/post"}],"author":[{"embeddable":true,"href":"https:\/\/www.cnbb.org.br\/cnbb-app\/wp\/v2\/users\/38"}],"replies":[{"embeddable":true,"href":"https:\/\/www.cnbb.org.br\/cnbb-app\/wp\/v2\/comments?post=995441"}],"version-history":[{"count":5,"href":"https:\/\/www.cnbb.org.br\/cnbb-app\/wp\/v2\/posts\/995441\/revisions"}],"predecessor-version":[{"id":995541,"href":"https:\/\/www.cnbb.org.br\/cnbb-app\/wp\/v2\/posts\/995441\/revisions\/995541"}],"wp:featuredmedia":[{"embeddable":true,"href":"https:\/\/www.cnbb.org.br\/cnbb-app\/wp\/v2\/media\/995537"}],"wp:attachment":[{"href":"https:\/\/www.cnbb.org.br\/cnbb-app\/wp\/v2\/media?parent=995441"}],"wp:term":[{"taxonomy":"category","embeddable":true,"href":"https:\/\/www.cnbb.org.br\/cnbb-app\/wp\/v2\/categories?post=995441"},{"taxonomy":"post_tag","embeddable":true,"href":"https:\/\/www.cnbb.org.br\/cnbb-app\/wp\/v2\/tags?post=995441"}],"curies":[{"name":"wp","href":"https:\/\/api.w.org\/{rel}","templated":true}]}}