{"id":995548,"date":"2026-03-05T11:07:11","date_gmt":"2026-03-05T14:07:11","guid":{"rendered":"https:\/\/www.cnbb.org.br\/?p=995548"},"modified":"2026-03-05T15:26:57","modified_gmt":"2026-03-05T18:26:57","slug":"presidente-da-cnbb-e-recebido-em-audiencia-pelo-vice-presidente-do-brasil-geraldo-alkmin","status":"publish","type":"post","link":"https:\/\/www.cnbb.org.br\/presidente-da-cnbb-e-recebido-em-audiencia-pelo-vice-presidente-do-brasil-geraldo-alkmin\/","title":{"rendered":"Presidente da CNBB \u00e9 recebido em audi\u00eancia pelo vice-presidente do Brasil, Geraldo Alkmin"},"content":{"rendered":"<p style=\"text-align: justify;\">O arcebispo de Porto Alegre (RS) e presidente da Confer\u00eancia Nacional dos Bispos do Brasil (CNBB), cardeal Jaime Spengler, acompanhado pelo sub-secret\u00e1rio adjunto geral, padre Leandro Megeto, e pelo assessor de rela\u00e7\u00f5es institucionais e governamentais, frei Jorge Luiz Soares, foi recebido em uma visita de cortesia anual programada entre as institui\u00e7\u00f5es, na quinta-feira, 5 de mar\u00e7o, pelo vice-presidente do Brasil, Geraldo Alckmin.<\/p>\n<p style=\"text-align: justify;\">De acordo com o cardeal Spengler, foi apresentado ao vice-presidente da Rep\u00fablica o que a CNBB est\u00e1 desenvolvendo nos territ\u00f3rios e ele, por sua vez, manifestou as quest\u00f5es que atualmente est\u00e3o no centro das preocupa\u00e7\u00f5es do Governo Federal e do Brasil. &#8220;Foi uma conversa muito franca, transparente. Espero que colaborando, Estado e Igreja, possamos sim promover o bem comum&#8221;, disse dom Jaime.<\/p>\n<p><img decoding=\"async\" loading=\"lazy\" class=\"aligncenter wp-image-995552 size-large\" src=\"https:\/\/www.cnbb.org.br\/wp-content\/uploads\/2026\/03\/Audiencia-Alkmin-reuniao-1024x682.jpg\" alt=\"\" width=\"1024\" height=\"682\" srcset=\"https:\/\/www.cnbb.org.br\/wp-content\/uploads\/2026\/03\/Audiencia-Alkmin-reuniao-1024x682.jpg 1024w, https:\/\/www.cnbb.org.br\/wp-content\/uploads\/2026\/03\/Audiencia-Alkmin-reuniao-300x200.jpg 300w, https:\/\/www.cnbb.org.br\/wp-content\/uploads\/2026\/03\/Audiencia-Alkmin-reuniao-768x512.jpg 768w, https:\/\/www.cnbb.org.br\/wp-content\/uploads\/2026\/03\/Audiencia-Alkmin-reuniao-500x333.jpg 500w, https:\/\/www.cnbb.org.br\/wp-content\/uploads\/2026\/03\/Audiencia-Alkmin-reuniao.jpg 1280w\" sizes=\"(max-width: 1024px) 100vw, 1024px\" \/><\/p>\n<p>&nbsp;<\/p>\n<pre>Por Willian Bonfim com fotos da Vice-Presid\u00eancia da Rep\u00fablica<\/pre>\n<p style=\"text-align: justify;\">\n","protected":false},"excerpt":{"rendered":"<p>De acordo com o cardeal Spengler, foi apresentado ao vice-presidente da Rep\u00fablica o que a CNBB est\u00e1 desenvolvendo nos territ\u00f3rios e ele, por sua vez, manifestou as quest\u00f5es que atualmente est\u00e3o no centro das preocupa\u00e7\u00f5es do Governo Federal e do Brasil<\/p>\n","protected":false},"author":142,"featured_media":995551,"comment_status":"closed","ping_status":"closed","sticky":false,"template":"","format":"standard","meta":{"site-sidebar-layout":"default","site-content-layout":"default","ast-global-header-display":"","ast-banner-title-visibility":"","ast-main-header-display":"","ast-hfb-above-header-display":"","ast-hfb-below-header-display":"","ast-hfb-mobile-header-display":"","site-post-title":"","ast-breadcrumbs-content":"","ast-featured-img":"","footer-sml-layout":"","theme-transparent-header-meta":"default","adv-header-id-meta":"","stick-header-meta":"","header-above-stick-meta":"","header-main-stick-meta":"","header-below-stick-meta":""},"categories":[1840,797],"tags":[5089],"acf":[],"_links":{"self":[{"href":"https:\/\/www.cnbb.org.br\/cnbb-app\/wp\/v2\/posts\/995548"}],"collection":[{"href":"https:\/\/www.cnbb.org.br\/cnbb-app\/wp\/v2\/posts"}],"about":[{"href":"https:\/\/www.cnbb.org.br\/cnbb-app\/wp\/v2\/types\/post"}],"author":[{"embeddable":true,"href":"https:\/\/www.cnbb.org.br\/cnbb-app\/wp\/v2\/users\/142"}],"replies":[{"embeddable":true,"href":"https:\/\/www.cnbb.org.br\/cnbb-app\/wp\/v2\/comments?post=995548"}],"version-history":[{"count":8,"href":"https:\/\/www.cnbb.org.br\/cnbb-app\/wp\/v2\/posts\/995548\/revisions"}],"predecessor-version":[{"id":995591,"href":"https:\/\/www.cnbb.org.br\/cnbb-app\/wp\/v2\/posts\/995548\/revisions\/995591"}],"wp:featuredmedia":[{"embeddable":true,"href":"https:\/\/www.cnbb.org.br\/cnbb-app\/wp\/v2\/media\/995551"}],"wp:attachment":[{"href":"https:\/\/www.cnbb.org.br\/cnbb-app\/wp\/v2\/media?parent=995548"}],"wp:term":[{"taxonomy":"category","embeddable":true,"href":"https:\/\/www.cnbb.org.br\/cnbb-app\/wp\/v2\/categories?post=995548"},{"taxonomy":"post_tag","embeddable":true,"href":"https:\/\/www.cnbb.org.br\/cnbb-app\/wp\/v2\/tags?post=995548"}],"curies":[{"name":"wp","href":"https:\/\/api.w.org\/{rel}","templated":true}]}}