{"id":995558,"date":"2026-03-05T12:08:02","date_gmt":"2026-03-05T15:08:02","guid":{"rendered":"https:\/\/www.cnbb.org.br\/?p=995558"},"modified":"2026-03-05T15:44:22","modified_gmt":"2026-03-05T18:44:22","slug":"conheca-os-novos-nomes-aprovados-pelo-conselho-permanente-para-subrecretario-de-pastoral-e-comissao-missionaria-da-cnbb","status":"publish","type":"post","link":"https:\/\/www.cnbb.org.br\/conheca-os-novos-nomes-aprovados-pelo-conselho-permanente-para-subrecretario-de-pastoral-e-comissao-missionaria-da-cnbb\/","title":{"rendered":"Conhe\u00e7a os novos nomes aprovados pelo Conselho Permanente para subsecret\u00e1rio de Pastoral, CCM e Comiss\u00e3o Mission\u00e1ria"},"content":{"rendered":"<p style=\"text-align: justify;\">O Conselho Permanente da Confer\u00eancia Nacional dos Bispos do Brasil (CNBB) aprovou, na quarta-feira, 4 de mar\u00e7o, dois novos novos nomes que assumir\u00e3o fun\u00e7\u00f5es na Confer\u00eancia. O padre Tiago Camargo que, at\u00e9 ent\u00e3o, estava exercendo a fun\u00e7\u00e3o de Diretor Geral do Centro Cultural Mission\u00e1rio (CCM) e atuando como assessor da Comiss\u00e3o Episcopal para a A\u00e7\u00e3o Mission\u00e1ria e Coopera\u00e7\u00e3o Intereclesial foi aprovado como novo subscret\u00e1rio adjunto de Pastoral da CNBB em substitui\u00e7\u00e3o ao dom J\u00e2nison de S\u00e1 Santos, que foi nomeado bispo auxiliar de Fortaleza (CE).<\/p>\n<p style=\"text-align: justify;\">O padre Ant\u00f4nio Valdeir Duarte de Queir\u00f3z, pertecente ao clero da diocese de Cachoeiro de Itapemirim, no Espirito Santo, foi aprovado para assumir as fun\u00e7\u00f5es at\u00e9 ent\u00e3o exercidas pelo padre Tiago Camargo: Diretor Geral do Centro Cultural Mission\u00e1rio (CCM) e assessor da Comiss\u00e3o Episcopal para a A\u00e7\u00e3o Mission\u00e1ria e Coopera\u00e7\u00e3o. Conhe\u00e7a, abaixo, o curr\u00edculo, a forma\u00e7\u00e3o e a trajet\u00f3ria eclesial dos dois presb\u00edteros.<\/p>\n<p><img decoding=\"async\" loading=\"lazy\" class=\"aligncenter wp-image-995562 size-large\" src=\"https:\/\/www.cnbb.org.br\/wp-content\/uploads\/2026\/03\/1-12-1024x414.png\" alt=\"\" width=\"1024\" height=\"414\" srcset=\"https:\/\/www.cnbb.org.br\/wp-content\/uploads\/2026\/03\/1-12-1024x414.png 1024w, https:\/\/www.cnbb.org.br\/wp-content\/uploads\/2026\/03\/1-12-300x121.png 300w, https:\/\/www.cnbb.org.br\/wp-content\/uploads\/2026\/03\/1-12-768x310.png 768w, https:\/\/www.cnbb.org.br\/wp-content\/uploads\/2026\/03\/1-12-1536x621.png 1536w, https:\/\/www.cnbb.org.br\/wp-content\/uploads\/2026\/03\/1-12-500x202.png 500w, https:\/\/www.cnbb.org.br\/wp-content\/uploads\/2026\/03\/1-12.png 1980w\" sizes=\"(max-width: 1024px) 100vw, 1024px\" \/><\/p>\n<p><strong>Dados pessoais<\/strong><br \/>\nNascimento: 1\u00ba\/10\/1987, em Porto Alegre (RS)<\/p>\n<p><strong>Forma\u00e7\u00e3o Acad\u00eamica<\/strong><br \/>\n\u2022 Mestrando em Teologia Sistem\u00e1tico-Pastoral, Cursando, Pontif\u00edcia Universidade Cat\u00f3lica do Rio de Janeiro (PUC-Rio)<br \/>\n\u2022 Especializa\u00e7\u00e3o em Direito Matrimonial e Processual Can\u00f4nico, 2023, Faculdade Cat\u00f3lica de Fortaleza;<br \/>\n\u2022 Especializa\u00e7\u00e3o em Missiologia, 2021, CCM\/CNBB e Faculdade de Teologia da Arquidiocese de Bras\u00edlia;<br \/>\n\u2022 Bacharel em Teologia, 2015 e 2016, Pontif\u00edcia Universidade Cat\u00f3lica do Rio Grande do Sul (PUCRS) e Pontif\u00edcia Universidade Lateranense \u2013 Roma (PUL) &#8211; dupla titula\u00e7\u00e3o;<br \/>\n\u2022 Bacharel e Licenciado em Filosofia, 2010, Pontif\u00edcia Universidade Cat\u00f3lica do Rio Grande do Sul (PUCRS);<\/p>\n<p><strong>Hist\u00f3rico ministerial\u00a0<\/strong><br \/>\n08\/12\/2016: Ordena\u00e7\u00e3o diaconal, Arquidiocese de Porto Alegre (RS);<br \/>\n23\/06\/2017: Ordena\u00e7\u00e3o presbiteral, Arquidiocese de Porto Alegre (RS);<\/p>\n<p>\u2022 Vig\u00e1rio Paroquial, Santu\u00e1rio Santo Ant\u00f4nio do P\u00e3o dos Pobres, Porto Alegre (RS), 2017;<br \/>\n\u2022 P\u00e1roco, Par\u00f3quia Nossa Senhora Aparecida, Sapucaia do Sul (RS), 2018-2021;<br \/>\n\u2022 P\u00e1roco, Par\u00f3quia S\u00e3o Braz, Porto de Moz\/PA; Projeto Igrejas-Irm\u00e3s, Diocese de Xingu-Altamira, 2022-2023 (No mesmo per\u00edodo foi: Membro do Conselho de Presb\u00edteros; Membro do Conselho de Forma\u00e7\u00e3o; Juiz adjunto do Tribunal Eclesi\u00e1stico Diocesano de Xingu-Altamira (PA)).<br \/>\n\u2022 Assessor da Comiss\u00e3o Episcopal para a A\u00e7\u00e3o Mission\u00e1ria e Coopera\u00e7\u00e3o Intereclesial da CNBB, Bras\u00edlia\/DF, 2023-atual;<br \/>\n\u2022 Diretor geral do Centro Cultural Mission\u00e1rio da CNBB, Bras\u00edlia (DF), 2023-atual;<\/p>\n<p><strong>Colabora\u00e7\u00f5es\u00a0<\/strong><br \/>\n\u2022 Grupo de Trabalho para a Prepara\u00e7\u00e3o do II Congresso sobre Pastoral Urbana, UNICAP, 2026;<br \/>\n\u2022 Grupo de Trabalho (GT) Ad Gentes, sub-grupo Igrejas-Irm\u00e3s, 2021-2023;<br \/>\n\u2022 Curso de Forma\u00e7\u00e3o de Lideran\u00e7as Paroquiais do CCM, 2023;<br \/>\n\u2022 Curso de Especializa\u00e7\u00e3o em Missiologia, 2023;<br \/>\n\u2022 Conselho Mission\u00e1rio do Regional Sul 3 da CNBB;<br \/>\n\u2022 Conselho Mission\u00e1rio de Seminaristas \u2013 Prov\u00edncia Eclesi\u00e1stica de Porto Alegre;<br \/>\n\u2022 Conselho Mission\u00e1rio Diocesano \u2013 Arquidiocese de Porto Alegre.<\/p>\n<p>&nbsp;<\/p>\n<p><img decoding=\"async\" loading=\"lazy\" class=\"aligncenter wp-image-995564 size-large\" src=\"https:\/\/www.cnbb.org.br\/wp-content\/uploads\/2026\/03\/2-3-1024x414.png\" alt=\"\" width=\"1024\" height=\"414\" srcset=\"https:\/\/www.cnbb.org.br\/wp-content\/uploads\/2026\/03\/2-3-1024x414.png 1024w, https:\/\/www.cnbb.org.br\/wp-content\/uploads\/2026\/03\/2-3-300x121.png 300w, https:\/\/www.cnbb.org.br\/wp-content\/uploads\/2026\/03\/2-3-768x310.png 768w, https:\/\/www.cnbb.org.br\/wp-content\/uploads\/2026\/03\/2-3-1536x621.png 1536w, https:\/\/www.cnbb.org.br\/wp-content\/uploads\/2026\/03\/2-3-500x202.png 500w, https:\/\/www.cnbb.org.br\/wp-content\/uploads\/2026\/03\/2-3.png 1980w\" sizes=\"(max-width: 1024px) 100vw, 1024px\" \/><\/p>\n<p><strong>Dados pessoais<\/strong><br \/>\n\u2022 Nascimento: 03\/11\/1988 (37 anos), natural de Campos Sales (CE)<\/p>\n<p><strong>Forma\u00e7\u00e3o acad\u00eamica<\/strong><br \/>\n\u2022 Especializa\u00e7\u00e3o em Missiologia (2024): CCM\/CNBB e Faculdade de Teologia da Arquidiocese de Bras\u00edlia.<br \/>\n\u2022 Especializa\u00e7\u00e3o em Comunica\u00e7\u00e3o Social: Servi\u00e7o \u00e0 Pastoral da Comunica\u00e7\u00e3o (SEPAC\/Paulinas-SP).<br \/>\n\u2022 Curso Livre de Teologia (2015-2018): Instituto Interdiocesano de Filosofia e Teologia (CECATES).<br \/>\n\u2022 Licenciatura em Filosofia (2012-2014): Faculdade Cat\u00f3lica Salesiana do Esp\u00edrito Santo.<\/p>\n<p><strong>Hist\u00f3rico ministerial<\/strong><br \/>\n\u2022 P\u00e1roco (2023-2026): Par\u00f3quia S\u00e3o Jos\u00e9, em S\u00e3o Jos\u00e9 do Cal\u00e7ado, Diocese de Cachoeiro de Itapemirim (ES).<br \/>\n\u2022 Referencial da Comiss\u00e3o para a A\u00e7\u00e3o Mission\u00e1ria Regional Leste 3 (2023-2026).<br \/>\n\u2022 Assessor do Conselho Mission\u00e1rio Diocesano (2019-2026).<br \/>\n\u2022 P\u00e1roco (2020-2023): Par\u00f3quia Nossa Senhora Aparecida, Itaoca Pedra (Cachoeiro de Itapemirim -ES).<br \/>\n\u2022 Vig\u00e1rio Paroquial (2019): Catedral de Cachoeiro de Itapemirim (ES).<br \/>\n\u2022 Ordena\u00e7\u00e3o Presbiteral: 16\/06\/2019.<br \/>\n\u2022 Ordena\u00e7\u00e3o Diaconal: 22\/12\/2018.<\/p>\n<p><strong>Doc\u00eancia e colabora\u00e7\u00f5es\u00a0<\/strong><br \/>\n\u2022 Conselho Mission\u00e1rio de Seminaristas (2024): Arquidiocese de Vit\u00f3ria (ES).<br \/>\n\u2022 Professor (2019-2024): Escola Diaconal Santo Estev\u00e3o, Diocese de Cachoeiro de Itapemirim (ES).<br \/>\n\u2022 Professor (2020-2022): Semin\u00e1rio Bom Pastor (Etapa do Proped\u00eautico), Diocese de Cachoeiro de Itapemirim.<\/p>\n<pre style=\"text-align: justify;\">Por Willian Bonfim<\/pre>\n<p>&nbsp;<\/p>\n","protected":false},"excerpt":{"rendered":"<p>O padre Tiago Camargo foi aprovado como novo subscret\u00e1rio adjunto de Pastoral da CNBB e o padre Ant\u00f4nio Valdeir Duarte de Queir\u00f3z, pertecente ao clero da diocese de Cachoeiro de Itapemirim,  como Diretor Geral do Centro Cultural Mission\u00e1rio (CCM) e assessor da Comiss\u00e3o Episcopal para a A\u00e7\u00e3o Mission\u00e1ria e Coopera\u00e7\u00e3o da Confer\u00eancia <\/p>\n","protected":false},"author":142,"featured_media":995566,"comment_status":"closed","ping_status":"closed","sticky":false,"template":"","format":"standard","meta":{"site-sidebar-layout":"default","site-content-layout":"default","ast-global-header-display":"","ast-banner-title-visibility":"","ast-main-header-display":"","ast-hfb-above-header-display":"","ast-hfb-below-header-display":"","ast-hfb-mobile-header-display":"","site-post-title":"","ast-breadcrumbs-content":"","ast-featured-img":"","footer-sml-layout":"","theme-transparent-header-meta":"default","adv-header-id-meta":"","stick-header-meta":"","header-above-stick-meta":"","header-main-stick-meta":"","header-below-stick-meta":""},"categories":[834,50,1],"tags":[3388,3053],"acf":[],"_links":{"self":[{"href":"https:\/\/www.cnbb.org.br\/cnbb-app\/wp\/v2\/posts\/995558"}],"collection":[{"href":"https:\/\/www.cnbb.org.br\/cnbb-app\/wp\/v2\/posts"}],"about":[{"href":"https:\/\/www.cnbb.org.br\/cnbb-app\/wp\/v2\/types\/post"}],"author":[{"embeddable":true,"href":"https:\/\/www.cnbb.org.br\/cnbb-app\/wp\/v2\/users\/142"}],"replies":[{"embeddable":true,"href":"https:\/\/www.cnbb.org.br\/cnbb-app\/wp\/v2\/comments?post=995558"}],"version-history":[{"count":13,"href":"https:\/\/www.cnbb.org.br\/cnbb-app\/wp\/v2\/posts\/995558\/revisions"}],"predecessor-version":[{"id":995593,"href":"https:\/\/www.cnbb.org.br\/cnbb-app\/wp\/v2\/posts\/995558\/revisions\/995593"}],"wp:featuredmedia":[{"embeddable":true,"href":"https:\/\/www.cnbb.org.br\/cnbb-app\/wp\/v2\/media\/995566"}],"wp:attachment":[{"href":"https:\/\/www.cnbb.org.br\/cnbb-app\/wp\/v2\/media?parent=995558"}],"wp:term":[{"taxonomy":"category","embeddable":true,"href":"https:\/\/www.cnbb.org.br\/cnbb-app\/wp\/v2\/categories?post=995558"},{"taxonomy":"post_tag","embeddable":true,"href":"https:\/\/www.cnbb.org.br\/cnbb-app\/wp\/v2\/tags?post=995558"}],"curies":[{"name":"wp","href":"https:\/\/api.w.org\/{rel}","templated":true}]}}