{"id":995572,"date":"2026-03-05T15:21:20","date_gmt":"2026-03-05T18:21:20","guid":{"rendered":"https:\/\/www.cnbb.org.br\/?p=995572"},"modified":"2026-03-05T15:32:23","modified_gmt":"2026-03-05T18:32:23","slug":"conselho-permanente-padre-tiago-avila-camargo-subsecretario-adjunto-pastoral","status":"publish","type":"post","link":"https:\/\/www.cnbb.org.br\/conselho-permanente-padre-tiago-avila-camargo-subsecretario-adjunto-pastoral\/","title":{"rendered":"Conselho Permanente\u00a0acolhe padre Tiago \u00c1vila Camargo como novo subsecret\u00e1rio adjunto de Pastoral"},"content":{"rendered":"<p><span data-contrast=\"auto\">O Conselho Permanente da Confer\u00eancia Nacional dos Bispos do Brasil (CNBB) concluiu, nesta quinta-feira, 5 de mar\u00e7o, a sua 118\u00aa reuni\u00e3o, a primeira neste ano de 2026. Na \u00faltima sess\u00e3o, foram apresentados os\u00a0nomes escolhidos para assumir a subsecretaria de Pastoral e a assessoria da Comiss\u00e3o Episcopal para a\u00a0A\u00e7\u00e3o Mission\u00e1ria\u00a0da CNBB.\u00a0As partilhas das a\u00e7\u00f5es de regionais e do Secretariado Geral tamb\u00e9m foram destaque durante o encontro.<\/span><span data-ccp-props=\"{&quot;134233117&quot;:false,&quot;134233118&quot;:false,&quot;201341983&quot;:0,&quot;335551550&quot;:1,&quot;335551620&quot;:1,&quot;335559685&quot;:0,&quot;335559737&quot;:0,&quot;335559738&quot;:0,&quot;335559739&quot;:160,&quot;335559740&quot;:279}\">\u00a0<\/span><\/p>\n<p><span data-ccp-props=\"{&quot;134233117&quot;:false,&quot;134233118&quot;:false,&quot;201341983&quot;:0,&quot;335551550&quot;:1,&quot;335551620&quot;:1,&quot;335559685&quot;:0,&quot;335559737&quot;:0,&quot;335559738&quot;:0,&quot;335559739&quot;:160,&quot;335559740&quot;:279}\">\u00a0<\/span><\/p>\n<h3><span data-contrast=\"auto\">Novo subsecret\u00e1rio adjunto de Pastoral<\/span><span data-ccp-props=\"{&quot;134233117&quot;:false,&quot;134233118&quot;:false,&quot;201341983&quot;:0,&quot;335551550&quot;:1,&quot;335551620&quot;:1,&quot;335559685&quot;:0,&quot;335559737&quot;:0,&quot;335559738&quot;:0,&quot;335559739&quot;:160,&quot;335559740&quot;:279}\">\u00a0<\/span><\/h3>\n<p><span data-contrast=\"auto\">Padre Tiago \u00c1vila Camargo foi acolhido com uma calorosa salva de palmas ap\u00f3s ter o nome apresentado como novo subsecret\u00e1rio adjunto de Pastoral da CNBB. Ele suceder\u00e1 a dom\u00a0J\u00e2nison\u00a0de S\u00e1 Santos, ordenado bispo auxiliar da arquidiocese de Fortaleza.\u00a0<\/span><span data-ccp-props=\"{&quot;134233117&quot;:false,&quot;134233118&quot;:false,&quot;201341983&quot;:0,&quot;335551550&quot;:1,&quot;335551620&quot;:1,&quot;335559685&quot;:0,&quot;335559737&quot;:0,&quot;335559738&quot;:0,&quot;335559739&quot;:160,&quot;335559740&quot;:279}\">\u00a0<\/span><\/p>\n<p><span data-contrast=\"auto\">At\u00e9 o momento, padre Tiago era assessor da Comiss\u00e3o Episcopal para a A\u00e7\u00e3o Mission\u00e1ria e a Coopera\u00e7\u00e3o Intereclesial da CNBB e diretor executivo do Centro Cultural Mission\u00e1rio (CCM). O Conselho Permanente aprovou o nome de padre Tiago para a\u00a0subscretaria\u00a0de Pastoral\u00a0e de seu\u00a0sucessor\u00a0na comiss\u00e3o e no CCM\u00a0durante reuni\u00e3o reservada na tarde de ontem.\u00a0<\/span><span data-ccp-props=\"{&quot;134233117&quot;:false,&quot;134233118&quot;:false,&quot;201341983&quot;:0,&quot;335551550&quot;:1,&quot;335551620&quot;:1,&quot;335559685&quot;:0,&quot;335559737&quot;:0,&quot;335559738&quot;:0,&quot;335559739&quot;:160,&quot;335559740&quot;:279}\">\u00a0<\/span><\/p>\n<p><span data-contrast=\"auto\">O presidente da CNBB, cardeal Jaime Spengler, deu \u00e0s boas-vindas ao padre Tiago, agora com nova fun\u00e7\u00e3o, e desejou que &#8220;possa desenvolver um bom trabalho em prol da Igreja no Brasil\u201d.\u00a0<\/span><span data-ccp-props=\"{&quot;134233117&quot;:false,&quot;134233118&quot;:false,&quot;201341983&quot;:0,&quot;335551550&quot;:1,&quot;335551620&quot;:1,&quot;335559685&quot;:0,&quot;335559737&quot;:0,&quot;335559738&quot;:0,&quot;335559739&quot;:160,&quot;335559740&quot;:279}\">\u00a0<\/span><\/p>\n<p><img decoding=\"async\" loading=\"lazy\" class=\"aligncenter size-full wp-image-995584\" src=\"https:\/\/www.cnbb.org.br\/wp-content\/uploads\/2026\/03\/Conselho-Permanente-05032026-dom-Jaime.jpg\" alt=\"\" width=\"960\" height=\"640\" srcset=\"https:\/\/www.cnbb.org.br\/wp-content\/uploads\/2026\/03\/Conselho-Permanente-05032026-dom-Jaime.jpg 960w, https:\/\/www.cnbb.org.br\/wp-content\/uploads\/2026\/03\/Conselho-Permanente-05032026-dom-Jaime-300x200.jpg 300w, https:\/\/www.cnbb.org.br\/wp-content\/uploads\/2026\/03\/Conselho-Permanente-05032026-dom-Jaime-768x512.jpg 768w, https:\/\/www.cnbb.org.br\/wp-content\/uploads\/2026\/03\/Conselho-Permanente-05032026-dom-Jaime-500x333.jpg 500w\" sizes=\"(max-width: 960px) 100vw, 960px\" \/><\/p>\n<p><span data-contrast=\"auto\">Para a Comiss\u00e3o para a A\u00e7\u00e3o Mission\u00e1ria e o Centro Cultural Mission\u00e1rio, foi escolhido o padre Ant\u00f4nio Valdeir Duarte de Queir\u00f3z, da diocese de Cachoeiro de Itapemirim (ES). Atualmente ele \u00e9 assessor do Conselho Mission\u00e1rio Diocesano e referencial da Comiss\u00e3o para a A\u00e7\u00e3o Mission\u00e1ria no Regional Leste 3 da CNBB.<\/span><span data-ccp-props=\"{&quot;134233117&quot;:false,&quot;134233118&quot;:false,&quot;201341983&quot;:0,&quot;335551550&quot;:1,&quot;335551620&quot;:1,&quot;335559685&quot;:0,&quot;335559737&quot;:0,&quot;335559738&quot;:0,&quot;335559739&quot;:160,&quot;335559740&quot;:279}\">\u00a0<\/span><\/p>\n<p><a href=\"https:\/\/www.cnbb.org.br\/conheca-os-novos-nomes-aprovados-pelo-conselho-permanente-para-subrecretario-de-pastoral-e-comissao-missionaria-da-cnbb\/\"><span data-contrast=\"auto\">Conhe\u00e7a o perfil dos padres escolhidos aqui.\u00a0<\/span><span data-ccp-props=\"{&quot;134233117&quot;:false,&quot;134233118&quot;:false,&quot;201341983&quot;:0,&quot;335551550&quot;:1,&quot;335551620&quot;:1,&quot;335559685&quot;:0,&quot;335559737&quot;:0,&quot;335559738&quot;:0,&quot;335559739&quot;:160,&quot;335559740&quot;:279}\">\u00a0<\/span><\/a><\/p>\n<p><span data-ccp-props=\"{&quot;134233117&quot;:false,&quot;134233118&quot;:false,&quot;201341983&quot;:0,&quot;335551550&quot;:1,&quot;335551620&quot;:1,&quot;335559685&quot;:0,&quot;335559737&quot;:0,&quot;335559738&quot;:0,&quot;335559739&quot;:160,&quot;335559740&quot;:279}\">\u00a0<\/span><\/p>\n<h3><span data-contrast=\"auto\">Partilhas<\/span><span data-ccp-props=\"{&quot;134233117&quot;:false,&quot;134233118&quot;:false,&quot;201341983&quot;:0,&quot;335551550&quot;:1,&quot;335551620&quot;:1,&quot;335559685&quot;:0,&quot;335559737&quot;:0,&quot;335559738&quot;:0,&quot;335559739&quot;:160,&quot;335559740&quot;:279}\">\u00a0<\/span><\/h3>\n<p><span data-contrast=\"auto\">Durante as sess\u00f5es desta manh\u00e3, os bispos representantes dos regionais continuaram com as apresenta\u00e7\u00f5es das principais atividades realizadas nos \u00faltimos meses em \u00e2mbito local, como encontros formativos, celebra\u00e7\u00f5es e articula\u00e7\u00f5es das pastorais sociais.<\/span><span data-ccp-props=\"{&quot;134233117&quot;:false,&quot;134233118&quot;:false,&quot;201341983&quot;:0,&quot;335551550&quot;:1,&quot;335551620&quot;:1,&quot;335559685&quot;:0,&quot;335559737&quot;:0,&quot;335559738&quot;:0,&quot;335559739&quot;:160,&quot;335559740&quot;:279}\">\u00a0<\/span><\/p>\n<p><span data-contrast=\"auto\">Outra partilha foi feita por dom Leomar\u00a0Ant\u00f4nio Brustolin, presidente da Comiss\u00e3o para a Anima\u00e7\u00e3o B\u00edblico-Catequ\u00e9tica, que representou a CNBB no\u00a0Congresso Teol\u00f3gico Pastoral sobre o Acontecimento\u00a0Guadalupano, realizado na Cidade do M\u00e9xico, entre os dias 24 e 26 de fevereiro de 2026. \u00a0<\/span><span data-ccp-props=\"{}\">\u00a0<\/span><\/p>\n<p><span data-contrast=\"auto\">Com o tema \u201cNossa Senhora de Guadalupe: o acontecimento e seus ensinamentos para os processos de evangeliza\u00e7\u00e3o\u201d, o congresso reuniu bispos, sacerdotes, te\u00f3logos, religiosos e leigos de\u00a0toda a Am\u00e9rica e\u00a0de outras regi\u00f5es, com o objetivo de aprofundar a reflex\u00e3o teol\u00f3gica e pastoral sobre o acontecimento\u00a0guadalupano\u00a0e suas implica\u00e7\u00f5es para a evangeliza\u00e7\u00e3o no mundo contempor\u00e2neo.<\/span><span data-ccp-props=\"{}\">\u00a0<\/span><\/p>\n<figure id=\"attachment_995587\" aria-describedby=\"caption-attachment-995587\" style=\"width: 960px\" class=\"wp-caption aligncenter\"><img decoding=\"async\" loading=\"lazy\" class=\"size-full wp-image-995587\" src=\"https:\/\/www.cnbb.org.br\/wp-content\/uploads\/2026\/03\/Dom-Leomar-Conselho-Permanente.jpg\" alt=\"\" width=\"960\" height=\"640\" srcset=\"https:\/\/www.cnbb.org.br\/wp-content\/uploads\/2026\/03\/Dom-Leomar-Conselho-Permanente.jpg 960w, https:\/\/www.cnbb.org.br\/wp-content\/uploads\/2026\/03\/Dom-Leomar-Conselho-Permanente-300x200.jpg 300w, https:\/\/www.cnbb.org.br\/wp-content\/uploads\/2026\/03\/Dom-Leomar-Conselho-Permanente-768x512.jpg 768w, https:\/\/www.cnbb.org.br\/wp-content\/uploads\/2026\/03\/Dom-Leomar-Conselho-Permanente-500x333.jpg 500w\" sizes=\"(max-width: 960px) 100vw, 960px\" \/><figcaption id=\"caption-attachment-995587\" class=\"wp-caption-text\">Dom Leomar Brustolin | Foto: Fiama Tonh\u00e1\/CNBB<\/figcaption><\/figure>\n<p><span data-contrast=\"auto\">J\u00e1 as partilhas do Secretariado Geral foram feitas pelo subsecret\u00e1rio adjunto-geral, padre Leandro\u00a0Megeto,\u00a0e pelo\u00a0assessor de Comunica\u00e7\u00e3o, padre Arnaldo Rodrigues. Padre Leandro\u00a0falou sobre os preparativos da 62\u00aa Assembleia Geral da CNBB, marcada para o per\u00edodo de 15 a 24 de abril, em Aparecida (SP). Para o encontro, j\u00e1 s\u00e3o\u00a0486 inscritos, entre bispos,\u00a0colaboradores,\u00a0assessores, secret\u00e1rios executivos e convidados, dos quais\u00a0364 bispos, entre titulares e em\u00e9ritos.\u00a0<\/span><span data-ccp-props=\"{&quot;134233117&quot;:false,&quot;134233118&quot;:false,&quot;201341983&quot;:0,&quot;335551550&quot;:1,&quot;335551620&quot;:1,&quot;335559685&quot;:0,&quot;335559737&quot;:0,&quot;335559738&quot;:0,&quot;335559739&quot;:160,&quot;335559740&quot;:279}\">\u00a0<\/span><\/p>\n<p><span data-contrast=\"auto\">Em sua partilha, padre Arnaldo\u00a0apresentou uma an\u00e1lise sobre o alcance e as intera\u00e7\u00f5es a partir dos pronunciamentos da Confer\u00eancia no ano de 2025, destacando a contribui\u00e7\u00e3o das estrat\u00e9gias\u00a0de comunica\u00e7\u00e3o para levar a mais pessoas as falas da Confer\u00eancia e favorecer a acolhida positiva da palavra oficial da CNBB no debate p\u00fablico.\u00a0<\/span><span data-ccp-props=\"{&quot;134233117&quot;:false,&quot;134233118&quot;:false,&quot;201341983&quot;:0,&quot;335551550&quot;:1,&quot;335551620&quot;:1,&quot;335559685&quot;:0,&quot;335559737&quot;:0,&quot;335559738&quot;:0,&quot;335559739&quot;:160,&quot;335559740&quot;:279}\">\u00a0<\/span><\/p>\n<p><span data-ccp-props=\"{&quot;134233117&quot;:false,&quot;134233118&quot;:false,&quot;201341983&quot;:0,&quot;335551550&quot;:1,&quot;335551620&quot;:1,&quot;335559685&quot;:0,&quot;335559737&quot;:0,&quot;335559738&quot;:0,&quot;335559739&quot;:160,&quot;335559740&quot;:279}\">\u00a0<\/span><\/p>\n<h3><span data-contrast=\"auto\">Atualiza\u00e7\u00e3o de estatutos<\/span><span data-ccp-props=\"{&quot;134233117&quot;:false,&quot;134233118&quot;:false,&quot;201341983&quot;:0,&quot;335551550&quot;:1,&quot;335551620&quot;:1,&quot;335559685&quot;:0,&quot;335559737&quot;:0,&quot;335559738&quot;:0,&quot;335559739&quot;:160,&quot;335559740&quot;:279}\">\u00a0<\/span><\/h3>\n<p><span data-contrast=\"auto\">Tamb\u00e9m na manh\u00e3 desta quinta-feira, os membros do Conselho Permanente apreciaram os estatutos da Comiss\u00e3o Nacional de Presb\u00edteros do Brasil (CNP) e da Organiza\u00e7\u00e3o dos Semin\u00e1rios e Institutos Filos\u00f3fico-Teol\u00f3gicos do Brasil (Osib). Os dois organismos atualizaram suas normas conforme o processo j\u00e1 realizado de atualiza\u00e7\u00e3o pela CNBB, promulgado em 2022.<\/span><span data-ccp-props=\"{&quot;134233117&quot;:false,&quot;134233118&quot;:false,&quot;201341983&quot;:0,&quot;335551550&quot;:1,&quot;335551620&quot;:1,&quot;335559685&quot;:0,&quot;335559737&quot;:0,&quot;335559738&quot;:0,&quot;335559739&quot;:160,&quot;335559740&quot;:279}\">\u00a0<\/span><\/p>\n<p><span data-ccp-props=\"{&quot;134233117&quot;:false,&quot;134233118&quot;:false,&quot;201341983&quot;:0,&quot;335551550&quot;:1,&quot;335551620&quot;:1,&quot;335559685&quot;:0,&quot;335559737&quot;:0,&quot;335559738&quot;:0,&quot;335559739&quot;:160,&quot;335559740&quot;:279}\">\u00a0<\/span><\/p>\n<h3><span data-contrast=\"auto\">Promover a Ecologia Integral<\/span><span data-ccp-props=\"{&quot;134233117&quot;:false,&quot;134233118&quot;:false,&quot;201341983&quot;:0,&quot;335551550&quot;:1,&quot;335551620&quot;:1,&quot;335559685&quot;:0,&quot;335559737&quot;:0,&quot;335559738&quot;:0,&quot;335559739&quot;:160,&quot;335559740&quot;:279}\">\u00a0<\/span><\/h3>\n<p><span data-contrast=\"auto\">A primeira sess\u00e3o da manh\u00e3 desta quinta-feira foi momento de renova\u00e7\u00e3o de um convite \u00e0 Igreja para continuar a dar respostas aos desafios do tempo\u00a0atual\u00a0relacionados ao cuidado da Casa Comum, o planeta que vivemos. O\u00a0coordenador de Campanhas e Projetos do Movimento\u00a0Laudato\u00a0Si\u2019 no Brasil, Eduardo\u00a0Nischespois\u00a0Scorsatto,\u00a0situou a urg\u00eancia de a Igreja continuar a agir frente \u00e0 dramaticidade dos dados clim\u00e1ticos\u00a0<\/span><span data-ccp-props=\"{&quot;134233117&quot;:false,&quot;134233118&quot;:false,&quot;201341983&quot;:0,&quot;335551550&quot;:1,&quot;335551620&quot;:1,&quot;335559685&quot;:0,&quot;335559737&quot;:0,&quot;335559738&quot;:0,&quot;335559739&quot;:160,&quot;335559740&quot;:279}\">\u00a0<\/span><\/p>\n<blockquote><p><span data-contrast=\"auto\">\u201c\u00c0 nossa frente, permanece um desfio muito concreto. A nossa rea\u00e7\u00e3o n\u00e3o tem sido forte e r\u00e1pida o suficiente diante de tudo que temos pela frente.\u00a0O que ficar\u00e1? As for\u00e7as que fazem a\u00a0Laudato\u00a0Si\u2019 parecer\u00a0insginificante\u00a0ou a nossa luta, nossos esfor\u00e7os?\u201d, refletiu.\u00a0<\/span><span data-ccp-props=\"{&quot;134233117&quot;:false,&quot;134233118&quot;:false,&quot;201341983&quot;:0,&quot;335551550&quot;:1,&quot;335551620&quot;:1,&quot;335559685&quot;:0,&quot;335559737&quot;:0,&quot;335559738&quot;:0,&quot;335559739&quot;:160,&quot;335559740&quot;:279}\">\u00a0<\/span><\/p><\/blockquote>\n<p><span data-contrast=\"auto\">Eduardo colocou o Movimento\u00a0Luadato\u00a0Si\u2019\u00a0\u00e0 disposi\u00e7\u00e3o dos bispos para cumprir a miss\u00e3o de animar a Igreja na caminhada em vista do novo paradigma da ecologia integral. Tamb\u00e9m se colocou \u00e0 disposi\u00e7\u00e3o para contribuir com as a\u00e7\u00f5es das Comiss\u00f5es Episcopais, assim como tem sido feito em \u00e2mbito internacional por meio da colabora\u00e7\u00e3o com o Dicast\u00e9rio\u00a0para o Desenvolvimento Humano integral com a plataforma\u00a0Laudato\u00a0Si\u2019 que oferece ferramentas pr\u00e1ticas para proteger a casa comum.<\/span><\/p>\n<figure id=\"attachment_995586\" aria-describedby=\"caption-attachment-995586\" style=\"width: 960px\" class=\"wp-caption aligncenter\"><img decoding=\"async\" loading=\"lazy\" class=\"size-full wp-image-995586\" src=\"https:\/\/www.cnbb.org.br\/wp-content\/uploads\/2026\/03\/Conselho-Permanente-Eduardo.jpg\" alt=\"\" width=\"960\" height=\"541\" srcset=\"https:\/\/www.cnbb.org.br\/wp-content\/uploads\/2026\/03\/Conselho-Permanente-Eduardo.jpg 960w, https:\/\/www.cnbb.org.br\/wp-content\/uploads\/2026\/03\/Conselho-Permanente-Eduardo-300x169.jpg 300w, https:\/\/www.cnbb.org.br\/wp-content\/uploads\/2026\/03\/Conselho-Permanente-Eduardo-768x433.jpg 768w, https:\/\/www.cnbb.org.br\/wp-content\/uploads\/2026\/03\/Conselho-Permanente-Eduardo-500x282.jpg 500w\" sizes=\"(max-width: 960px) 100vw, 960px\" \/><figcaption id=\"caption-attachment-995586\" class=\"wp-caption-text\">Eduardo fala aos bispos do Conselho Permanente | Foto: Larissa Carvalho\/CNBB<\/figcaption><\/figure>\n<p>&nbsp;<\/p>\n<p><span data-contrast=\"auto\">Ele tamb\u00e9m agradeceu \u00e0 CNBB pelo apoio na articula\u00e7\u00e3o da presen\u00e7a da Igreja na Confer\u00eancia do Clima, a COP30, evento mundial que contou com a maior presen\u00e7a da Igreja Cat\u00f3lica. &#8220;Tudo isso se deve aos esfor\u00e7os dessa Confer\u00eancia Episcopal\u201d, enalteceu Eduardo.<\/span><span data-ccp-props=\"{&quot;134233117&quot;:false,&quot;134233118&quot;:false,&quot;201341983&quot;:0,&quot;335551550&quot;:1,&quot;335551620&quot;:1,&quot;335559685&quot;:0,&quot;335559737&quot;:0,&quot;335559738&quot;:0,&quot;335559739&quot;:160,&quot;335559740&quot;:279}\">\u00a0<\/span><\/p>\n<p><span data-ccp-props=\"{&quot;134233117&quot;:false,&quot;134233118&quot;:false,&quot;201341983&quot;:0,&quot;335551550&quot;:1,&quot;335551620&quot;:1,&quot;335559685&quot;:0,&quot;335559737&quot;:0,&quot;335559738&quot;:0,&quot;335559739&quot;:160,&quot;335559740&quot;:279}\">\u00a0<\/span><\/p>\n<pre><span data-contrast=\"auto\">Luiz Lopes Jr.\u00a0<\/span><span data-ccp-props=\"{&quot;134233117&quot;:false,&quot;134233118&quot;:false,&quot;201341983&quot;:0,&quot;335551550&quot;:1,&quot;335551620&quot;:1,&quot;335559685&quot;:0,&quot;335559737&quot;:0,&quot;335559738&quot;:0,&quot;335559739&quot;:160,&quot;335559740&quot;:279}\">\u00a0<\/span><\/pre>\n","protected":false},"excerpt":{"rendered":"<p>Na \u00faltima sess\u00e3o, foram apresentados os\u00a0nomes escolhidos para assumir a subsecretaria de Pastoral e a assessoria da Comiss\u00e3o Episcopal para a\u00a0A\u00e7\u00e3o Mission\u00e1ria\u00a0da CNBB.\u00a0As partilhas das a\u00e7\u00f5es de regionais e do Secretariado Geral tamb\u00e9m foram destaque durante o encontro<\/p>\n","protected":false},"author":38,"featured_media":995592,"comment_status":"closed","ping_status":"closed","sticky":false,"template":"","format":"standard","meta":{"site-sidebar-layout":"default","site-content-layout":"default","ast-global-header-display":"","ast-banner-title-visibility":"","ast-main-header-display":"","ast-hfb-above-header-display":"","ast-hfb-below-header-display":"","ast-hfb-mobile-header-display":"","site-post-title":"","ast-breadcrumbs-content":"","ast-featured-img":"","footer-sml-layout":"","theme-transparent-header-meta":"default","adv-header-id-meta":"","stick-header-meta":"","header-above-stick-meta":"","header-main-stick-meta":"","header-below-stick-meta":""},"categories":[834,1841],"tags":[3053],"acf":[],"_links":{"self":[{"href":"https:\/\/www.cnbb.org.br\/cnbb-app\/wp\/v2\/posts\/995572"}],"collection":[{"href":"https:\/\/www.cnbb.org.br\/cnbb-app\/wp\/v2\/posts"}],"about":[{"href":"https:\/\/www.cnbb.org.br\/cnbb-app\/wp\/v2\/types\/post"}],"author":[{"embeddable":true,"href":"https:\/\/www.cnbb.org.br\/cnbb-app\/wp\/v2\/users\/38"}],"replies":[{"embeddable":true,"href":"https:\/\/www.cnbb.org.br\/cnbb-app\/wp\/v2\/comments?post=995572"}],"version-history":[{"count":3,"href":"https:\/\/www.cnbb.org.br\/cnbb-app\/wp\/v2\/posts\/995572\/revisions"}],"predecessor-version":[{"id":995590,"href":"https:\/\/www.cnbb.org.br\/cnbb-app\/wp\/v2\/posts\/995572\/revisions\/995590"}],"wp:featuredmedia":[{"embeddable":true,"href":"https:\/\/www.cnbb.org.br\/cnbb-app\/wp\/v2\/media\/995592"}],"wp:attachment":[{"href":"https:\/\/www.cnbb.org.br\/cnbb-app\/wp\/v2\/media?parent=995572"}],"wp:term":[{"taxonomy":"category","embeddable":true,"href":"https:\/\/www.cnbb.org.br\/cnbb-app\/wp\/v2\/categories?post=995572"},{"taxonomy":"post_tag","embeddable":true,"href":"https:\/\/www.cnbb.org.br\/cnbb-app\/wp\/v2\/tags?post=995572"}],"curies":[{"name":"wp","href":"https:\/\/api.w.org\/{rel}","templated":true}]}}