{"id":995581,"date":"2026-03-05T14:57:15","date_gmt":"2026-03-05T17:57:15","guid":{"rendered":"https:\/\/www.cnbb.org.br\/?p=995581"},"modified":"2026-03-05T14:58:21","modified_gmt":"2026-03-05T17:58:21","slug":"3o-domingo-da-quaresma-ciclo-a","status":"publish","type":"post","link":"https:\/\/www.cnbb.org.br\/3o-domingo-da-quaresma-ciclo-a\/","title":{"rendered":"3\u00ba\u00a0Domingo da Quaresma\u00a0ciclo A\u00a0\u00a0"},"content":{"rendered":"<div style=\"text-align: right;\"><strong>Dom Antonio Carlos Rossi Keller<\/strong><\/div>\n<p style=\"text-align: right;\" aria-level=\"3\"><strong>Bispo de Frederico Westphalen (RS)<\/strong><\/p>\n<p style=\"text-align: justify;\" aria-level=\"4\"><span data-ccp-props=\"{&quot;134245418&quot;:true,&quot;201341983&quot;:0,&quot;335551550&quot;:6,&quot;335551620&quot;:6,&quot;335559738&quot;:120,&quot;335559739&quot;:120,&quot;335559740&quot;:360}\">\u00a0<\/span><\/p>\n<p style=\"text-align: justify;\"><span data-contrast=\"auto\">O Domingo III da Quaresma, no Ciclo A do Ano Lit\u00fargico, convida os fi\u00e9is a uma reflex\u00e3o profunda sobre a sede espiritual que permeia a exist\u00eancia humana. Neste tempo de prepara\u00e7\u00e3o para a P\u00e1scoa, a Igreja nos apresenta leituras que evocam o tema da \u00e1gua como s\u00edmbolo de vida, gra\u00e7a e encontro com Deus. Inspiradas no encontro de Jesus com a samaritana no po\u00e7o de Jac\u00f3, essas passagens nos recordam que, assim como o povo de Israel clamou por \u00e1gua no deserto, n\u00f3s tamb\u00e9m buscamos algo que sacie nossa sede interior.\u00a0<\/span><span data-ccp-props=\"{&quot;201341983&quot;:0,&quot;335551550&quot;:6,&quot;335551620&quot;:6,&quot;335559739&quot;:140,&quot;335559740&quot;:360}\">\u00a0<\/span><\/p>\n<p style=\"text-align: justify;\"><span data-contrast=\"auto\">As leituras do Domingo III da Quaresma (Ciclo A) giram em torno do tema da \u00e1gua viva, representando a salva\u00e7\u00e3o e o amor de Deus que transforma vidas. Vamos coment\u00e1-las sucintamente:<\/span><span data-ccp-props=\"{&quot;201341983&quot;:0,&quot;335551550&quot;:6,&quot;335551620&quot;:6,&quot;335559739&quot;:140,&quot;335559740&quot;:360}\">\u00a0<\/span><\/p>\n<p style=\"text-align: justify;\"><b><span data-contrast=\"auto\">Na primeira leitura: \u00caxodo 17,3-7<\/span><\/b><span data-contrast=\"auto\">\u00a0\u2013\u00a0Aqui, o povo de Israel, no deserto, murmura contra Mois\u00e9s por causa da falta de \u00e1gua. Deus instrui Mois\u00e9s a bater na rocha de\u00a0Horeb, de onde jorra \u00e1gua para saciar a sede do povo. Esse epis\u00f3dio simboliza a provid\u00eancia divina em meio \u00e0s prova\u00e7\u00f5es. No contexto quaresmal, ele nos ensina que, mesmo em momentos de d\u00favida e reclama\u00e7\u00e3o, Deus responde com miseric\u00f3rdia, convidando-nos a confiar em Sua presen\u00e7a. A rocha golpeada prefigura Cristo, de quem brota a gra\u00e7a salv\u00edfica, como S\u00e3o Paulo mais tarde afirmar\u00e1.<\/span><span data-ccp-props=\"{&quot;201341983&quot;:0,&quot;335551550&quot;:6,&quot;335551620&quot;:6,&quot;335559739&quot;:140,&quot;335559740&quot;:360}\">\u00a0<\/span><\/p>\n<p style=\"text-align: justify;\"><b><span data-contrast=\"auto\">Segunda Leitura: Romanos 5,1-2.5-8<\/span><\/b><span data-contrast=\"auto\">\u00a0\u2013\u00a0S\u00e3o Paulo proclama que, justificados pela f\u00e9, temos acesso \u00e0 gra\u00e7a de Deus, e o amor divino \u00e9 derramado em nossos cora\u00e7\u00f5es pelo Esp\u00edrito Santo. Ele enfatiza que Cristo morreu por n\u00f3s quando ainda \u00e9ramos pecadores, revelando a profundidade do amor de Deus. Essa leitura se conecta ao tema da \u00e1gua viva, pois o Esp\u00edrito \u00e9 como uma fonte interior que nos vivifica, transformando nossa fraqueza em esperan\u00e7a.<\/span><span data-ccp-props=\"{&quot;201341983&quot;:0,&quot;335551550&quot;:6,&quot;335551620&quot;:6,&quot;335559739&quot;:140,&quot;335559740&quot;:360}\">\u00a0<\/span><\/p>\n<p style=\"text-align: justify;\"><b><span data-contrast=\"auto\">Evangelho: Jo\u00e3o 4,5-42 \u2014\u202f<\/span><\/b><span data-contrast=\"auto\">O encontro de Jesus com a mulher samaritana no po\u00e7o de Jac\u00f3\u00a0\u00e9 o cora\u00e7\u00e3o deste domingo. Jesus, cansado, pede \u00e1gua \u00e0 samaritana, uma estrangeira e pecadora, rompendo barreiras sociais e religiosas. Ele revela-se como a &#8220;\u00e1gua viva&#8221; que sacia para sempre, levando-a a reconhecer seus pecados e converter-se. A samaritana, ent\u00e3o, torna-se mission\u00e1ria, anunciando Jesus \u00e0 sua cidade. Essa narrativa destaca o di\u00e1logo transformador com Cristo, que conhece nossa hist\u00f3ria e nos oferece salva\u00e7\u00e3o, convidando-nos a uma f\u00e9\u00a0aut\u00eantica e evangelizadora.\u00a0<\/span><span data-ccp-props=\"{&quot;201341983&quot;:0,&quot;335551550&quot;:6,&quot;335551620&quot;:6,&quot;335559739&quot;:140,&quot;335559740&quot;:360}\">\u00a0<\/span><\/p>\n<p style=\"text-align: justify;\"><span data-contrast=\"auto\">Essas leituras formam um mosaico que ilustra como Deus satisfaz nossa sede espiritual: do milagre no deserto \u00e0 revela\u00e7\u00e3o pessoal em Jesus, passando pela efus\u00e3o do Esp\u00edrito.<\/span><span data-ccp-props=\"{&quot;201341983&quot;:0,&quot;335551550&quot;:6,&quot;335551620&quot;:6,&quot;335559739&quot;:140,&quot;335559740&quot;:360}\">\u00a0<\/span><\/p>\n<p style=\"text-align: justify;\"><span data-contrast=\"auto\">O Domingo III da Quaresma nos desafia a examinar nossa pr\u00f3pria &#8220;sede&#8221; \u2014 aquelas car\u00eancias espirituais, como d\u00favidas, pecados ou rotinas vazias \u2014 e a buscar a \u00e1gua viva em Cristo.<\/span><span data-ccp-props=\"{&quot;201341983&quot;:0,&quot;335551550&quot;:6,&quot;335551620&quot;:6,&quot;335559739&quot;:140,&quot;335559740&quot;:360}\">\u00a0<\/span><\/p>\n<p style=\"text-align: justify;\"><span data-contrast=\"auto\">Para aplicar isso em nossa vida, podemos pensar em algumas pr\u00e1ticas concretas:<\/span><span data-ccp-props=\"{&quot;201341983&quot;:0,&quot;335551550&quot;:6,&quot;335551620&quot;:6,&quot;335559739&quot;:140,&quot;335559740&quot;:360}\">\u00a0<\/span><\/p>\n<p style=\"text-align: justify;\"><span data-contrast=\"auto\">\u2014\u00a0Dedicar tempo di\u00e1rio \u00e0 ora\u00e7\u00e3o pessoal, como uma medita\u00e7\u00e3o sobre o Evangelho da samaritana, para dialogar honestamente com Jesus sobre suas fraquezas.<\/span><span data-ccp-props=\"{&quot;201341983&quot;:0,&quot;335551550&quot;:6,&quot;335551620&quot;:6,&quot;335559739&quot;:140,&quot;335559740&quot;:360}\">\u00a0<\/span><\/p>\n<p style=\"text-align: justify;\"><span data-contrast=\"auto\">\u2014\u00a0Participar ativamente da Eucaristia, fonte de gra\u00e7a, e estender o encontro com Cristo aos outros, rompendo preconceitos em gestos de acolhida, como ajudar um necessitado ou se reconciliar com algu\u00e9m distante.\u00a0<\/span><span data-ccp-props=\"{&quot;201341983&quot;:0,&quot;335551550&quot;:6,&quot;335551620&quot;:6,&quot;335559739&quot;:140,&quot;335559740&quot;:360}\">\u00a0<\/span><\/p>\n<p style=\"text-align: justify;\"><span data-contrast=\"auto\">Neste ano de 2026, a reflex\u00e3o ganha ainda mais profundidade com a\u00a0<\/span><b><span data-contrast=\"auto\">Campanha da Fraternidade<\/span><\/b><span data-contrast=\"auto\">, promovida pela CNBB, cujo tema \u00e9 \u201cFraternidade e Moradia\u201d e lema \u201cEle veio morar entre n\u00f3s\u201d (Jo\u00a01,14). Inspirada no mist\u00e9rio da Encarna\u00e7\u00e3o, a Campanha nos convida a reconhecer a moradia digna como direito fundamental e express\u00e3o concreta da f\u00e9 crist\u00e3, combatendo a exclus\u00e3o social e promovendo solidariedade com quem vive em situa\u00e7\u00e3o de vulnerabilidade habitacional. Assim, transformados pelo amor de Deus, como a samaritana, seremos testemunhas vivas da esperan\u00e7a pascal em nosso cotidiano, construindo comunidades onde todos possam \u201cmorar\u201d com dignidade. Que esta \u00e1gua viva nos impulsione a uma convers\u00e3o genu\u00edna e frutuosa.<\/span><span data-ccp-props=\"{&quot;201341983&quot;:0,&quot;335551550&quot;:6,&quot;335551620&quot;:6,&quot;335559739&quot;:140,&quot;335559740&quot;:360}\">\u00a0<\/span><\/p>\n","protected":false},"excerpt":{"rendered":"<p>Dom Antonio Carlos Rossi Keller Bispo de Frederico Westphalen (RS) \u00a0 O Domingo III da Quaresma, no Ciclo A do Ano Lit\u00fargico, convida os fi\u00e9is a uma reflex\u00e3o profunda sobre a sede espiritual que permeia a exist\u00eancia humana. Neste tempo de prepara\u00e7\u00e3o para a P\u00e1scoa, a Igreja nos apresenta leituras que evocam o tema da &hellip;<\/p>\n<p class=\"read-more\"> <a class=\"\" href=\"https:\/\/www.cnbb.org.br\/3o-domingo-da-quaresma-ciclo-a\/\"> <span class=\"screen-reader-text\">3\u00ba\u00a0Domingo da Quaresma\u00a0ciclo A\u00a0\u00a0<\/span> Leia mais &raquo;<\/a><\/p>\n","protected":false},"author":1821,"featured_media":0,"comment_status":"closed","ping_status":"closed","sticky":false,"template":"","format":"standard","meta":{"site-sidebar-layout":"default","site-content-layout":"default","ast-global-header-display":"","ast-banner-title-visibility":"","ast-main-header-display":"","ast-hfb-above-header-display":"","ast-hfb-below-header-display":"","ast-hfb-mobile-header-display":"","site-post-title":"","ast-breadcrumbs-content":"","ast-featured-img":"","footer-sml-layout":"","theme-transparent-header-meta":"default","adv-header-id-meta":"","stick-header-meta":"","header-above-stick-meta":"","header-main-stick-meta":"","header-below-stick-meta":""},"categories":[758],"tags":[],"acf":[],"_links":{"self":[{"href":"https:\/\/www.cnbb.org.br\/cnbb-app\/wp\/v2\/posts\/995581"}],"collection":[{"href":"https:\/\/www.cnbb.org.br\/cnbb-app\/wp\/v2\/posts"}],"about":[{"href":"https:\/\/www.cnbb.org.br\/cnbb-app\/wp\/v2\/types\/post"}],"author":[{"embeddable":true,"href":"https:\/\/www.cnbb.org.br\/cnbb-app\/wp\/v2\/users\/1821"}],"replies":[{"embeddable":true,"href":"https:\/\/www.cnbb.org.br\/cnbb-app\/wp\/v2\/comments?post=995581"}],"version-history":[{"count":2,"href":"https:\/\/www.cnbb.org.br\/cnbb-app\/wp\/v2\/posts\/995581\/revisions"}],"predecessor-version":[{"id":995583,"href":"https:\/\/www.cnbb.org.br\/cnbb-app\/wp\/v2\/posts\/995581\/revisions\/995583"}],"wp:attachment":[{"href":"https:\/\/www.cnbb.org.br\/cnbb-app\/wp\/v2\/media?parent=995581"}],"wp:term":[{"taxonomy":"category","embeddable":true,"href":"https:\/\/www.cnbb.org.br\/cnbb-app\/wp\/v2\/categories?post=995581"},{"taxonomy":"post_tag","embeddable":true,"href":"https:\/\/www.cnbb.org.br\/cnbb-app\/wp\/v2\/tags?post=995581"}],"curies":[{"name":"wp","href":"https:\/\/api.w.org\/{rel}","templated":true}]}}