{"id":995600,"date":"2026-03-06T09:01:53","date_gmt":"2026-03-06T12:01:53","guid":{"rendered":"https:\/\/www.cnbb.org.br\/?p=995600"},"modified":"2026-03-06T09:03:22","modified_gmt":"2026-03-06T12:03:22","slug":"que-a-guerra-nao-me-seja-indiferente","status":"publish","type":"post","link":"https:\/\/www.cnbb.org.br\/que-a-guerra-nao-me-seja-indiferente\/","title":{"rendered":"\u201cQue a guerra n\u00e3o me seja indiferente&#8230;\u201d\u00a0"},"content":{"rendered":"<p style=\"text-align: right;\"><span data-contrast=\"none\"><strong>Dom Itacir Brassiani<\/strong><br \/>\n<strong>Bispo de Santa Cruz do Sul (RS)<\/strong><\/p>\n<p><\/span><\/p>\n<p style=\"text-align: justify;\"><span data-contrast=\"none\">O compositor argentino Le\u00f3n\u00a0Gieco\u00a0comp\u00f4s, em 1978, a can\u00e7\u00e3o &#8220;S\u00f3lo\u00a0le\u00a0pido\u00a0a\u00a0Dios\u201d,\u00a0que se tornaria\u00a0uma das suas\u00a0can\u00e7\u00f5es mais conhecidas\u00a0e lhe daria\u00a0reconhecimento internacional. A can\u00e7\u00e3o \u00e9 uma esp\u00e9cie de manifesto contra\u00a0toda esp\u00e9cie de indiferen\u00e7a, desde a\u00a0sua forma mais inocente\u00a0e inimput\u00e1vel at\u00e9\u00a0a\u00a0sua forma mais c\u00ednica e culp\u00e1vel.<\/span><span data-ccp-props=\"{&quot;335551550&quot;:6,&quot;335551620&quot;:6,&quot;335559739&quot;:120}\">\u00a0<\/span><\/p>\n<p style=\"text-align: justify;\"><span data-contrast=\"none\">Come\u00e7a\u00a0com uma sinceridade comovente: \u201cEu s\u00f3 pe\u00e7o a Deus que a dor n\u00e3o me seja indiferente, que a morte n\u00e3o me encontre um dia solit\u00e1rio sem ter feito o que eu queria\u201d. E prossegue, questionando at\u00e9 o mandamento de oferecer a outra face a quem nos agride impunemente: \u201cEu s\u00f3 pe\u00e7o a Deus que a dor n\u00e3o me seja indiferente\u201d.<\/span><span data-ccp-props=\"{&quot;201341983&quot;:0,&quot;335551550&quot;:6,&quot;335551620&quot;:6,&quot;335559740&quot;:240}\">\u00a0<\/span><\/p>\n<p style=\"text-align: justify;\"><span data-contrast=\"none\">Creio que seria\u00a0de\u00a0esperar que essa can\u00e7\u00e3o ressoasse hoje em v\u00e1rias tradu\u00e7\u00f5es nos r\u00e1dios e nas redes sociais.\u00a0N\u00e3o sei exatamente qual foi o\u00a0v\u00edrus que infectou o\u00a0mundo e destruiu uma das caracter\u00edsticas humanas mais fundamentais: a capacidade de indignar-se. A indiferen\u00e7a se globalizou e passou a ser receitada como estrat\u00e9gia para sobreviver.<\/span><span data-ccp-props=\"{&quot;201341983&quot;:0,&quot;335551550&quot;:6,&quot;335551620&quot;:6,&quot;335559740&quot;:240}\">\u00a0<\/span><\/p>\n<p style=\"text-align: justify;\"><span data-contrast=\"none\">As guerras e os destro\u00e7os humanos e materiais que elas\u00a0multiplicam nos s\u00e3o\u00a0servidos diariamente enquanto jantamos placidamente. Quem teria conseguido a fa\u00e7anha de nos convencer de que s\u00e3o normais e aceit\u00e1veis? \u201c<\/span><span data-contrast=\"none\">Eu s\u00f3 pe\u00e7o a Deus<\/span><span data-contrast=\"none\">\u00a0<\/span><span data-contrast=\"none\">que a guerra n\u00e3o me seja indiferente; \u00e9\u00a0um monstro grande e pisa forte<\/span><span data-contrast=\"none\">\u00a0t<\/span><span data-contrast=\"none\">oda pobre inoc\u00eancia desta gente<\/span><span data-contrast=\"none\">\u201d.<\/span><span data-ccp-props=\"{&quot;201341983&quot;:0,&quot;335551550&quot;:6,&quot;335551620&quot;:6,&quot;335559740&quot;:240}\">\u00a0<\/span><\/p>\n<p style=\"text-align: justify;\"><span data-contrast=\"none\">Os chefes do mundo\u00a0promovem\u00a0guerras apelando a desculpas defensivas, preventivas e at\u00e9 humanit\u00e1rias<\/span><span data-contrast=\"none\">. Mas a guerra \u00e9 sempre injustific\u00e1vel.\u00a0\u201c<\/span><span data-contrast=\"none\">Toda a guerra deixa o mundo pior do que o encontrou. A guerra \u00e9 um fracasso da pol\u00edtica e da humanidade, uma rendi\u00e7\u00e3o vergonhosa, uma derrota perante as for\u00e7as do mal\u201d (<\/span><i><span data-contrast=\"none\">Papa Francisco<\/span><\/i><span data-contrast=\"none\">).<\/span><span data-ccp-props=\"{&quot;335551550&quot;:6,&quot;335551620&quot;:6,&quot;335559739&quot;:120}\">\u00a0<\/span><\/p>\n<p style=\"text-align: justify;\"><span data-contrast=\"none\">Para os crist\u00e3os, as\u00a0raz\u00f5es da paz\u00a0devem ser sempre\u00a0mais fortes do que\u00a0os\u00a0interesses particulares\u00a0(econ\u00f4micos ou pol\u00edticos)\u00a0e a\u00a0ing\u00eanua\u00a0confian\u00e7a\u00a0na for\u00e7a das armas.\u00a0Apostar na guerra denota a falta de\u00a0uma vis\u00e3o de futuro e de\u00a0uma consci\u00eancia compartilhada sobre o nosso destino comum, diz o Papa Francisco (cf.\u00a0<\/span><i><span data-contrast=\"none\">Fratelli tutti<\/span><\/i><span data-contrast=\"none\">, \u00a7 261).<\/span><span data-ccp-props=\"{&quot;335551550&quot;:6,&quot;335551620&quot;:6,&quot;335559739&quot;:120}\">\u00a0<\/span><\/p>\n<p style=\"text-align: justify;\"><span data-contrast=\"none\">Aceitemos o pedido do Papa, e n\u00e3o disfarcemos\u00a0nossa indiferen\u00e7a pecaminosa com c\u00ednicas\u00a0discuss\u00f5es te\u00f3ricas. Toquemos\u00a0a carne de quem\u00a0sofre\u00a0os danos\u00a0das guerras.\u00a0Consideremos a verdade das v\u00edtimas, olhemos a realidade com os seus olhos e escutemos as suas hist\u00f3rias com o cora\u00e7\u00e3o aberto. Assim poderemos reconhecer\u00a0a monstruosidade\u00a0da guerra, e\u00a0faremos pouco caso se nos tratam como ing\u00eanuos por\u00a0defendermos\u00a0a paz.<\/span><span data-ccp-props=\"{&quot;335551550&quot;:6,&quot;335551620&quot;:6,&quot;335559739&quot;:120}\">\u00a0<\/span><\/p>\n<p>&nbsp;<\/p>\n","protected":false},"excerpt":{"rendered":"<p>Dom Itacir Brassiani Bispo de Santa Cruz do Sul (RS) O compositor argentino Le\u00f3n\u00a0Gieco\u00a0comp\u00f4s, em 1978, a can\u00e7\u00e3o &#8220;S\u00f3lo\u00a0le\u00a0pido\u00a0a\u00a0Dios\u201d,\u00a0que se tornaria\u00a0uma das suas\u00a0can\u00e7\u00f5es mais conhecidas\u00a0e lhe daria\u00a0reconhecimento internacional. A can\u00e7\u00e3o \u00e9 uma esp\u00e9cie de manifesto contra\u00a0toda esp\u00e9cie de indiferen\u00e7a, desde a\u00a0sua forma mais inocente\u00a0e inimput\u00e1vel at\u00e9\u00a0a\u00a0sua forma mais c\u00ednica e culp\u00e1vel.\u00a0 Come\u00e7a\u00a0com uma sinceridade comovente: &hellip;<\/p>\n<p class=\"read-more\"> <a class=\"\" href=\"https:\/\/www.cnbb.org.br\/que-a-guerra-nao-me-seja-indiferente\/\"> <span class=\"screen-reader-text\">\u201cQue a guerra n\u00e3o me seja indiferente&#8230;\u201d\u00a0<\/span> Leia mais &raquo;<\/a><\/p>\n","protected":false},"author":2510,"featured_media":0,"comment_status":"closed","ping_status":"closed","sticky":false,"template":"","format":"standard","meta":{"site-sidebar-layout":"default","site-content-layout":"default","ast-global-header-display":"","ast-banner-title-visibility":"","ast-main-header-display":"","ast-hfb-above-header-display":"","ast-hfb-below-header-display":"","ast-hfb-mobile-header-display":"","site-post-title":"","ast-breadcrumbs-content":"","ast-featured-img":"","footer-sml-layout":"","theme-transparent-header-meta":"default","adv-header-id-meta":"","stick-header-meta":"","header-above-stick-meta":"","header-main-stick-meta":"","header-below-stick-meta":""},"categories":[758],"tags":[],"acf":[],"_links":{"self":[{"href":"https:\/\/www.cnbb.org.br\/cnbb-app\/wp\/v2\/posts\/995600"}],"collection":[{"href":"https:\/\/www.cnbb.org.br\/cnbb-app\/wp\/v2\/posts"}],"about":[{"href":"https:\/\/www.cnbb.org.br\/cnbb-app\/wp\/v2\/types\/post"}],"author":[{"embeddable":true,"href":"https:\/\/www.cnbb.org.br\/cnbb-app\/wp\/v2\/users\/2510"}],"replies":[{"embeddable":true,"href":"https:\/\/www.cnbb.org.br\/cnbb-app\/wp\/v2\/comments?post=995600"}],"version-history":[{"count":3,"href":"https:\/\/www.cnbb.org.br\/cnbb-app\/wp\/v2\/posts\/995600\/revisions"}],"predecessor-version":[{"id":995603,"href":"https:\/\/www.cnbb.org.br\/cnbb-app\/wp\/v2\/posts\/995600\/revisions\/995603"}],"wp:attachment":[{"href":"https:\/\/www.cnbb.org.br\/cnbb-app\/wp\/v2\/media?parent=995600"}],"wp:term":[{"taxonomy":"category","embeddable":true,"href":"https:\/\/www.cnbb.org.br\/cnbb-app\/wp\/v2\/categories?post=995600"},{"taxonomy":"post_tag","embeddable":true,"href":"https:\/\/www.cnbb.org.br\/cnbb-app\/wp\/v2\/tags?post=995600"}],"curies":[{"name":"wp","href":"https:\/\/api.w.org\/{rel}","templated":true}]}}