{"id":995604,"date":"2026-03-05T09:05:06","date_gmt":"2026-03-05T12:05:06","guid":{"rendered":"https:\/\/www.cnbb.org.br\/?p=995604"},"modified":"2026-03-06T10:05:26","modified_gmt":"2026-03-06T13:05:26","slug":"escutar-e-jejuar","status":"publish","type":"post","link":"https:\/\/www.cnbb.org.br\/escutar-e-jejuar\/","title":{"rendered":"\u201cEscutar e Jejuar\u201d\u00a0"},"content":{"rendered":"<p style=\"text-align: right;\"><b><span data-contrast=\"auto\">Cardeal Orani Jo\u00e3o Tempesta<\/span><\/b><span data-ccp-props=\"{&quot;201341983&quot;:0,&quot;335551550&quot;:3,&quot;335551620&quot;:3,&quot;335559731&quot;:708,&quot;335559739&quot;:160,&quot;335559740&quot;:259}\"><br \/>\n<\/span><b><span data-contrast=\"auto\">Arcebispo do Rio de Janeiro (RJ)<\/span><\/b><span data-ccp-props=\"{&quot;201341983&quot;:0,&quot;335551550&quot;:3,&quot;335551620&quot;:3,&quot;335559731&quot;:708,&quot;335559739&quot;:160,&quot;335559740&quot;:259}\">\u00a0<\/span><\/p>\n<p>&nbsp;<\/p>\n<p style=\"text-align: justify;\"><i><span data-contrast=\"auto\">Mensagem do Papa Le\u00e3o XIV para a Quaresma<\/span><\/i><span data-ccp-props=\"{&quot;201341983&quot;:0,&quot;335551550&quot;:2,&quot;335551620&quot;:2,&quot;335559739&quot;:160,&quot;335559740&quot;:259}\">\u00a0<\/span><\/p>\n<p style=\"text-align: justify;\"><span data-contrast=\"auto\">O\u00a0Santo Padre, o Papa Le\u00e3o XIV,\u00a0enviou\u00a0uma mensagem para que todos os fi\u00e9is possam bem viver este tempo quaresmal. Ao longo do per\u00edodo quaresmal, somos convidados a exercer tr\u00eas pr\u00e1ticas espirituais: ora\u00e7\u00e3o, jejum e caridade. Essas tr\u00eas pr\u00e1ticas nos ajudar\u00e3o em nosso processo de convers\u00e3o e mudan\u00e7a de vida. O Papa Le\u00e3o XIV nos recorda, ainda, que, ao longo desta Quaresma, \u00e9 necess\u00e1rio escutar mais do que falar. E, al\u00e9m disso, fazermos o jejum da l\u00edngua; ou seja, muitas vezes ferimos o outro com a nossa l\u00edngua, falando mal e condenando o pr\u00f3ximo. Fa\u00e7amos o prop\u00f3sito de falar menos nesta Quaresma e de olhar primeiro para n\u00f3s mesmos.<\/span><span data-ccp-props=\"{&quot;201341983&quot;:0,&quot;335551550&quot;:6,&quot;335551620&quot;:6,&quot;335559731&quot;:708,&quot;335559739&quot;:160,&quot;335559740&quot;:259}\">\u00a0<\/span><\/p>\n<p style=\"text-align: justify;\"><span data-contrast=\"auto\">O\u00a0Santo Padre ainda usa a express\u00e3o fazer jejum de \u201cpalavras ofensivas\u201d e colocar Deus no centro da nossa vida. Muitas vezes, em nossas comunidades, acontece de um grupo falar mal do outro, uma pessoa de uma pastoral falar mal da coordenadora. Enfim, procuremos falar menos, unir for\u00e7as e, juntos, edificar o Reino de Deus.<\/span><span data-ccp-props=\"{&quot;201341983&quot;:0,&quot;335551550&quot;:6,&quot;335551620&quot;:6,&quot;335559731&quot;:708,&quot;335559739&quot;:160,&quot;335559740&quot;:259}\">\u00a0<\/span><\/p>\n<p style=\"text-align: justify;\"><span data-contrast=\"auto\">Ao longo desta Quaresma, que \u00e9 um caminho de convers\u00e3o e mudan\u00e7a de vida, acolhamos com carinho e docilidade de esp\u00edrito a Palavra do Senhor. A Palavra do Senhor n\u00e3o \u00e9 ofensiva, n\u00e3o nos fere nem machuca; pelo contr\u00e1rio, \u00e9 por meio da Palavra do Senhor que ouvimos que podemos nos motivar a nos reconciliar com nossos irm\u00e3os, sobretudo com aqueles que nos ofenderam ou a quem ofendemos.<\/span><span data-ccp-props=\"{&quot;201341983&quot;:0,&quot;335551550&quot;:6,&quot;335551620&quot;:6,&quot;335559731&quot;:708,&quot;335559739&quot;:160,&quot;335559740&quot;:259}\">\u00a0<\/span><\/p>\n<p style=\"text-align: justify;\"><span data-contrast=\"auto\">O Santo Padre, em sua mensagem, nos ensina a import\u00e2ncia de escutar: temos que saber ouvir o outro. O Papa ainda faz um contraponto com a Palavra de Deus, exortando a todos n\u00f3s a ouvirmos e a acolhermos com carinho a Palavra do Senhor. Conforme dissemos acima, a Palavra do Senhor, acolhida por n\u00f3s, nos levar\u00e1 a nos reconciliarmos com nossos irm\u00e3os. Ao escutarmos com aten\u00e7\u00e3o a Palavra de Deus proclamada na celebra\u00e7\u00e3o eucar\u00edstica, poderemos levar o que escutamos para a nossa vida, ou seja, para a realidade em que vivemos, anunciando a paz, a justi\u00e7a, o amor e a caridade.<\/span><span data-ccp-props=\"{&quot;201341983&quot;:0,&quot;335551550&quot;:6,&quot;335551620&quot;:6,&quot;335559731&quot;:708,&quot;335559739&quot;:160,&quot;335559740&quot;:259}\">\u00a0<\/span><\/p>\n<p style=\"text-align: justify;\"><span data-contrast=\"auto\">Entre as tantas palavras que escutamos no dia a dia, a que devemos guardar de fato \u00e9 a Palavra do Senhor. A Palavra do Senhor nos aponta o caminho certo e a dire\u00e7\u00e3o a seguir; ela nos ajuda a praticar a justi\u00e7a e a caridade. \u201cEntre as muitas vozes que passam pela nossa vida pessoal e social, as Sagradas Escrituras tornam-nos capazes de reconhecer aquela que surge\u00a0do sofrimento e da injusti\u00e7a, para que n\u00e3o fique sem resposta.\u201d (Papa Le\u00e3o XIV).<\/span><span data-ccp-props=\"{&quot;201341983&quot;:0,&quot;335551550&quot;:6,&quot;335551620&quot;:6,&quot;335559731&quot;:708,&quot;335559739&quot;:160,&quot;335559740&quot;:259}\">\u00a0<\/span><\/p>\n<p style=\"text-align: justify;\"><span data-contrast=\"auto\">Voltando a falar sobre a import\u00e2ncia do jejum, um dos pilares deste tempo quaresmal: o jejum pode ser tanto de algum alimento que deixamos de comer ao longo da Quaresma quanto, conforme mencionou o Santo Padre, o jejum da l\u00edngua. O jejum \u00e9 fruto da Palavra de Deus, pois \u00e9 por meio da ora\u00e7\u00e3o e da medita\u00e7\u00e3o da Palavra que teremos for\u00e7as para realiz\u00e1-lo. Jejuar da maledic\u00eancia \u00e9 demonstrar abandono do pecado. Jejuar, principalmente, de digitar coisas negativas e espalhar fake\u00a0news.<\/span><span data-ccp-props=\"{&quot;201341983&quot;:0,&quot;335551550&quot;:6,&quot;335551620&quot;:6,&quot;335559731&quot;:708,&quot;335559739&quot;:160,&quot;335559740&quot;:259}\">\u00a0<\/span><\/p>\n<p style=\"text-align: justify;\"><span data-contrast=\"auto\">O jejum que realizamos, conforme nos alertava o pr\u00f3prio Jesus e agora nos adverte o Santo Padre, n\u00e3o deve ser feito para nos envaidecer ou para mostrar aos outros que estamos jejuando. Somente Deus deve saber do jejum que estamos realizando, e ele deve estar fundamentado na Palavra, para n\u00e3o o fazermos de qualquer jeito.<\/span><span data-ccp-props=\"{&quot;201341983&quot;:0,&quot;335551550&quot;:6,&quot;335551620&quot;:6,&quot;335559731&quot;:708,&quot;335559739&quot;:160,&quot;335559740&quot;:259}\">\u00a0<\/span><\/p>\n<p style=\"text-align: justify;\"><span data-contrast=\"auto\">O jejum deve ser vivido com f\u00e9 e humildade e n\u00e3o precisa ser somente de alimento, conforme dissemos, mas tamb\u00e9m de outras priva\u00e7\u00f5es, inclusive da l\u00edngua. Pe\u00e7amos o aux\u00edlio do Esp\u00edrito Santo para que possamos viver o jejum com f\u00e9 e consigamos realiz\u00e1-lo. Jesus jejuou e orou por quarenta dias no deserto, com o aux\u00edlio do Esp\u00edrito Santo, e venceu as tenta\u00e7\u00f5es; que, do mesmo modo, n\u00f3s possamos, com o aux\u00edlio do Esp\u00edrito Santo, vencer as tenta\u00e7\u00f5es e realizar nosso jejum.<\/span><span data-ccp-props=\"{&quot;201341983&quot;:0,&quot;335551550&quot;:6,&quot;335551620&quot;:6,&quot;335559731&quot;:708,&quot;335559739&quot;:160,&quot;335559740&quot;:259}\">\u00a0<\/span><\/p>\n<p style=\"text-align: justify;\"><span data-contrast=\"auto\">Podemos oferecer o nosso jejum por um doente, pelos falecidos e, diante do cen\u00e1rio mundial que vivemos, pela paz, para que todos os povos se unam e consigam resolver os seus problemas por meio do di\u00e1logo e n\u00e3o das armas. A paz pode come\u00e7ar em cada um de n\u00f3s, a partir do momento em que somos convidados a fazer o jejum da l\u00edngua, evitando conflitos e disc\u00f3rdias com nossos semelhantes.<\/span><span data-ccp-props=\"{&quot;201341983&quot;:0,&quot;335551550&quot;:6,&quot;335551620&quot;:6,&quot;335559731&quot;:708,&quot;335559739&quot;:160,&quot;335559740&quot;:259}\">\u00a0<\/span><\/p>\n<p style=\"text-align: justify;\"><span data-contrast=\"auto\">O Papa nos ensina a medir as palavras e a cultivar a gentileza na fam\u00edlia, no trabalho, na escola, entre amigos, nos meios de comunica\u00e7\u00e3o social e nas comunidades crist\u00e3s. Dessa forma, muitas palavras de \u00f3dio dar\u00e3o lugar a palavras de esperan\u00e7a e de paz.<\/span><span data-ccp-props=\"{&quot;201341983&quot;:0,&quot;335551550&quot;:6,&quot;335551620&quot;:6,&quot;335559731&quot;:708,&quot;335559739&quot;:160,&quot;335559740&quot;:259}\">\u00a0<\/span><\/p>\n<p style=\"text-align: justify;\"><span data-contrast=\"auto\">Por fim, o Papa conclui que a Quaresma se vive de forma comunit\u00e1ria, por meio da escuta da Palavra e da pr\u00e1tica do jejum. \u201cAs nossas par\u00f3quias, fam\u00edlias, grupos eclesiais e comunidades religiosas s\u00e3o chamadas a percorrer, durante a Quaresma, um caminho partilhado, no qual a escuta da Palavra de Deus, assim como do clamor dos pobres e da terra, se torne forma de vida comum e o jejum suporte um verdadeiro arrependimento.\u201d (Papa Le\u00e3o XIV).<\/span><span data-ccp-props=\"{&quot;201341983&quot;:0,&quot;335551550&quot;:6,&quot;335551620&quot;:6,&quot;335559731&quot;:708,&quot;335559739&quot;:160,&quot;335559740&quot;:259}\">\u00a0<\/span><\/p>\n<p style=\"text-align: justify;\"><span data-contrast=\"auto\">Isso n\u00e3o significa que devemos impor o nosso jejum para que os outros o fa\u00e7am, mas que, unidos em ora\u00e7\u00e3o, todos conseguir\u00e3o passar por este tempo quaresmal e realizar o jejum. Que essas palavras de encorajamento do Santo Padre nos ajudem, e que o Esp\u00edrito Santo nos ilumine para bem realizarmos os exerc\u00edcios quaresmais.<\/span><span data-ccp-props=\"{&quot;201341983&quot;:0,&quot;335551550&quot;:6,&quot;335551620&quot;:6,&quot;335559731&quot;:708,&quot;335559739&quot;:160,&quot;335559740&quot;:259}\">\u00a0<\/span><\/p>\n<p style=\"text-align: justify;\"><span data-ccp-props=\"{&quot;201341983&quot;:0,&quot;335551550&quot;:6,&quot;335551620&quot;:6,&quot;335559731&quot;:708,&quot;335559739&quot;:160,&quot;335559740&quot;:259}\">\u00a0<\/span><\/p>\n<p style=\"text-align: justify;\"><span data-ccp-props=\"{&quot;201341983&quot;:0,&quot;335551550&quot;:6,&quot;335551620&quot;:6,&quot;335559731&quot;:708,&quot;335559739&quot;:160,&quot;335559740&quot;:259}\">\u00a0<\/span><\/p>\n","protected":false},"excerpt":{"rendered":"<p>Cardeal Orani Jo\u00e3o Tempesta Arcebispo do Rio de Janeiro (RJ)\u00a0 &nbsp; Mensagem do Papa Le\u00e3o XIV para a Quaresma\u00a0 O\u00a0Santo Padre, o Papa Le\u00e3o XIV,\u00a0enviou\u00a0uma mensagem para que todos os fi\u00e9is possam bem viver este tempo quaresmal. Ao longo do per\u00edodo quaresmal, somos convidados a exercer tr\u00eas pr\u00e1ticas espirituais: ora\u00e7\u00e3o, jejum e caridade. Essas tr\u00eas &hellip;<\/p>\n<p class=\"read-more\"> <a class=\"\" href=\"https:\/\/www.cnbb.org.br\/escutar-e-jejuar\/\"> <span class=\"screen-reader-text\">\u201cEscutar e Jejuar\u201d\u00a0<\/span> Leia mais &raquo;<\/a><\/p>\n","protected":false},"author":31,"featured_media":0,"comment_status":"closed","ping_status":"closed","sticky":false,"template":"","format":"standard","meta":{"site-sidebar-layout":"default","site-content-layout":"default","ast-global-header-display":"","ast-banner-title-visibility":"","ast-main-header-display":"","ast-hfb-above-header-display":"","ast-hfb-below-header-display":"","ast-hfb-mobile-header-display":"","site-post-title":"","ast-breadcrumbs-content":"","ast-featured-img":"","footer-sml-layout":"","theme-transparent-header-meta":"default","adv-header-id-meta":"","stick-header-meta":"","header-above-stick-meta":"","header-main-stick-meta":"","header-below-stick-meta":""},"categories":[758],"tags":[],"acf":[],"_links":{"self":[{"href":"https:\/\/www.cnbb.org.br\/cnbb-app\/wp\/v2\/posts\/995604"}],"collection":[{"href":"https:\/\/www.cnbb.org.br\/cnbb-app\/wp\/v2\/posts"}],"about":[{"href":"https:\/\/www.cnbb.org.br\/cnbb-app\/wp\/v2\/types\/post"}],"author":[{"embeddable":true,"href":"https:\/\/www.cnbb.org.br\/cnbb-app\/wp\/v2\/users\/31"}],"replies":[{"embeddable":true,"href":"https:\/\/www.cnbb.org.br\/cnbb-app\/wp\/v2\/comments?post=995604"}],"version-history":[{"count":3,"href":"https:\/\/www.cnbb.org.br\/cnbb-app\/wp\/v2\/posts\/995604\/revisions"}],"predecessor-version":[{"id":995607,"href":"https:\/\/www.cnbb.org.br\/cnbb-app\/wp\/v2\/posts\/995604\/revisions\/995607"}],"wp:attachment":[{"href":"https:\/\/www.cnbb.org.br\/cnbb-app\/wp\/v2\/media?parent=995604"}],"wp:term":[{"taxonomy":"category","embeddable":true,"href":"https:\/\/www.cnbb.org.br\/cnbb-app\/wp\/v2\/categories?post=995604"},{"taxonomy":"post_tag","embeddable":true,"href":"https:\/\/www.cnbb.org.br\/cnbb-app\/wp\/v2\/tags?post=995604"}],"curies":[{"name":"wp","href":"https:\/\/api.w.org\/{rel}","templated":true}]}}