{"id":995608,"date":"2026-03-06T09:07:25","date_gmt":"2026-03-06T12:07:25","guid":{"rendered":"https:\/\/www.cnbb.org.br\/?p=995608"},"modified":"2026-03-06T09:08:30","modified_gmt":"2026-03-06T12:08:30","slug":"3o-domingo-da-quaresma-3","status":"publish","type":"post","link":"https:\/\/www.cnbb.org.br\/3o-domingo-da-quaresma-3\/","title":{"rendered":"3\u00ba Domingo da Quaresma\u00a0"},"content":{"rendered":"<p style=\"text-align: right;\"><b><span data-contrast=\"none\">Cardeal Orani Jo\u00e3o Tempesta<\/span><\/b><span data-ccp-props=\"{&quot;201341983&quot;:0,&quot;335551550&quot;:3,&quot;335551620&quot;:3,&quot;335559731&quot;:708,&quot;335559739&quot;:160,&quot;335559740&quot;:259}\"><br \/>\n<\/span><b><span data-contrast=\"none\">Arcebispo do Rio de Janeiro (RJ)<\/span><\/b><span data-ccp-props=\"{&quot;201341983&quot;:0,&quot;335551550&quot;:3,&quot;335551620&quot;:3,&quot;335559731&quot;:708,&quot;335559739&quot;:160,&quot;335559740&quot;:259}\">\u00a0<\/span><\/p>\n<p>&nbsp;<\/p>\n<p style=\"text-align: justify;\"><i><span data-contrast=\"none\">\u201cSenhor, d\u00e1-me dessa \u00e1gua (Jo\u00a04,15)<\/span><\/i><span data-ccp-props=\"{&quot;201341983&quot;:0,&quot;335551550&quot;:2,&quot;335551620&quot;:2,&quot;335559739&quot;:160,&quot;335559740&quot;:259}\">\u00a0<\/span><\/p>\n<p style=\"text-align: justify;\"><span data-contrast=\"none\">Celebramos, neste domingo, o terceiro deste tempo quaresmal. Estamos chegando \u00e0 metade desse tempo de gra\u00e7a e do nosso retiro quaresmal. Do mesmo modo que Jesus, somos convidados a vencer as tenta\u00e7\u00f5es do inimigo e, com o aux\u00edlio do Esp\u00edrito Santo, praticar a ora\u00e7\u00e3o, o jejum e a caridade. Continuemos em nosso caminho de convers\u00e3o e mudan\u00e7a de vida rumo \u00e0 P\u00e1scoa de Nosso Senhor. Se ainda n\u00e3o foi poss\u00edvel aproximar-se do sacramento da Reconcilia\u00e7\u00e3o, fa\u00e7amo-lo o quanto antes.<\/span><span data-ccp-props=\"{&quot;134233117&quot;:true,&quot;134233118&quot;:true,&quot;201341983&quot;:0,&quot;335551550&quot;:6,&quot;335551620&quot;:6,&quot;335559731&quot;:708,&quot;335559739&quot;:160,&quot;335559740&quot;:240}\">\u00a0<\/span><\/p>\n<p style=\"text-align: justify;\"><span data-contrast=\"none\">A partir desta semana, as par\u00f3quias costumam realizar o mutir\u00e3o de confiss\u00f5es. Procure ver a programa\u00e7\u00e3o em sua par\u00f3quia. Preparemo-nos bem para esse sacramento por meio do exame de consci\u00eancia; pe\u00e7amos a luz do Esp\u00edrito Santo e n\u00e3o tenhamos medo desse sacramento. O pr\u00f3prio Jesus nos acolhe nele e nos concede o seu perd\u00e3o. Do mesmo modo que Deus nos perdoa, devemos tamb\u00e9m perdoar os nossos irm\u00e3os.<\/span><span data-ccp-props=\"{&quot;134233117&quot;:true,&quot;134233118&quot;:true,&quot;201341983&quot;:0,&quot;335551550&quot;:6,&quot;335551620&quot;:6,&quot;335559731&quot;:708,&quot;335559739&quot;:160,&quot;335559740&quot;:240}\">\u00a0<\/span><\/p>\n<p style=\"text-align: justify;\"><span data-contrast=\"none\">Neste domingo celebramos o Dia Internacional da Mulher. Rezemos por todas as mulheres, para que sejam respeitadas em sua dignidade em todos os ambientes da sociedade: no trabalho, na fam\u00edlia, na Igreja e nos diversos espa\u00e7os sociais. Pe\u00e7amos a intercess\u00e3o da Virgem Maria por todas as mulheres, para que estejam sempre dispostas a fazer a vontade do Pai.<\/span><span data-ccp-props=\"{&quot;134233117&quot;:true,&quot;134233118&quot;:true,&quot;201341983&quot;:0,&quot;335551550&quot;:6,&quot;335551620&quot;:6,&quot;335559731&quot;:708,&quot;335559739&quot;:160,&quot;335559740&quot;:240}\">\u00a0<\/span><\/p>\n<p style=\"text-align: justify;\"><span data-contrast=\"none\">Rezemos tamb\u00e9m por tantas mulheres que n\u00e3o s\u00e3o respeitadas por seus companheiros. Nesta semana internacional da mulher, elevemos nossas preces por todas as mulheres do Brasil e do mundo. Ao celebrarmos o Dia Internacional da Mulher, rezemos por nossas m\u00e3es, que sempre se esfor\u00e7aram para nos dar o melhor. Denunciamos, ainda, que os crimes de feminic\u00eddio devem ser combatidos com todo o rigor da lei brasileira.<\/span><span data-ccp-props=\"{&quot;134233117&quot;:true,&quot;134233118&quot;:true,&quot;201341983&quot;:0,&quot;335551550&quot;:6,&quot;335551620&quot;:6,&quot;335559731&quot;:708,&quot;335559739&quot;:160,&quot;335559740&quot;:240}\">\u00a0<\/span><\/p>\n<p style=\"text-align: justify;\"><span data-contrast=\"none\">A primeira leitura da missa deste domingo \u00e9 do livro do \u00caxodo (Ex\u00a017,3-7). Essa leitura relata quando o povo de Deus come\u00e7ou a murmurar contra Deus e contra Mois\u00e9s por estarem no deserto e passarem sede. O povo de Deus era um povo de cora\u00e7\u00e3o endurecido, que muitas vezes n\u00e3o compreendia os planos de Deus e reclamava constantemente.<\/span><span data-ccp-props=\"{&quot;134233117&quot;:true,&quot;134233118&quot;:true,&quot;201341983&quot;:0,&quot;335551550&quot;:6,&quot;335551620&quot;:6,&quot;335559731&quot;:708,&quot;335559739&quot;:160,&quot;335559740&quot;:240}\">\u00a0<\/span><\/p>\n<p style=\"text-align: justify;\"><span data-contrast=\"none\">Deus os havia libertado da escravid\u00e3o no Egito, das garras do fara\u00f3, e era necess\u00e1rio atravessar o deserto at\u00e9 chegarem \u00e0 Terra Prometida. Eles queriam que tudo acontecesse imediatamente: sair do Egito e j\u00e1 alcan\u00e7ar a Terra Prometida.\u00a0<\/span><span data-ccp-props=\"{&quot;134233117&quot;:true,&quot;134233118&quot;:true,&quot;201341983&quot;:0,&quot;335551550&quot;:6,&quot;335551620&quot;:6,&quot;335559731&quot;:708,&quot;335559739&quot;:160,&quot;335559740&quot;:240}\">\u00a0<\/span><\/p>\n<p style=\"text-align: justify;\"><span data-contrast=\"none\">O mesmo acontece conosco. Muitas vezes reclamamos diante de Deus, sobretudo quando aquilo que pedimos demora a acontecer. Contudo, Deus nunca se esquece de n\u00f3s e sempre quer o nosso bem. Confiemos em sua gra\u00e7a e em sua infinita miseric\u00f3rdia. Muitas vezes somos ingratos: esquecemos de agradecer tantas coisas boas que Deus realiza em nossa vida; apenas pedimos e n\u00e3o sabemos esperar a gra\u00e7a acontecer.<\/span><span data-ccp-props=\"{&quot;134233117&quot;:true,&quot;134233118&quot;:true,&quot;201341983&quot;:0,&quot;335551550&quot;:6,&quot;335551620&quot;:6,&quot;335559731&quot;:708,&quot;335559739&quot;:160,&quot;335559740&quot;:240}\">\u00a0<\/span><\/p>\n<p style=\"text-align: justify;\"><span data-contrast=\"none\">O salmo responsorial \u00e9 o 94(95), que nos diz em seu refr\u00e3o: \u201cHoje n\u00e3o fecheis o vosso cora\u00e7\u00e3o, mas ouvi a voz do Senhor!\u201d. \u00c9 necess\u00e1rio ouvir mais e falar menos, at\u00e9 mesmo em nossos momentos de ora\u00e7\u00e3o. Precisamos falar menos e deixar Deus falar conosco. Ou\u00e7amos o Senhor e permitamos que o Esp\u00edrito Santo conduza o nosso caminho.<\/span><span data-ccp-props=\"{&quot;134233117&quot;:true,&quot;134233118&quot;:true,&quot;201341983&quot;:0,&quot;335551550&quot;:6,&quot;335551620&quot;:6,&quot;335559731&quot;:708,&quot;335559739&quot;:160,&quot;335559740&quot;:240}\">\u00a0<\/span><\/p>\n<p style=\"text-align: justify;\"><span data-contrast=\"none\">A segunda leitura da missa deste domingo \u00e9 da Carta de S\u00e3o Paulo aos Romanos (Rm\u00a05,1-2.5-8). Paulo afirma que somos justificados pela f\u00e9 por meio do mist\u00e9rio da ressurrei\u00e7\u00e3o de Nosso Senhor Jesus Cristo. Por meio de Cristo, acreditamos que aquilo que aconteceu com Ele tamb\u00e9m acontecer\u00e1 conosco. Se Cristo n\u00e3o tivesse ressuscitado dos mortos, v\u00e3 seria a nossa f\u00e9. Essa leitura vem ao encontro do que celebramos neste tempo quaresmal.<\/span><span data-ccp-props=\"{&quot;134233117&quot;:true,&quot;134233118&quot;:true,&quot;201341983&quot;:0,&quot;335551550&quot;:6,&quot;335551620&quot;:6,&quot;335559731&quot;:708,&quot;335559739&quot;:160,&quot;335559740&quot;:240}\">\u00a0<\/span><\/p>\n<p style=\"text-align: justify;\"><span data-contrast=\"none\">O crist\u00e3o \u00e9 aquele que nutre a esperan\u00e7a dentro de si; essa esperan\u00e7a foi derramada em nossos cora\u00e7\u00f5es pelo Esp\u00edrito Santo. A prova de que Deus nos ama \u00e9 que Cristo morreu e se entregou por n\u00f3s. A meta que cada um deve trazer no cora\u00e7\u00e3o \u00e9 alcan\u00e7ar a vida eterna. Amemos mais os nossos semelhantes e\u00a0cultivemos maior caridade em nosso cora\u00e7\u00e3o.<\/span><span data-ccp-props=\"{&quot;134233117&quot;:true,&quot;134233118&quot;:true,&quot;201341983&quot;:0,&quot;335551550&quot;:6,&quot;335551620&quot;:6,&quot;335559731&quot;:708,&quot;335559739&quot;:160,&quot;335559740&quot;:240}\">\u00a0<\/span><\/p>\n<p style=\"text-align: justify;\"><span data-contrast=\"none\">O Evangelho deste domingo \u00e9 de Jo\u00e3o (Jo\u00a04,5-42 \u2014 forma longa). Ele relata quando Jesus chega a uma regi\u00e3o da Samaria. Judeus e samaritanos n\u00e3o se relacionavam bem, pois os judeus consideravam os samaritanos impuros. Jesus, por\u00e9m, vai na contram\u00e3o da mentalidade da \u00e9poca e, em vez da exclus\u00e3o, anuncia a inclus\u00e3o e a salva\u00e7\u00e3o para todos.<\/span><span data-ccp-props=\"{&quot;134233117&quot;:true,&quot;134233118&quot;:true,&quot;201341983&quot;:0,&quot;335551550&quot;:6,&quot;335551620&quot;:6,&quot;335559731&quot;:708,&quot;335559739&quot;:160,&quot;335559740&quot;:240}\">\u00a0<\/span><\/p>\n<p style=\"text-align: justify;\"><span data-contrast=\"none\">No lugar onde Jesus chegou havia um po\u00e7o, o conhecido Po\u00e7o de Jac\u00f3. Era por volta do meio-dia, e Ele estava cansado da viagem. Nesse momento, chegou uma mulher samaritana para tirar \u00e1gua, e Jesus lhe disse: \u201cD\u00e1-me de beber\u201d. A mulher ficou admirada e perguntou como Ele, sendo judeu, pedia de beber a uma samaritana. Jesus respondeu que, se ela soubesse quem lhe pedia \u00e1gua, seria ela quem pediria, e Ele lhe daria \u00e1gua viva.<\/span><span data-ccp-props=\"{&quot;134233117&quot;:true,&quot;134233118&quot;:true,&quot;201341983&quot;:0,&quot;335551550&quot;:6,&quot;335551620&quot;:6,&quot;335559731&quot;:708,&quot;335559739&quot;:160,&quot;335559740&quot;:240}\">\u00a0<\/span><\/p>\n<p style=\"text-align: justify;\"><span data-contrast=\"none\">Quem nos d\u00e1 a verdadeira \u00e1gua, aquela que sacia para sempre a nossa sede, \u00e9 o pr\u00f3prio Jesus. Pe\u00e7amos a gra\u00e7a de sempre beber dessa \u00e1gua. Quando sentirmos sede espiritual, meditemos a Palavra de Deus e busquemos a Eucaristia; assim saciaremos nossa fome e nossa sede. Somos tamb\u00e9m convidados a oferecer essa mesma \u00e1gua aos outros, para que o mundo seja transformado.<\/span><span data-ccp-props=\"{&quot;134233117&quot;:true,&quot;134233118&quot;:true,&quot;201341983&quot;:0,&quot;335551550&quot;:6,&quot;335551620&quot;:6,&quot;335559731&quot;:708,&quot;335559739&quot;:160,&quot;335559740&quot;:240}\">\u00a0<\/span><\/p>\n<p style=\"text-align: justify;\"><span data-contrast=\"none\">Muitas pessoas est\u00e3o afastadas da Igreja e sedentas de Deus. Quem sabe, neste tempo quaresmal, possamos oferecer essa \u00e1gua viva a muitos irm\u00e3os e irm\u00e3s. Jesus dialoga com aquela mulher, revela aspectos de sua vida e manifesta-se a ela como o Messias esperado. Ele tamb\u00e9m conhece a nossa hist\u00f3ria: desde o ventre materno nos conhece, chama-nos pelo nome e guia nossos passos at\u00e9 o fim de nossa vida.<\/span><span data-ccp-props=\"{&quot;134233117&quot;:true,&quot;134233118&quot;:true,&quot;201341983&quot;:0,&quot;335551550&quot;:6,&quot;335551620&quot;:6,&quot;335559731&quot;:708,&quot;335559739&quot;:160,&quot;335559740&quot;:240}\">\u00a0<\/span><\/p>\n<p style=\"text-align: justify;\"><span data-contrast=\"none\">Pe\u00e7amos ao Senhor essa \u00e1gua viva que somente Ele pode nos dar. Mantenhamos viva a f\u00e9 na ressurrei\u00e7\u00e3o do Senhor e sejamos mais gratos a Deus por tudo o que acontece em nossa vida. Prossigamos nesta caminhada quaresmal rumo \u00e0\u00a0P\u00e1scoa.<\/span><span data-ccp-props=\"{&quot;134233117&quot;:true,&quot;134233118&quot;:true,&quot;201341983&quot;:0,&quot;335551550&quot;:6,&quot;335551620&quot;:6,&quot;335559731&quot;:708,&quot;335559739&quot;:160,&quot;335559740&quot;:240}\">\u00a0<\/span><\/p>\n<p style=\"text-align: justify;\"><span data-ccp-props=\"{&quot;201341983&quot;:0,&quot;335551550&quot;:3,&quot;335551620&quot;:3,&quot;335559731&quot;:708,&quot;335559739&quot;:160,&quot;335559740&quot;:259}\">\u00a0<\/span><\/p>\n<p>&nbsp;<\/p>\n","protected":false},"excerpt":{"rendered":"<p>Cardeal Orani Jo\u00e3o Tempesta Arcebispo do Rio de Janeiro (RJ)\u00a0 &nbsp; \u201cSenhor, d\u00e1-me dessa \u00e1gua (Jo\u00a04,15)\u00a0 Celebramos, neste domingo, o terceiro deste tempo quaresmal. Estamos chegando \u00e0 metade desse tempo de gra\u00e7a e do nosso retiro quaresmal. Do mesmo modo que Jesus, somos convidados a vencer as tenta\u00e7\u00f5es do inimigo e, com o aux\u00edlio do &hellip;<\/p>\n<p class=\"read-more\"> <a class=\"\" href=\"https:\/\/www.cnbb.org.br\/3o-domingo-da-quaresma-3\/\"> <span class=\"screen-reader-text\">3\u00ba Domingo da Quaresma\u00a0<\/span> Leia mais &raquo;<\/a><\/p>\n","protected":false},"author":31,"featured_media":0,"comment_status":"closed","ping_status":"closed","sticky":false,"template":"","format":"standard","meta":{"site-sidebar-layout":"default","site-content-layout":"default","ast-global-header-display":"","ast-banner-title-visibility":"","ast-main-header-display":"","ast-hfb-above-header-display":"","ast-hfb-below-header-display":"","ast-hfb-mobile-header-display":"","site-post-title":"","ast-breadcrumbs-content":"","ast-featured-img":"","footer-sml-layout":"","theme-transparent-header-meta":"default","adv-header-id-meta":"","stick-header-meta":"","header-above-stick-meta":"","header-main-stick-meta":"","header-below-stick-meta":""},"categories":[758],"tags":[],"acf":[],"_links":{"self":[{"href":"https:\/\/www.cnbb.org.br\/cnbb-app\/wp\/v2\/posts\/995608"}],"collection":[{"href":"https:\/\/www.cnbb.org.br\/cnbb-app\/wp\/v2\/posts"}],"about":[{"href":"https:\/\/www.cnbb.org.br\/cnbb-app\/wp\/v2\/types\/post"}],"author":[{"embeddable":true,"href":"https:\/\/www.cnbb.org.br\/cnbb-app\/wp\/v2\/users\/31"}],"replies":[{"embeddable":true,"href":"https:\/\/www.cnbb.org.br\/cnbb-app\/wp\/v2\/comments?post=995608"}],"version-history":[{"count":3,"href":"https:\/\/www.cnbb.org.br\/cnbb-app\/wp\/v2\/posts\/995608\/revisions"}],"predecessor-version":[{"id":995611,"href":"https:\/\/www.cnbb.org.br\/cnbb-app\/wp\/v2\/posts\/995608\/revisions\/995611"}],"wp:attachment":[{"href":"https:\/\/www.cnbb.org.br\/cnbb-app\/wp\/v2\/media?parent=995608"}],"wp:term":[{"taxonomy":"category","embeddable":true,"href":"https:\/\/www.cnbb.org.br\/cnbb-app\/wp\/v2\/categories?post=995608"},{"taxonomy":"post_tag","embeddable":true,"href":"https:\/\/www.cnbb.org.br\/cnbb-app\/wp\/v2\/tags?post=995608"}],"curies":[{"name":"wp","href":"https:\/\/api.w.org\/{rel}","templated":true}]}}