{"id":995615,"date":"2026-03-06T09:12:13","date_gmt":"2026-03-06T12:12:13","guid":{"rendered":"https:\/\/www.cnbb.org.br\/?p=995615"},"modified":"2026-03-06T09:13:18","modified_gmt":"2026-03-06T12:13:18","slug":"moradia-e-vida","status":"publish","type":"post","link":"https:\/\/www.cnbb.org.br\/moradia-e-vida\/","title":{"rendered":"Moradia\u00a0\u00e9 Vida!\u00a0"},"content":{"rendered":"<p style=\"text-align: right;\"><strong>Dom Pedro\u00a0\u00a0Cipollini<br \/>\nBispo de Santo Andr\u00e9 (SP)<\/strong><\/p>\n<p style=\"text-align: justify;\"><span data-ccp-props=\"{&quot;335551550&quot;:6,&quot;335551620&quot;:6}\">\u00a0<\/span><\/p>\n<p style=\"text-align: justify;\"><span data-contrast=\"auto\">A Campanha da Fraternidade\u00a0\u00e9 uma iniciativa da Igreja Cat\u00f3lica e este\u00a0ano\u00a0traz como tema \u201c<\/span><i><span data-contrast=\"auto\">Fraternidade e Moradia<\/span><\/i><span data-contrast=\"auto\">\u201d. Mais que oportuno refletir sobre a quest\u00e3o da moradia. O lema desta CF: \u201c<\/span><i><span data-contrast=\"auto\">Ele veio morar entre n\u00f3s<\/span><\/i><span data-contrast=\"auto\">\u201d (Jo\u00a01,14), mostra o fundamento b\u00edblico a partir do qual\u00a0a Igreja\u00a0prop\u00f5e a reflex\u00e3o sobre este tema.\u00a0<\/span><span data-ccp-props=\"{&quot;335551550&quot;:6,&quot;335551620&quot;:6,&quot;335559731&quot;:708}\">\u00a0<\/span><\/p>\n<p style=\"text-align: justify;\"><span data-contrast=\"auto\">A C\u00e2mara Municipal de Santo Andr\u00e9 votou e aprovou a Lei N. 10.888 de 14\/11\/1015\u00a0que instituiu\u00a0o \u201c<\/span><i><span data-contrast=\"auto\">Dia Municipal de Abertura da Campanha da Fraternidade<\/span><\/i><span data-contrast=\"auto\">\u201d. O objetivo \u00e9 conscientizar e promover a\u00e7\u00f5es que transformem a realidade.\u00a0\u00c9 preciso conscientizar, a partir da Palavra de Deus e da Doutrina Social da Igreja.\u00a0 Jesus se identifica com tantas pessoas que sofrem a falta de moradia (cf.\u00a0Mt\u00a025,31). A Igreja quer seguir seus passos.<\/span><span data-ccp-props=\"{&quot;335551550&quot;:6,&quot;335551620&quot;:6,&quot;335559731&quot;:708}\">\u00a0<\/span><\/p>\n<p style=\"text-align: justify;\"><span data-contrast=\"auto\">Terra, teto, trabalho para todos, este \u00e9 o projeto\u00a0para a\u00a0dignidade da pessoa humana,\u00a0desejo de Deus, para que todos tenham vida e vida\u00a0plena\u00a0(cf.\u00a0Jo\u00a010,10). Moradia n\u00e3o pode ser reduzida a mercadoria. \u00c9 uma necessidade essencial para o desenvolvimento humano integral.\u00a0<\/span><span data-ccp-props=\"{&quot;335551550&quot;:6,&quot;335551620&quot;:6,&quot;335559731&quot;:708}\">\u00a0<\/span><\/p>\n<p style=\"text-align: justify;\"><span data-contrast=\"auto\">Surge a pergunta:\u00a0por que a Igreja se preocupa com este tema que parece mais social ou pol\u00edtico que\u00a0espiritual?\u00a0De fato, moradia \u00e9 algo bem concreto. Ao passo que a miss\u00e3o da Igreja \u00e9\u00a0uma\u00a0 miss\u00e3o\u00a0religiosa (cf. Vat II \u2013 GS 42). Por\u00e9m desta mesma miss\u00e3o religiosa decorrem luzes e for\u00e7as,\u00a0que auxiliam a organiza\u00e7\u00e3o da sociedade em vista do bem comum, da pr\u00e1tica da Lei de Deus e da realiza\u00e7\u00e3o da pessoa humana em sociedade.<\/span><span data-ccp-props=\"{&quot;335551550&quot;:6,&quot;335551620&quot;:6}\">\u00a0<\/span><\/p>\n<p style=\"text-align: justify;\"><span data-contrast=\"auto\">\u00c9 neste sentido que Dom Helder C\u00e2mara dizia: \u201cSe meu irm\u00e3o tem fome \u00e9 um problema material dele, mas o que eu fa\u00e7o diante da fome de meu irm\u00e3o \u00e9 um problema espiritual meu\u201d.\u00a0Porque serei julgado pela lei do amor,\u00a0no fim da vida.<\/span><span data-ccp-props=\"{&quot;335551550&quot;:6,&quot;335551620&quot;:6}\">\u00a0<\/span><\/p>\n<p style=\"text-align: justify;\"><span data-contrast=\"auto\">Neste tempo de quaresma a Igreja exorta os fi\u00e9is a rezarem, jejuarem e dar esmolas. Por\u00e9m, dar esmola \u00e9 pouco, deve-se\u00a0ter consci\u00eancia que a convers\u00e3o\u00a0\u00e9 n\u00e3o\u00a0s\u00f3 pessoal, mas comunit\u00e1ria e social. A penit\u00eancia que transforma, portanto, n\u00e3o \u00e9 somente uma atitude interna e individual, mas tamb\u00e9m externa e social\u00a0(cf.\u00a0\u00a0papa Le\u00e3o\u00a0XIV\u00a0in\u00a0<\/span><i><span data-contrast=\"auto\">Dilexit\u00a0te<\/span><\/i><span data-contrast=\"auto\">\u00a0n. 94).<\/span><span data-ccp-props=\"{&quot;335551550&quot;:6,&quot;335551620&quot;:6,&quot;335559731&quot;:708}\">\u00a0<\/span><\/p>\n<p style=\"text-align: justify;\"><span data-contrast=\"auto\">Por isso no Brasil desde 1954, a Igreja prop\u00f5e a Campanha da Fraternidade como itiner\u00e1rio para viver a Quaresma com coer\u00eancia.\u00a0\u00a0\u00c9 bom que perguntemos: \u201cPor que est\u00e3o sem casa\u00a0os\u00a0moradores de\u00a0rua? No Brasil s\u00e3o mais de 300.000 sobrevivendo nas ruas, sendo que seis milh\u00f5es de fam\u00edlias necessitam moradia. O problema de moradia est\u00e1 ligado \u00e0 terra. No\u00a0Brasil a posse de terra sempre foi privil\u00e9gio dos ricos,\u00a0mentalidade in\u00edqua que\u00a0persiste.<\/span><span data-ccp-props=\"{&quot;335551550&quot;:6,&quot;335551620&quot;:6,&quot;335559731&quot;:708}\">\u00a0<\/span><\/p>\n<p style=\"text-align: justify;\"><span data-contrast=\"auto\">O\u00a0poder\u00a0econ\u00f4mico \u00e9 excludente. Para\u00a0ele\u00a0a cidade \u00e9 um neg\u00f3cio,\u00a0n\u00e3o lugar de conviv\u00eancia e intera\u00e7\u00e3o entre pessoas.\u00a0Ele\u00a0dificulta as a\u00e7\u00f5es em favor dos\u00a0sem teto\u00a0e as pol\u00edticas p\u00fablicas que possibilitem casa para todos.\u00a0Agravando tudo isto, temos a especula\u00e7\u00e3o imobili\u00e1ria favorecida\u00a0visando\u00a0\u00a0lucro\u00a0a todo custo. Os\u00a0sem teto\u00a0acabam empurrados para as ruas, os morros, beira de rios e aqui entre n\u00f3s \u00e1reas de preserva\u00e7\u00e3o ambiental.<\/span><span data-ccp-props=\"{&quot;335551550&quot;:6,&quot;335551620&quot;:6,&quot;335559731&quot;:708}\">\u00a0<\/span><\/p>\n<p style=\"text-align: justify;\"><span data-contrast=\"auto\">Moradia para todos \u00e9 um direito garantido pela Constitui\u00e7\u00e3o Federal (cf. Art. 6), e \u00e9 a porta de entrada para todos os outros direitos da cidade\u00a0e cidadania. Moradia \u00e9 vida!\u00a0N\u00e3o podemos nos esquecer que a casa \u00e9 o lugar da fam\u00edlia: \u00e9 o lar!<\/span><span data-ccp-props=\"{&quot;335551550&quot;:6,&quot;335551620&quot;:6,&quot;335559731&quot;:708}\">\u00a0<\/span><\/p>\n<p style=\"text-align: justify;\"><span data-contrast=\"auto\">Lembremos\u00a0o nascimento de Jesus em Bel\u00e9m. O\u00a0Filho de Deus veio morar entre n\u00f3s. N\u00e3o havia lugar para ele, n\u00e3o havia uma casa para receber Maria e Jos\u00e9. Jesus teve que nascer em uma gruta no meio de animais, na beira da cidade.\u00a0<\/span><span data-ccp-props=\"{&quot;335551550&quot;:6,&quot;335551620&quot;:6,&quot;335559731&quot;:708}\">\u00a0<\/span><\/p>\n<p style=\"text-align: justify;\"><span data-contrast=\"auto\">Esta dura realidade de nosso Senhor, que entra no mundo e nasce sem teto, al\u00e9m de nos questionar, \u00e9 um convite para nos empenharmos, a fim de que todos tenham casa em um pa\u00eds t\u00e3o grande como o nosso,\u00a0 no qual n\u00e3o falta terra mas justi\u00e7a.\u00a0<\/span><\/p>\n<p><span data-ccp-props=\"{&quot;335551550&quot;:2,&quot;335551620&quot;:2}\">\u00a0<\/span><\/p>\n<p><span data-ccp-props=\"{}\">\u00a0<\/span><\/p>\n","protected":false},"excerpt":{"rendered":"<p>Dom Pedro\u00a0\u00a0Cipollini Bispo de Santo Andr\u00e9 (SP) \u00a0 A Campanha da Fraternidade\u00a0\u00e9 uma iniciativa da Igreja Cat\u00f3lica e este\u00a0ano\u00a0traz como tema \u201cFraternidade e Moradia\u201d. Mais que oportuno refletir sobre a quest\u00e3o da moradia. O lema desta CF: \u201cEle veio morar entre n\u00f3s\u201d (Jo\u00a01,14), mostra o fundamento b\u00edblico a partir do qual\u00a0a Igreja\u00a0prop\u00f5e a reflex\u00e3o sobre &hellip;<\/p>\n<p class=\"read-more\"> <a class=\"\" href=\"https:\/\/www.cnbb.org.br\/moradia-e-vida\/\"> <span class=\"screen-reader-text\">Moradia\u00a0\u00e9 Vida!\u00a0<\/span> Leia mais &raquo;<\/a><\/p>\n","protected":false},"author":28,"featured_media":0,"comment_status":"closed","ping_status":"closed","sticky":false,"template":"","format":"standard","meta":{"site-sidebar-layout":"default","site-content-layout":"default","ast-global-header-display":"","ast-banner-title-visibility":"","ast-main-header-display":"","ast-hfb-above-header-display":"","ast-hfb-below-header-display":"","ast-hfb-mobile-header-display":"","site-post-title":"","ast-breadcrumbs-content":"","ast-featured-img":"","footer-sml-layout":"","theme-transparent-header-meta":"default","adv-header-id-meta":"","stick-header-meta":"","header-above-stick-meta":"","header-main-stick-meta":"","header-below-stick-meta":""},"categories":[758,1837],"tags":[],"acf":[],"_links":{"self":[{"href":"https:\/\/www.cnbb.org.br\/cnbb-app\/wp\/v2\/posts\/995615"}],"collection":[{"href":"https:\/\/www.cnbb.org.br\/cnbb-app\/wp\/v2\/posts"}],"about":[{"href":"https:\/\/www.cnbb.org.br\/cnbb-app\/wp\/v2\/types\/post"}],"author":[{"embeddable":true,"href":"https:\/\/www.cnbb.org.br\/cnbb-app\/wp\/v2\/users\/28"}],"replies":[{"embeddable":true,"href":"https:\/\/www.cnbb.org.br\/cnbb-app\/wp\/v2\/comments?post=995615"}],"version-history":[{"count":2,"href":"https:\/\/www.cnbb.org.br\/cnbb-app\/wp\/v2\/posts\/995615\/revisions"}],"predecessor-version":[{"id":995617,"href":"https:\/\/www.cnbb.org.br\/cnbb-app\/wp\/v2\/posts\/995615\/revisions\/995617"}],"wp:attachment":[{"href":"https:\/\/www.cnbb.org.br\/cnbb-app\/wp\/v2\/media?parent=995615"}],"wp:term":[{"taxonomy":"category","embeddable":true,"href":"https:\/\/www.cnbb.org.br\/cnbb-app\/wp\/v2\/categories?post=995615"},{"taxonomy":"post_tag","embeddable":true,"href":"https:\/\/www.cnbb.org.br\/cnbb-app\/wp\/v2\/tags?post=995615"}],"curies":[{"name":"wp","href":"https:\/\/api.w.org\/{rel}","templated":true}]}}