{"id":995676,"date":"2026-03-09T09:05:27","date_gmt":"2026-03-09T12:05:27","guid":{"rendered":"https:\/\/www.cnbb.org.br\/?p=995676"},"modified":"2026-03-09T09:06:24","modified_gmt":"2026-03-09T12:06:24","slug":"a-mulher-sacrario-da-vida-e-esperanca-de-um-mundo-novo","status":"publish","type":"post","link":"https:\/\/www.cnbb.org.br\/a-mulher-sacrario-da-vida-e-esperanca-de-um-mundo-novo\/","title":{"rendered":"A mulher: sacr\u00e1rio da vida e esperan\u00e7a de um mundo novo\u00a0"},"content":{"rendered":"<p style=\"text-align: right;\"><b><span data-contrast=\"auto\">Dom Anuar Battisti<br \/>\nArcebispo Em\u00e9rito de Maring\u00e1 (PR)<br \/>\n<\/span><\/b><\/p>\n<p style=\"text-align: justify;\"><span data-ccp-props=\"{&quot;134233117&quot;:true,&quot;134233118&quot;:true,&quot;201341983&quot;:0,&quot;335551550&quot;:6,&quot;335551620&quot;:6,&quot;335559731&quot;:708,&quot;335559739&quot;:160,&quot;335559740&quot;:240}\">\u00a0<\/span><\/p>\n<p style=\"text-align: justify;\"><span data-contrast=\"auto\">O Dia Internacional da Mulher n\u00e3o \u00e9 apenas uma data de homenagens ef\u00eameras ou de gestos simb\u00f3licos. Para n\u00f3s, crist\u00e3os, e para todos aqueles que buscam a constru\u00e7\u00e3o de uma civiliza\u00e7\u00e3o do amor, este dia \u00e9 um chamado ao exame de consci\u00eancia e \u00e0 renova\u00e7\u00e3o de um compromisso inadi\u00e1vel: o reconhecimento pleno da dignidade feminina como alicerce sobre o qual se ergue a fam\u00edlia, a Igreja e a pr\u00f3pria sociedade.<\/span><span data-ccp-props=\"{&quot;134233117&quot;:true,&quot;134233118&quot;:true,&quot;201341983&quot;:0,&quot;335551550&quot;:6,&quot;335551620&quot;:6,&quot;335559731&quot;:708,&quot;335559739&quot;:160,&quot;335559740&quot;:240}\">\u00a0<\/span><\/p>\n<p style=\"text-align: justify;\"><span data-contrast=\"auto\">Ao percorrermos as p\u00e1ginas sagradas, percebemos que Deus frequentemente escolheu o cora\u00e7\u00e3o feminino para manifestar Suas maiores delicadezas. No Antigo Testamento, vemos a figura de Rute, cuja fidelidade e resili\u00eancia nos ensinam que o amor vai al\u00e9m dos la\u00e7os de sangue. Contemplamos Ana, que com suas l\u00e1grimas e ora\u00e7\u00f5es insistentes, mostrou que a f\u00e9 da mulher \u00e9 capaz de mover o cora\u00e7\u00e3o do Alt\u00edssimo.<\/span><span data-ccp-props=\"{&quot;134233117&quot;:true,&quot;134233118&quot;:true,&quot;201341983&quot;:0,&quot;335551550&quot;:6,&quot;335551620&quot;:6,&quot;335559731&quot;:708,&quot;335559739&quot;:160,&quot;335559740&quot;:240}\">\u00a0<\/span><\/p>\n<p style=\"text-align: justify;\"><span data-contrast=\"auto\">No Evangelho, encontramos o encontro transformador de Jesus com a Samaritana. Naquele di\u00e1logo junto ao po\u00e7o, Cristo n\u00e3o apenas ofereceu a\u00a0\u201c\u00e1gua viva\u201d, mas devolveu \u00e0quela mulher a sua dignidade roubada pelos julgamentos sociais. Jesus nunca viu na mulher um objeto ou um ser secund\u00e1rio; Ele a viu como interlocutora da Verdade. Recordamos tamb\u00e9m as irm\u00e3s de Bet\u00e2nia, Marta e Maria, que representam as duas faces da alma feminina: o servi\u00e7o generoso e a escuta atenta. \u00c9 essa s\u00edntese entre o\u00a0\u201cfazer\u201d\u00a0e o\u00a0\u201cser\u201d\u00a0que torna a presen\u00e7a feminina indispens\u00e1vel em nossas comunidades.<\/span><span data-ccp-props=\"{&quot;134233117&quot;:true,&quot;134233118&quot;:true,&quot;201341983&quot;:0,&quot;335551550&quot;:6,&quot;335551620&quot;:6,&quot;335559731&quot;:708,&quot;335559739&quot;:160,&quot;335559740&quot;:240}\">\u00a0<\/span><\/p>\n<p style=\"text-align: justify;\"><span data-contrast=\"auto\">A estrat\u00e9gia de Deus para salvar a humanidade passou, necessariamente, pelo consentimento de uma mulher. Maria Sant\u00edssima \u00e9 o nosso maior referencial. Ela n\u00e3o \u00e9 apenas um \u00edcone de pureza, mas uma mulher de fibra, que enfrentou a pobreza de Bel\u00e9m, o ex\u00edlio no Egito e a dor indescrit\u00edvel do Calv\u00e1rio.<\/span><span data-ccp-props=\"{&quot;134233117&quot;:true,&quot;134233118&quot;:true,&quot;201341983&quot;:0,&quot;335551550&quot;:6,&quot;335551620&quot;:6,&quot;335559731&quot;:708,&quot;335559739&quot;:160,&quot;335559740&quot;:240}\">\u00a0<\/span><\/p>\n<p style=\"text-align: justify;\"><span data-contrast=\"auto\">Em Nossa Senhora, celebramos a for\u00e7a do sil\u00eancio que gera vida. Ela \u00e9 a\u00a0\u201cM\u00e3e das Dores\u201d, mas tamb\u00e9m a\u00a0\u201cCausa da Nossa Alegria\u201d. Ao olharmos para Maria, entendemos que a miss\u00e3o da mulher \u00e9 ser esse sacr\u00e1rio vivo, onde a esperan\u00e7a \u00e9 gestada e protegida. Exaltar a Virgem Maria \u00e9, portanto, um compromisso de lutar para que nenhuma mulher seja desamparada em sua maternidade, para que nenhuma m\u00e3e chore a perda de seus filhos para a viol\u00eancia ou para o abandono.<\/span><span data-ccp-props=\"{&quot;134233117&quot;:true,&quot;134233118&quot;:true,&quot;201341983&quot;:0,&quot;335551550&quot;:6,&quot;335551620&quot;:6,&quot;335559731&quot;:708,&quot;335559739&quot;:160,&quot;335559740&quot;:240}\">\u00a0<\/span><\/p>\n<p style=\"text-align: justify;\"><span data-contrast=\"auto\">\u00c9 preciso falar com clareza aos homens: o respeito \u00e0s mulheres n\u00e3o \u00e9 um m\u00e9rito, \u00e9 uma obriga\u00e7\u00e3o intr\u00ednseca \u00e0 nossa condi\u00e7\u00e3o humana e crist\u00e3. N\u00e3o h\u00e1 espa\u00e7o para o autoritarismo ou para a opress\u00e3o no plano de Deus. A masculinidade aut\u00eantica se manifesta na capacidade de proteger, honrar e caminhar lado a lado, nunca \u00e0 frente ou acima.<\/span><span data-ccp-props=\"{&quot;134233117&quot;:true,&quot;134233118&quot;:true,&quot;201341983&quot;:0,&quot;335551550&quot;:6,&quot;335551620&quot;:6,&quot;335559731&quot;:708,&quot;335559739&quot;:160,&quot;335559740&quot;:240}\">\u00a0<\/span><\/p>\n<p style=\"text-align: justify;\"><span data-contrast=\"auto\">Infelizmente, ainda testemunhamos estat\u00edsticas alarmantes de viol\u00eancia e desigualdade. Como homens de f\u00e9, somos convocados a ser os primeiros a denunciar essas injusti\u00e7as. O respeito deve come\u00e7ar nos pequenos gestos: na divis\u00e3o das tarefas dom\u00e9sticas, no apoio \u00e0 carreira profissional da esposa, no incentivo ao estudo das filhas e no combate a qualquer coment\u00e1rio ou atitude que reduza a mulher a uma condi\u00e7\u00e3o inferior. A verdadeira for\u00e7a do homem est\u00e1 em sua capacidade de reconhecer e reverenciar a grandeza feminina.<\/span><span data-ccp-props=\"{&quot;134233117&quot;:true,&quot;134233118&quot;:true,&quot;201341983&quot;:0,&quot;335551550&quot;:6,&quot;335551620&quot;:6,&quot;335559731&quot;:708,&quot;335559739&quot;:160,&quot;335559740&quot;:240}\">\u00a0<\/span><\/p>\n<p style=\"text-align: justify;\"><span data-contrast=\"auto\">A Igreja Cat\u00f3lica no Brasil respira atrav\u00e9s do trabalho incans\u00e1vel das mulheres. Se hoje temos par\u00f3quias vivas, \u00e9 porque existem milhares de mulheres que, como Santa Dulce dos Pobres, n\u00e3o medem esfor\u00e7os para servir. Irm\u00e3 Dulce n\u00e3o pedia licen\u00e7a para fazer o bem; ela simplesmente o fazia, movida por uma caridade que n\u00e3o conhece cansa\u00e7o. Ela nos ensinou que a fragilidade f\u00edsica, quando unida \u00e0 for\u00e7a do esp\u00edrito feminino, \u00e9 capaz de realizar milagres sociais.<\/span><span data-ccp-props=\"{&quot;134233117&quot;:true,&quot;134233118&quot;:true,&quot;201341983&quot;:0,&quot;335551550&quot;:6,&quot;335551620&quot;:6,&quot;335559731&quot;:708,&quot;335559739&quot;:160,&quot;335559740&quot;:240}\">\u00a0<\/span><\/p>\n<p style=\"text-align: justify;\"><span data-contrast=\"auto\">N\u00e3o podemos esquecer de Santa Gianna Beretta Molla, que deu a vida por sua filha, ou de Santa Josefina\u00a0Bakhita, que transformou o trauma da escravid\u00e3o em um testemunho de liberdade em Deus. Mas quero aqui render uma homenagem especial \u00e0s mulheres an\u00f4nimas: as catequistas, as ministras da Eucaristia, as l\u00edderes da Pastoral da Crian\u00e7a e, especialmente, as m\u00e3es e av\u00f3s. S\u00e3o elas que guardam as chaves da f\u00e9. S\u00e3o elas que, com paci\u00eancia infinita, ensinam o caminho da ora\u00e7\u00e3o e mant\u00eam acesa a chama da caridade em um mundo que muitas vezes parece mergulhado na indiferen\u00e7a.<\/span><span data-ccp-props=\"{&quot;134233117&quot;:true,&quot;134233118&quot;:true,&quot;201341983&quot;:0,&quot;335551550&quot;:6,&quot;335551620&quot;:6,&quot;335559731&quot;:708,&quot;335559739&quot;:160,&quot;335559740&quot;:240}\">\u00a0<\/span><\/p>\n<p style=\"text-align: justify;\"><span data-contrast=\"auto\">Neste Dia Internacional da Mulher, minha palavra \u00e9 de profunda gratid\u00e3o. Obrigado a voc\u00ea, mulher, por ser o reflexo da ternura de Deus na terra. Que o seu protagonismo cres\u00e7a cada vez mais, n\u00e3o apenas por conquista pol\u00edtica, mas por reconhecimento de sua ess\u00eancia vital.<\/span><span data-ccp-props=\"{&quot;134233117&quot;:true,&quot;134233118&quot;:true,&quot;201341983&quot;:0,&quot;335551550&quot;:6,&quot;335551620&quot;:6,&quot;335559731&quot;:708,&quot;335559739&quot;:160,&quot;335559740&quot;:240}\">\u00a0<\/span><\/p>\n<p style=\"text-align: justify;\"><span data-contrast=\"auto\">Rezamos para que as pol\u00edticas p\u00fablicas sejam mais justas, para que o mercado de trabalho seja mais humano e para que cada lar seja um santu\u00e1rio de paz e respeito m\u00fatuo. Que a b\u00ean\u00e7\u00e3o de Deus, por intercess\u00e3o de Maria, acompanhe cada passo, cada luta e cada vit\u00f3ria de voc\u00eas.<\/span><span data-ccp-props=\"{&quot;134233117&quot;:true,&quot;134233118&quot;:true,&quot;201341983&quot;:0,&quot;335551550&quot;:6,&quot;335551620&quot;:6,&quot;335559731&quot;:708,&quot;335559739&quot;:160,&quot;335559740&quot;:240}\">\u00a0<\/span><\/p>\n<p style=\"text-align: justify;\"><span data-contrast=\"auto\">Com minha b\u00ean\u00e7\u00e3o e estima paterna.<\/span><span data-ccp-props=\"{&quot;134233117&quot;:true,&quot;134233118&quot;:true,&quot;201341983&quot;:0,&quot;335551550&quot;:6,&quot;335551620&quot;:6,&quot;335559731&quot;:708,&quot;335559739&quot;:160,&quot;335559740&quot;:240}\">\u00a0<\/span><\/p>\n<p style=\"text-align: justify;\">\n","protected":false},"excerpt":{"rendered":"<p>Dom Anuar Battisti Arcebispo Em\u00e9rito de Maring\u00e1 (PR) \u00a0 O Dia Internacional da Mulher n\u00e3o \u00e9 apenas uma data de homenagens ef\u00eameras ou de gestos simb\u00f3licos. Para n\u00f3s, crist\u00e3os, e para todos aqueles que buscam a constru\u00e7\u00e3o de uma civiliza\u00e7\u00e3o do amor, este dia \u00e9 um chamado ao exame de consci\u00eancia e \u00e0 renova\u00e7\u00e3o de &hellip;<\/p>\n<p class=\"read-more\"> <a class=\"\" href=\"https:\/\/www.cnbb.org.br\/a-mulher-sacrario-da-vida-e-esperanca-de-um-mundo-novo\/\"> <span class=\"screen-reader-text\">A mulher: sacr\u00e1rio da vida e esperan\u00e7a de um mundo novo\u00a0<\/span> Leia mais &raquo;<\/a><\/p>\n","protected":false},"author":41,"featured_media":0,"comment_status":"closed","ping_status":"closed","sticky":false,"template":"","format":"standard","meta":{"site-sidebar-layout":"default","site-content-layout":"default","ast-global-header-display":"","ast-banner-title-visibility":"","ast-main-header-display":"","ast-hfb-above-header-display":"","ast-hfb-below-header-display":"","ast-hfb-mobile-header-display":"","site-post-title":"","ast-breadcrumbs-content":"","ast-featured-img":"","footer-sml-layout":"","theme-transparent-header-meta":"default","adv-header-id-meta":"","stick-header-meta":"","header-above-stick-meta":"","header-main-stick-meta":"","header-below-stick-meta":""},"categories":[758],"tags":[],"acf":[],"_links":{"self":[{"href":"https:\/\/www.cnbb.org.br\/cnbb-app\/wp\/v2\/posts\/995676"}],"collection":[{"href":"https:\/\/www.cnbb.org.br\/cnbb-app\/wp\/v2\/posts"}],"about":[{"href":"https:\/\/www.cnbb.org.br\/cnbb-app\/wp\/v2\/types\/post"}],"author":[{"embeddable":true,"href":"https:\/\/www.cnbb.org.br\/cnbb-app\/wp\/v2\/users\/41"}],"replies":[{"embeddable":true,"href":"https:\/\/www.cnbb.org.br\/cnbb-app\/wp\/v2\/comments?post=995676"}],"version-history":[{"count":2,"href":"https:\/\/www.cnbb.org.br\/cnbb-app\/wp\/v2\/posts\/995676\/revisions"}],"predecessor-version":[{"id":995678,"href":"https:\/\/www.cnbb.org.br\/cnbb-app\/wp\/v2\/posts\/995676\/revisions\/995678"}],"wp:attachment":[{"href":"https:\/\/www.cnbb.org.br\/cnbb-app\/wp\/v2\/media?parent=995676"}],"wp:term":[{"taxonomy":"category","embeddable":true,"href":"https:\/\/www.cnbb.org.br\/cnbb-app\/wp\/v2\/categories?post=995676"},{"taxonomy":"post_tag","embeddable":true,"href":"https:\/\/www.cnbb.org.br\/cnbb-app\/wp\/v2\/tags?post=995676"}],"curies":[{"name":"wp","href":"https:\/\/api.w.org\/{rel}","templated":true}]}}