{"id":995679,"date":"2026-03-09T09:09:21","date_gmt":"2026-03-09T12:09:21","guid":{"rendered":"https:\/\/www.cnbb.org.br\/?p=995679"},"modified":"2026-03-09T09:34:10","modified_gmt":"2026-03-09T12:34:10","slug":"a-moradia-na-campanha-da-fraternidade-2026-e-os-padres-da-igreja","status":"publish","type":"post","link":"https:\/\/www.cnbb.org.br\/a-moradia-na-campanha-da-fraternidade-2026-e-os-padres-da-igreja\/","title":{"rendered":"A moradia na Campanha da Fraternidade 2026 e os padres da Igreja"},"content":{"rendered":"<p style=\"text-align: right;\"><strong>Dom Vital Corbellini<br \/>\nBispo de Marab\u00e1 (PA)\u00a0<\/strong><\/p>\n<p>&nbsp;<\/p>\n<p>&nbsp;<\/p>\n<p style=\"text-align: justify;\"><span data-contrast=\"auto\">A moradia digna \u00e9 o ponto fundamental, o\u00a0objetivo central\u00a0a ser alcan\u00e7ado pela Campanha da Fraternidade sendo\u00a0esta\u00a0uma\u00a0alus\u00e3o para ser promovida\u00a0a partir da Boa Nova do Reino de Deus\u00a0e tamb\u00e9m\u00a0no esp\u00edrito de convers\u00e3o quaresmal, ser um direito e prioridade para todas as pessoas. No entanto como a moradia se tornou uma mercadoria especial,\u00a0cara,\u00a0\u00e9 preciso rezar e trabalhar\u00a0para que se formulem\u00a0pol\u00edticas p\u00fablicas\u00a0dos governos para\u00a0que\u00a0ajudem a todas as pessoas com a moradia,\u00a0voltadas, sobretudo para\u00a0as\u00a0classes sociais\u00a0mais necessitadas. A Igreja no Brasil estimula a reflex\u00e3o sobre a moradia para que as pessoas vivam na paz e no amor atrav\u00e9s de suas\u00a0casas, locais de conviv\u00eancia humana e espiritual.\u00a0\u201cEle veio morar entre\u00a0n\u00f3s\u201d(Jo\u00a01,14): \u00c9 o lema que norteia a CF 2026.\u00a0N\u00f3s veremos\u00a0a seguir a vis\u00e3o dos padres da Igreja, os primeiros escritores crist\u00e3os\u00a0em rela\u00e7\u00e3o \u00e0 moradia.\u00a0<\/span><span data-ccp-props=\"{&quot;335551550&quot;:6,&quot;335551620&quot;:6}\">\u00a0<\/span><\/p>\n<p style=\"text-align: justify;\"><span data-contrast=\"auto\">A cria\u00e7\u00e3o un\u00e2nime<\/span><\/p>\n<p style=\"text-align: justify;\"><span data-contrast=\"auto\">A CF 2026 ressalta muito a casa como local de profundas rela\u00e7\u00f5es para todas as pessoas.\u00a0S\u00e3o Jo\u00e3o Cris\u00f3stomo, Bispo de Constantinopla nos s\u00e9culos IV e V\u00a0afirmou\u00a0a cria\u00e7\u00e3o de Deus em rela\u00e7\u00e3o ao ser humano feita de uma forma un\u00e2nime, em conjunto. O Senhor quis que tudo permanecesse na m\u00faltipla conc\u00f3rdia e boa ordem entre o homem e a mulher. Ao criar Deus o homem e depois a mulher disse que Ele iria dar-lhe uma ajudante (cfr.\u00a0Gn\u00a02,18),\u00a0afirmando\u00a0com isso que ela estava ao lado do homem para ajud\u00e1-lo e ele ser ajudado por ela, unindo desta forma ele e ela\u00a0num\u00a0profundo amor<\/span><span data-contrast=\"auto\">1<\/span><span data-contrast=\"auto\">. As duas pessoas fazem parte da cria\u00e7\u00e3o un\u00e2nime de Deus Criador de todas as coisas.<\/span><span data-ccp-props=\"{&quot;335551550&quot;:6,&quot;335551620&quot;:6}\">\u00a0<\/span><\/p>\n<p style=\"text-align: justify;\"><span data-contrast=\"auto\">As rela\u00e7\u00f5es se alargam com a constitui\u00e7\u00e3o da fam\u00edlia<\/span><span data-ccp-props=\"{&quot;335551550&quot;:6,&quot;335551620&quot;:6}\">\u00a0<\/span><\/p>\n<p style=\"text-align: justify;\"><span data-contrast=\"auto\">A CF 2026\u00a0concebe\u00a0um ponto fundamental\u00a0que a vida humana prossegue com a fam\u00edlia tendo presente que Jesus veio morar entre n\u00f3s (Jo\u00a01,14).\u00a0Ele nasceu dentro de uma fam\u00edlia, com os\u00a0pais adotivos, Jos\u00e9 e Maria.\u00a0O Bispo de Constantinopla ainda ressaltou que as rela\u00e7\u00f5es na fam\u00edlia v\u00e3o se alargando com a gra\u00e7a de Deus,\u00a0o fato de\u00a0que a pessoa\u00a0ser da mesma subst\u00e2ncia faz o amor entre o homem e a mulher conduzir a cria\u00e7\u00e3o de filhos e de filhas. Eles derivam de um e de outro. Disso nascem os m\u00faltiplos contatos de afeto na qual a fam\u00edlia humana \u00e9 convidada a amar o pai, o av\u00f4,\u00a0e tamb\u00e9m\u00a0a m\u00e3e, a av\u00f3, os netos e as netas como irm\u00e3os e irm\u00e3s.\u00a0O Senhor tamb\u00e9m quis que as pessoas n\u00e3o se unissem com os pr\u00f3prios parentes,\u00a0mas com pessoas estranhas, fora do contexto familiar (cfr.\u00a0Lv\u00a018,8.10) de modo que as rela\u00e7\u00f5es familiares pudessem se alargar sempre mais e todos crescessem nos valores humanos e espirituais<\/span><span data-contrast=\"auto\">.\u00a0<\/span><span data-ccp-props=\"{&quot;335551550&quot;:6,&quot;335551620&quot;:6}\">\u00a0<\/span><\/p>\n<p style=\"text-align: justify;\"><span data-contrast=\"auto\">A cria\u00e7\u00e3o da amizade<\/span><\/p>\n<p style=\"text-align: justify;\"><span data-contrast=\"auto\">A moradia possibilita a vida fraterna, a amizade\u00a0entre os seus membros, conforme a CF 2026. Nesta linha est\u00e1 tamb\u00e9m a vis\u00e3o de S\u00e3o Jo\u00e3o Cris\u00f3stomo que tinha presentes muitos elementos provenientes do Senhor concedidos ao ser humano para que fossem cultivados na fam\u00edlia, numa moradia. Ele disp\u00f4s que n\u00f3s tiv\u00e9ssemos necessidade de uns aos outros, tornando a unidade, valor fundamental na conviv\u00eancia humana e com Deus. A\u00a0amizade \u00e9 dada tamb\u00e9m quando uma pessoa familiar passa pelo sofrimento, pela cruz onde todos se unem para aliviar o sofrimento da pessoa<\/span><span data-contrast=\"auto\">3<\/span><span data-contrast=\"auto\">. No caso nosso quando a pessoa necessita de uma casa digna \u00e9 preciso a unidade de todos os membros da fam\u00edlia para ajudar a quem mais necessita.\u00a0<\/span><span data-ccp-props=\"{&quot;335551550&quot;:6,&quot;335551620&quot;:6}\">\u00a0<\/span><\/p>\n<p style=\"text-align: justify;\"><span data-contrast=\"auto\">Os crist\u00e3os unidos com outras pessoas<\/span><\/p>\n<p style=\"text-align: justify;\"><span data-contrast=\"auto\">A CF 2026 alude \u00e0 conviv\u00eancia fraterna para a moradia, sobretudo para com as pessoas que a tem na sua precariedade.\u00a0A Carta a\u00a0Diogneto, escrito do s\u00e9culo II\u00a0ilustrou que os crist\u00e3os viviam nas casas, moradias como quaisquer outras pessoas. N\u00e3o se distinguiam dos outros seres humanos, nem por terra, nem por l\u00edngua ou costumes.\u00a0Eles n\u00e3o moravam em cidades pr\u00f3prias, nem falavam l\u00edngua estranha, nem tinham nenhum modo especial de viver. Eles viviam em cidades gregas e b\u00e1rbaras, conforme a sorte de cada um, e adaptando-se aos costumes do lugar, quanto \u00e0 roupa, ao alimento testemunhavam um modo de vida social muito importante,\u00a0parodoxal<\/span><span data-contrast=\"auto\">4<\/span><span data-contrast=\"auto\">\u00a0no seguimento a Jesus Cristo e \u00e0 sua Igreja.\u00a0\u00a0<\/span><span data-ccp-props=\"{&quot;335551550&quot;:6,&quot;335551620&quot;:6}\">\u00a0<\/span><\/p>\n<p style=\"text-align: justify;\"><span data-contrast=\"auto\">A constru\u00e7\u00e3o da casa<\/span><\/p>\n<p style=\"text-align: justify;\"><span data-contrast=\"auto\">A CF 2026 alude \u00e0s\u00a0pessoas para fazerem obras que enalte\u00e7am\u00a0o corpo de Cristo. Muitas pessoas perdem tudo por causa das enchentes ou por viverem em locais de risco para as suas vidas e de seus familiares. Santo Agostinho, bispo de Hipona dos s\u00e9culos IV e V afirmou a unidade entre os seus membros que podem se ajudar mesmo estando\u00a0de formas\u00a0long\u00edquas\u00a0umas\u00a0com\u00a0as\u00a0 outras, mas todas junto \u00e0 Cabe\u00e7a que \u00e9 o Cristo Jesus. Se de fato habit\u00e1ssemos numa \u00fanica casa, tornar-nos-emos de estar juntos quanto mais formamos a unidade pelo \u00fanico corpo do Senhor. A verdade em Pessoa que \u00e9 Jesus Cristo na Igreja, corpo de Cristo diz ao mesmo modo que a Igreja \u00e9 casa de Deus (cfr. 1\u00a0Tm\u00a03,15)<\/span><span data-contrast=\"auto\">5<\/span><span data-contrast=\"auto\">.<\/span><span data-ccp-props=\"{&quot;335551550&quot;:6,&quot;335551620&quot;:6}\">\u00a0<\/span><\/p>\n<p style=\"text-align: justify;\"><span data-contrast=\"auto\">Casa eterna<\/span><\/p>\n<p style=\"text-align: justify;\"><span data-contrast=\"auto\">O\u00a0bispo de Hipona tamb\u00e9m\u00a0disse\u00a0que\u00a0as pessoas v\u00e3o se encaminhando para a casa da festa eterna, ressoando agora como uma harmonia agrad\u00e1vel e doce aos ouvidos do cora\u00e7\u00e3o. No entanto ele tem presente\u00a0neste mundo\u00a0a casa de passagem, como tenda aqui de baixo, que \u00e9 o tempo de prepara\u00e7\u00e3o em vista da eterna moradia<\/span><span data-contrast=\"auto\">6<\/span><span data-contrast=\"auto\">, alimentada pela alegria, pelo bem, pelo amor realizados junto aos irm\u00e3os e irm\u00e3s que mais necessitam de moradias, para ter uma vida digna.\u00a0<\/span><span data-ccp-props=\"{&quot;335551550&quot;:6,&quot;335551620&quot;:6}\">\u00a0<\/span><\/p>\n<p style=\"text-align: justify;\"><span data-contrast=\"auto\">A moradia na Campanha da Fraternidade 2026 alude a import\u00e2ncia de que todas as pessoas tenham um local para viver, para rezar, para crescer nas rela\u00e7\u00f5es com Deus com o pr\u00f3ximo e consigo mesmo. As nossas comunidades fazem alguma coisa em vista do bem de nossos irm\u00e3os e irm\u00e3s.\u00a0Os santos padres colocaram a import\u00e2ncia em comunh\u00e3o com a Palavra de Deus que a moradia \u00e9 o local importante de vida e de amor ainda neste mundo e um dia na eternidade.<\/span><span data-ccp-props=\"{&quot;335551550&quot;:6,&quot;335551620&quot;:6}\">\u00a0<\/span><\/p>\n","protected":false},"excerpt":{"rendered":"<p>Dom Vital Corbellini Bispo de Marab\u00e1 (PA)\u00a0 &nbsp; &nbsp; A moradia digna \u00e9 o ponto fundamental, o\u00a0objetivo central\u00a0a ser alcan\u00e7ado pela Campanha da Fraternidade sendo\u00a0esta\u00a0uma\u00a0alus\u00e3o para ser promovida\u00a0a partir da Boa Nova do Reino de Deus\u00a0e tamb\u00e9m\u00a0no esp\u00edrito de convers\u00e3o quaresmal, ser um direito e prioridade para todas as pessoas. No entanto como a moradia &hellip;<\/p>\n<p class=\"read-more\"> <a class=\"\" href=\"https:\/\/www.cnbb.org.br\/a-moradia-na-campanha-da-fraternidade-2026-e-os-padres-da-igreja\/\"> <span class=\"screen-reader-text\">A moradia na Campanha da Fraternidade 2026 e os padres da Igreja<\/span> Leia mais &raquo;<\/a><\/p>\n","protected":false},"author":16,"featured_media":0,"comment_status":"closed","ping_status":"closed","sticky":false,"template":"","format":"standard","meta":{"site-sidebar-layout":"default","site-content-layout":"default","ast-global-header-display":"","ast-banner-title-visibility":"","ast-main-header-display":"","ast-hfb-above-header-display":"","ast-hfb-below-header-display":"","ast-hfb-mobile-header-display":"","site-post-title":"","ast-breadcrumbs-content":"","ast-featured-img":"","footer-sml-layout":"","theme-transparent-header-meta":"default","adv-header-id-meta":"","stick-header-meta":"","header-above-stick-meta":"","header-main-stick-meta":"","header-below-stick-meta":""},"categories":[758,1837],"tags":[],"acf":[],"_links":{"self":[{"href":"https:\/\/www.cnbb.org.br\/cnbb-app\/wp\/v2\/posts\/995679"}],"collection":[{"href":"https:\/\/www.cnbb.org.br\/cnbb-app\/wp\/v2\/posts"}],"about":[{"href":"https:\/\/www.cnbb.org.br\/cnbb-app\/wp\/v2\/types\/post"}],"author":[{"embeddable":true,"href":"https:\/\/www.cnbb.org.br\/cnbb-app\/wp\/v2\/users\/16"}],"replies":[{"embeddable":true,"href":"https:\/\/www.cnbb.org.br\/cnbb-app\/wp\/v2\/comments?post=995679"}],"version-history":[{"count":2,"href":"https:\/\/www.cnbb.org.br\/cnbb-app\/wp\/v2\/posts\/995679\/revisions"}],"predecessor-version":[{"id":995681,"href":"https:\/\/www.cnbb.org.br\/cnbb-app\/wp\/v2\/posts\/995679\/revisions\/995681"}],"wp:attachment":[{"href":"https:\/\/www.cnbb.org.br\/cnbb-app\/wp\/v2\/media?parent=995679"}],"wp:term":[{"taxonomy":"category","embeddable":true,"href":"https:\/\/www.cnbb.org.br\/cnbb-app\/wp\/v2\/categories?post=995679"},{"taxonomy":"post_tag","embeddable":true,"href":"https:\/\/www.cnbb.org.br\/cnbb-app\/wp\/v2\/tags?post=995679"}],"curies":[{"name":"wp","href":"https:\/\/api.w.org\/{rel}","templated":true}]}}