{"id":995684,"date":"2026-03-09T09:15:14","date_gmt":"2026-03-09T12:15:14","guid":{"rendered":"https:\/\/www.cnbb.org.br\/?p=995684"},"modified":"2026-03-09T09:16:17","modified_gmt":"2026-03-09T12:16:17","slug":"o-genio-feminino-protagonistas-da-fe-e-da-dignidade-humana","status":"publish","type":"post","link":"https:\/\/www.cnbb.org.br\/o-genio-feminino-protagonistas-da-fe-e-da-dignidade-humana\/","title":{"rendered":"O g\u00eanio feminino:\u00a0protagonistas da f\u00e9 e da dignidade humana\u00a0"},"content":{"rendered":"<p style=\"text-align: right;\"><b><span data-contrast=\"none\">Cardeal Orani Jo\u00e3o Tempesta<br \/>\n<\/span><\/b><b><span data-contrast=\"none\">Arcebispo do Rio de Janeiro (RJ)<\/span><\/b><span data-ccp-props=\"{&quot;134233117&quot;:true,&quot;134233118&quot;:true,&quot;201341983&quot;:0,&quot;335551550&quot;:3,&quot;335551620&quot;:3,&quot;335559739&quot;:160,&quot;335559740&quot;:240}\">\u00a0<\/span><\/p>\n<p style=\"text-align: justify;\"><span data-ccp-props=\"{&quot;134233117&quot;:true,&quot;134233118&quot;:true,&quot;201341983&quot;:0,&quot;335551550&quot;:2,&quot;335551620&quot;:2,&quot;335559739&quot;:160,&quot;335559740&quot;:240}\">\u00a0<\/span><\/p>\n<p style=\"text-align: justify;\"><span data-contrast=\"auto\">Neste Dia Internacional da Mulher, o nosso olhar se volta n\u00e3o apenas para uma celebra\u00e7\u00e3o civil ou um registro no calend\u00e1rio, mas para uma profunda e necess\u00e1ria reflex\u00e3o teol\u00f3gica, antropol\u00f3gica e social sobre a dignidade daquelas que s\u00e3o, por ess\u00eancia, as sentinelas do invis\u00edvel e as guardi\u00e3s primordiais da vida. Celebrar a mulher, na perspectiva da f\u00e9 cat\u00f3lica, \u00e9 reconhecer que o projeto de Deus para a humanidade jamais estaria completo sem a\u00a0<\/span><i><span data-contrast=\"auto\">\u201cajuda adequada\u201d\u00a0<\/span><\/i><span data-contrast=\"auto\">(Gn\u00a02,18), um termo que, no original hebraico, n\u00e3o denota submiss\u00e3o ou inferioridade, mas sim uma reciprocidade vital e uma plenitude de ser.<\/span><span data-ccp-props=\"{&quot;134233117&quot;:true,&quot;134233118&quot;:true,&quot;201341983&quot;:0,&quot;335551550&quot;:6,&quot;335551620&quot;:6,&quot;335559731&quot;:708,&quot;335559739&quot;:160,&quot;335559740&quot;:240}\">\u00a0<\/span><\/p>\n<p style=\"text-align: justify;\"><span data-contrast=\"auto\">A Sagrada Escritura \u00e9 permeada por mulheres que, com coragem, aud\u00e1cia e uma sensibilidade espiritual agu\u00e7ada, alteraram o curso da hist\u00f3ria da salva\u00e7\u00e3o. Se olharmos para o Antigo Testamento, encontramos figuras que desafiaram imp\u00e9rios e estruturas r\u00edgidas. Recordamos a lideran\u00e7a prof\u00e9tica de\u00a0Miri\u00e3, que conduziu o povo em c\u00e2nticos de vit\u00f3ria; a coragem estrat\u00e9gica de Ester, que colocou a pr\u00f3pria vida em risco ao interceder por seu povo diante do rei; e a for\u00e7a de D\u00e9bora, ju\u00edza e profetisa que guiou Israel em tempos de incerteza. Elas nos ensinam que a for\u00e7a de Deus n\u00e3o se manifesta pelo poder mundano, mas pela fidelidade absoluta Daquela que confia na Sua justi\u00e7a.<\/span><span data-ccp-props=\"{&quot;134233117&quot;:true,&quot;134233118&quot;:true,&quot;201341983&quot;:0,&quot;335551550&quot;:6,&quot;335551620&quot;:6,&quot;335559731&quot;:708,&quot;335559739&quot;:160,&quot;335559740&quot;:240}\">\u00a0<\/span><\/p>\n<p style=\"text-align: justify;\"><span data-contrast=\"auto\">No Novo Testamento, essa presen\u00e7a torna-se ainda mais vital e revolucion\u00e1ria. \u00c9 imposs\u00edvel compreender a miss\u00e3o de Cristo e o nascimento da Igreja sem mencionar as mulheres que O acompanharam desde a Galileia. Em um tempo\u00a0em que\u00a0o testemunho feminino n\u00e3o tinha valor jur\u00eddico, Jesus rompeu barreiras ao dialogar com a Samaritana no po\u00e7o e ao permitir que mulheres fizessem parte de Seu c\u00edrculo mais \u00edntimo de disc\u00edpulos. Enquanto muitos dos ap\u00f3stolos, tomados pelo medo, se dispersaram no momento da Paix\u00e3o, as mulheres permaneceram firmes, em sil\u00eancio e ora\u00e7\u00e3o, aos p\u00e9s da Cruz.<\/span><span data-ccp-props=\"{&quot;134233117&quot;:true,&quot;134233118&quot;:true,&quot;201341983&quot;:0,&quot;335551550&quot;:6,&quot;335551620&quot;:6,&quot;335559731&quot;:708,&quot;335559739&quot;:160,&quot;335559740&quot;:240}\">\u00a0<\/span><\/p>\n<p style=\"text-align: justify;\"><span data-contrast=\"auto\">Foi Maria Madalena, a quem a tradi\u00e7\u00e3o chama de\u00a0<\/span><i><span data-contrast=\"auto\">\u201cAp\u00f3stola dos Ap\u00f3stolos\u201d<\/span><\/i><span data-contrast=\"auto\">, a primeira a receber o an\u00fancio da maior not\u00edcia da hist\u00f3ria: a Ressurrei\u00e7\u00e3o. Sem a sensibilidade e a coragem dessas mulheres em irem ao sepulcro ao amanhecer, o an\u00fancio da vit\u00f3ria de Cristo sobre a morte teria tardado a ecoar pelos ouvidos do mundo. A Igreja nasce, portanto, sob o signo do testemunho feminino.<\/span><span data-ccp-props=\"{&quot;134233117&quot;:true,&quot;134233118&quot;:true,&quot;201341983&quot;:0,&quot;335551550&quot;:6,&quot;335551620&quot;:6,&quot;335559731&quot;:708,&quot;335559739&quot;:160,&quot;335559740&quot;:240}\">\u00a0<\/span><\/p>\n<p style=\"text-align: justify;\"><span data-contrast=\"auto\">N\u00e3o h\u00e1 como exaltar a mulher sem elevar os olhos e o cora\u00e7\u00e3o para a figura de Nossa Senhora. Em Maria, a humanidade atingiu o seu ponto mais alto de coopera\u00e7\u00e3o com o Divino. O seu\u00a0\u201cFiat\u201d\u00a0(Fa\u00e7a-se) n\u00e3o foi um ato de passividade resignada, mas uma escolha livre, consciente e extremamente corajosa. Ela aceitou o desconhecido para que o Verbo se fizesse carne em seu ventre virginal.<\/span><span data-ccp-props=\"{&quot;134233117&quot;:true,&quot;134233118&quot;:true,&quot;201341983&quot;:0,&quot;335551550&quot;:6,&quot;335551620&quot;:6,&quot;335559731&quot;:708,&quot;335559739&quot;:160,&quot;335559740&quot;:240}\">\u00a0<\/span><\/p>\n<p style=\"text-align: justify;\"><span data-contrast=\"auto\">Maria \u00e9 o modelo perfeito da Igreja e de todo o g\u00eanero humano. Ela nos ensina que a verdadeira autoridade no Reino de Deus \u00e9 o servi\u00e7o desinteressado. Ela \u00e9 a Mulher Revestida de Sol que, conforme o Apocalipse, enfrenta as for\u00e7as do mal e protege a vida. Ao exaltarmos a M\u00e3e de Deus, sob os t\u00edtulos de Aparecida, de F\u00e1tima ou da Penha, estamos, na verdade, exaltando a dignidade de todas as mulheres. Em cada mulher reside essa capacidade mariana de gerar esperan\u00e7a, de nutrir a f\u00e9 e de sustentar a caridade, seja atrav\u00e9s da maternidade biol\u00f3gica, que acolhe a vida em sua fragilidade, seja pela maternidade espiritual, que educa e guia as almas para o c\u00e9u.<\/span><span data-ccp-props=\"{&quot;134233117&quot;:true,&quot;134233118&quot;:true,&quot;201341983&quot;:0,&quot;335551550&quot;:6,&quot;335551620&quot;:6,&quot;335559731&quot;:708,&quot;335559739&quot;:160,&quot;335559740&quot;:240}\">\u00a0<\/span><\/p>\n<p style=\"text-align: justify;\"><span data-contrast=\"auto\">A celebra\u00e7\u00e3o deste dia internacional tamb\u00e9m exige de n\u00f3s uma palavra de firmeza, convers\u00e3o e corre\u00e7\u00e3o fraterna. Infelizmente, ainda vivemos em uma sociedade que carrega as chagas abertas do machismo, da exclus\u00e3o e da viol\u00eancia\u00a0com o famigerado feminic\u00eddio. \u00c9 uma obriga\u00e7\u00e3o moral, \u00e9tica e, sobretudo, crist\u00e3, que cada homem compreenda que o respeito \u00e0 mulher n\u00e3o \u00e9 uma op\u00e7\u00e3o, mas um mandamento derivado da nossa cria\u00e7\u00e3o \u00e0 imagem e semelhan\u00e7a de Deus.<\/span><span data-ccp-props=\"{&quot;134233117&quot;:true,&quot;134233118&quot;:true,&quot;201341983&quot;:0,&quot;335551550&quot;:6,&quot;335551620&quot;:6,&quot;335559731&quot;:708,&quot;335559739&quot;:160,&quot;335559740&quot;:240}\">\u00a0<\/span><\/p>\n<p style=\"text-align: justify;\"><span data-contrast=\"auto\">O homem n\u00e3o foi criado para ser senhor da mulher, nem para subjug\u00e1-la com for\u00e7a ou autoridade vazia. S\u00e3o Jo\u00e3o Paulo II, em sua Carta \u00e0s Mulheres, falava com propriedade sobre a d\u00edvida que a humanidade tem para com o\u00a0\u201cg\u00eanio feminino\u201d. \u00c9 urgente que lutemos por uma cultura que proteja os direitos das mulheres em todas as inst\u00e2ncias: na fam\u00edlia, onde devem ser coprotagonistas; no mercado de trabalho, com sal\u00e1rios justos e igualit\u00e1rios; e na vida p\u00fablica, onde sua voz \u00e9 indispens\u00e1vel para o bem comum.<\/span><span data-ccp-props=\"{&quot;134233117&quot;:true,&quot;134233118&quot;:true,&quot;201341983&quot;:0,&quot;335551550&quot;:6,&quot;335551620&quot;:6,&quot;335559731&quot;:708,&quot;335559739&quot;:160,&quot;335559740&quot;:240}\">\u00a0<\/span><\/p>\n<p style=\"text-align: justify;\"><span data-contrast=\"auto\">Repudiamos veementemente toda forma de viol\u00eancia \u2014 seja ela f\u00edsica, psicol\u00f3gica, patrimonial ou moral \u2014 que tente calar o protagonismo feminino ou ferir sua integridade. Como crist\u00e3os, n\u00e3o podemos ser coniventes com qualquer estrutura que degrade a mulher. Uma sociedade que n\u00e3o protege, n\u00e3o ouve e n\u00e3o honra suas mulheres \u00e9 uma sociedade que caminha para o deserto da desumaniza\u00e7\u00e3o.<\/span><span data-ccp-props=\"{&quot;134233117&quot;:true,&quot;134233118&quot;:true,&quot;201341983&quot;:0,&quot;335551550&quot;:6,&quot;335551620&quot;:6,&quot;335559731&quot;:708,&quot;335559739&quot;:160,&quot;335559740&quot;:240}\">\u00a0<\/span><\/p>\n<p style=\"text-align: justify;\"><span data-contrast=\"auto\">A hist\u00f3ria da Igreja \u00e9 escrita, em grande parte, com m\u00e3os femininas e cora\u00e7\u00f5es apaixonados por Deus. Como n\u00e3o nos emocionarmos com o exemplo de Santa Dulce dos Pobres, o\u00a0\u201cAnjo Bom da Bahia\u201d? Com sua sa\u00fade debilitada, mas uma f\u00e9 inabal\u00e1vel que movia montanhas de indiferen\u00e7a, ela ergueu hospitais e acolheu os esquecidos, provando que a caridade n\u00e3o conhece limites quando \u00e9 movida pelo amor feminino. Ela personifica a Igreja que sai de si mesma para servir.<\/span><span data-ccp-props=\"{&quot;134233117&quot;:true,&quot;134233118&quot;:true,&quot;201341983&quot;:0,&quot;335551550&quot;:6,&quot;335551620&quot;:6,&quot;335559731&quot;:708,&quot;335559739&quot;:160,&quot;335559740&quot;:240}\">\u00a0<\/span><\/p>\n<p style=\"text-align: justify;\"><span data-contrast=\"auto\">Recordamos tamb\u00e9m a aud\u00e1cia intelectual e espiritual de Santa Teresa d\u2019\u00c1vila, Doutora da Igreja, que reformou ordens inteiras com sua determina\u00e7\u00e3o; a pequena via de Santa Teresinha do Menino Jesus, que ensinou o mundo a amar nas pequenas coisas; e a sabedoria de Santa Catarina de Sena, que n\u00e3o temeu aconselhar e exortar papas.<\/span><span data-ccp-props=\"{&quot;134233117&quot;:true,&quot;134233118&quot;:true,&quot;201341983&quot;:0,&quot;335551550&quot;:6,&quot;335551620&quot;:6,&quot;335559731&quot;:708,&quot;335559739&quot;:160,&quot;335559740&quot;:240}\">\u00a0<\/span><\/p>\n<p style=\"text-align: justify;\"><span data-contrast=\"auto\">N\u00e3o podemos esquecer da sabedoria e dos conselhos da Beata Francisca Isabel de Jesus, a mineira Nh\u00e1 Chica de Baependi, na Diocese da Campanha, que repleta da sabedoria divina, mesmo analfabeta, era conselheira admir\u00e1vel de todos aqueles que batiam em sua porta e exercia o minist\u00e9rio da escuta e da profecia colocando a sua confian\u00e7a unicamente em Deus e na \u201cminha Sinha\u201d \u2013 como ela carinhosamente se referia a Nossa Senhora da Concei\u00e7\u00e3o que atendia, infalivelmente, todos os seus pedidos, por mais dif\u00edceis que fossem.\u00a0<\/span><span data-ccp-props=\"{&quot;134233117&quot;:true,&quot;134233118&quot;:true,&quot;201341983&quot;:0,&quot;335551550&quot;:6,&quot;335551620&quot;:6,&quot;335559731&quot;:708,&quot;335559739&quot;:160,&quot;335559740&quot;:240}\">\u00a0<\/span><\/p>\n<p style=\"text-align: justify;\"><span data-contrast=\"auto\">Contudo, al\u00e9m das santas canonizadas, desejo render gra\u00e7as pelas\u00a0\u201csantas da porta ao lado\u201d: as av\u00f3s, m\u00e3es e catequistas que, no sil\u00eancio dos lares e das comunidades, s\u00e3o as verdadeiras respons\u00e1veis pela manuten\u00e7\u00e3o da f\u00e9 cat\u00f3lica. S\u00e3o elas que ensinam as primeiras ora\u00e7\u00f5es, que transmitem os valores do Evangelho e que mant\u00eam vivas as nossas par\u00f3quias atrav\u00e9s do servi\u00e7o pastoral, da liturgia e da caridade. Sem as mulheres, a transmiss\u00e3o da f\u00e9 \u00e0s novas gera\u00e7\u00f5es sofreria uma interrup\u00e7\u00e3o irrepar\u00e1vel. Elas s\u00e3o a coluna vertebral da nossa vida eclesial.<\/span><span data-ccp-props=\"{&quot;134233117&quot;:true,&quot;134233118&quot;:true,&quot;201341983&quot;:0,&quot;335551550&quot;:6,&quot;335551620&quot;:6,&quot;335559731&quot;:708,&quot;335559739&quot;:160,&quot;335559740&quot;:240}\">\u00a0<\/span><\/p>\n<p style=\"text-align: justify;\"><span data-contrast=\"auto\">Ao final desta reflex\u00e3o, elevo minhas preces ao Pai das Miseric\u00f3rdias por todas as mulheres brasileiras e do mundo inteiro. Rezamos pelas m\u00e3es que se sacrificam diariamente, pelas profissionais que lutam com \u00e9tica por seu espa\u00e7o, pelas consagradas que s\u00e3o o pulm\u00e3o orante da Igreja e pelas jovens que carregam nos olhos o brilho de um futuro mais justo.<\/span><span data-ccp-props=\"{&quot;134233117&quot;:true,&quot;134233118&quot;:true,&quot;201341983&quot;:0,&quot;335551550&quot;:6,&quot;335551620&quot;:6,&quot;335559731&quot;:708,&quot;335559739&quot;:160,&quot;335559740&quot;:240}\">\u00a0<\/span><\/p>\n<p style=\"text-align: justify;\"><span data-contrast=\"auto\">Que a Igreja de S\u00e3o Sebasti\u00e3o do Rio de Janeiro e de todo o Brasil continue a ser um espa\u00e7o onde o protagonismo feminino n\u00e3o seja apenas um discurso, mas uma realidade vivida e incentivada, seguindo o exemplo do pr\u00f3prio Jesus, que sempre tratou as mulheres com uma rever\u00eancia e uma dignidade que desafiavam os preconceitos de Sua \u00e9poca.<\/span><span data-ccp-props=\"{&quot;134233117&quot;:true,&quot;134233118&quot;:true,&quot;201341983&quot;:0,&quot;335551550&quot;:6,&quot;335551620&quot;:6,&quot;335559731&quot;:708,&quot;335559739&quot;:160,&quot;335559740&quot;:240}\">\u00a0<\/span><\/p>\n<p style=\"text-align: justify;\"><span data-contrast=\"auto\">Que Nossa Senhora Aparecida, nossa M\u00e3e e Padroeira, cubra com seu manto de prote\u00e7\u00e3o todas as mulheres, fortalecendo-as em suas lutas, consolando-as em suas dores e iluminando-as na nobre miss\u00e3o de serem luz, sal e fermento de um mundo novo, mais humano e mais fraterno.\u00a0Deus as aben\u00e7oe hoje e sempre.<\/span><span data-ccp-props=\"{&quot;134233117&quot;:true,&quot;134233118&quot;:true,&quot;201341983&quot;:0,&quot;335551550&quot;:6,&quot;335551620&quot;:6,&quot;335559731&quot;:708,&quot;335559739&quot;:160,&quot;335559740&quot;:240}\">\u00a0<\/span><\/p>\n<p style=\"text-align: justify;\">\n","protected":false},"excerpt":{"rendered":"<p>Cardeal Orani Jo\u00e3o Tempesta Arcebispo do Rio de Janeiro (RJ)\u00a0 \u00a0 Neste Dia Internacional da Mulher, o nosso olhar se volta n\u00e3o apenas para uma celebra\u00e7\u00e3o civil ou um registro no calend\u00e1rio, mas para uma profunda e necess\u00e1ria reflex\u00e3o teol\u00f3gica, antropol\u00f3gica e social sobre a dignidade daquelas que s\u00e3o, por ess\u00eancia, as sentinelas do invis\u00edvel &hellip;<\/p>\n<p class=\"read-more\"> <a class=\"\" href=\"https:\/\/www.cnbb.org.br\/o-genio-feminino-protagonistas-da-fe-e-da-dignidade-humana\/\"> <span class=\"screen-reader-text\">O g\u00eanio feminino:\u00a0protagonistas da f\u00e9 e da dignidade humana\u00a0<\/span> Leia mais &raquo;<\/a><\/p>\n","protected":false},"author":31,"featured_media":0,"comment_status":"closed","ping_status":"closed","sticky":false,"template":"","format":"standard","meta":{"site-sidebar-layout":"default","site-content-layout":"default","ast-global-header-display":"","ast-banner-title-visibility":"","ast-main-header-display":"","ast-hfb-above-header-display":"","ast-hfb-below-header-display":"","ast-hfb-mobile-header-display":"","site-post-title":"","ast-breadcrumbs-content":"","ast-featured-img":"","footer-sml-layout":"","theme-transparent-header-meta":"default","adv-header-id-meta":"","stick-header-meta":"","header-above-stick-meta":"","header-main-stick-meta":"","header-below-stick-meta":""},"categories":[758],"tags":[],"acf":[],"_links":{"self":[{"href":"https:\/\/www.cnbb.org.br\/cnbb-app\/wp\/v2\/posts\/995684"}],"collection":[{"href":"https:\/\/www.cnbb.org.br\/cnbb-app\/wp\/v2\/posts"}],"about":[{"href":"https:\/\/www.cnbb.org.br\/cnbb-app\/wp\/v2\/types\/post"}],"author":[{"embeddable":true,"href":"https:\/\/www.cnbb.org.br\/cnbb-app\/wp\/v2\/users\/31"}],"replies":[{"embeddable":true,"href":"https:\/\/www.cnbb.org.br\/cnbb-app\/wp\/v2\/comments?post=995684"}],"version-history":[{"count":3,"href":"https:\/\/www.cnbb.org.br\/cnbb-app\/wp\/v2\/posts\/995684\/revisions"}],"predecessor-version":[{"id":995687,"href":"https:\/\/www.cnbb.org.br\/cnbb-app\/wp\/v2\/posts\/995684\/revisions\/995687"}],"wp:attachment":[{"href":"https:\/\/www.cnbb.org.br\/cnbb-app\/wp\/v2\/media?parent=995684"}],"wp:term":[{"taxonomy":"category","embeddable":true,"href":"https:\/\/www.cnbb.org.br\/cnbb-app\/wp\/v2\/categories?post=995684"},{"taxonomy":"post_tag","embeddable":true,"href":"https:\/\/www.cnbb.org.br\/cnbb-app\/wp\/v2\/tags?post=995684"}],"curies":[{"name":"wp","href":"https:\/\/api.w.org\/{rel}","templated":true}]}}