{"id":995759,"date":"2026-03-09T20:26:33","date_gmt":"2026-03-09T23:26:33","guid":{"rendered":"https:\/\/www.cnbb.org.br\/?p=995759"},"modified":"2026-03-09T21:18:28","modified_gmt":"2026-03-10T00:18:28","slug":"comissao-para-a-liturgia-apoia-encontro-com-mestres-de-celebracoes-episcopais-da-associacao-dos-liturgistas-do-brasil","status":"publish","type":"post","link":"https:\/\/www.cnbb.org.br\/comissao-para-a-liturgia-apoia-encontro-com-mestres-de-celebracoes-episcopais-da-associacao-dos-liturgistas-do-brasil\/","title":{"rendered":"Comiss\u00e3o para a Liturgia apoia Encontro com Mestres de Celebra\u00e7\u00f5es Episcopais da Associa\u00e7\u00e3o dos Liturgistas do Brasil"},"content":{"rendered":"<p style=\"text-align: justify;\">Est\u00e3o abertas as inscri\u00e7\u00f5es para o Encontro promovido pela Associa\u00e7\u00e3o dos Liturgistas do Brasil (ASLI), com o apoio da Comiss\u00e3o Episcopal para a Liturgia da CNBB. A iniciativa \u00e9 voltada \u00e0 forma\u00e7\u00e3o e partilha no \u00e2mbito do servi\u00e7o lit\u00fargico nas Igrejas particulares e nas fam\u00edlias religiosas, destinando-se exclusivamente ao Mestre de Celebra\u00e7\u00e3o oficial do bispo, da diocese ou da fam\u00edlia religiosa \u2014 servi\u00e7o geralmente confiado pela autoridade competente a religiosos, presb\u00edteros ou seminaristas.<\/p>\n<p>O curso oferece uma base teol\u00f3gica, hist\u00f3rica e normativa para o exerc\u00edcio do minist\u00e9rio nas celebra\u00e7\u00f5es presididas pelo bispo, favorecendo uma atua\u00e7\u00e3o consciente, segura e harmoniosa, a fim de que as celebra\u00e7\u00f5es se realizem com decoro, simplicidade e ordem. A programa\u00e7\u00e3o contempla a tipologia das Missas presididas pelo bispo, especialmente a Missa estacional e a Missa na par\u00f3quia, \u00e0 luz da eclesiologia de comunh\u00e3o e da natureza da Igreja particular. O conte\u00fado tamb\u00e9m situa o Cerimonial dos Bispos no contexto da reforma lit\u00fargica do Conc\u00edlio Vaticano II e \u00e0 luz da Carta Apost\u00f3lica Desiderio Desideravi.<\/p>\n<blockquote>\n<p style=\"text-align: justify;\">O bispo de Bonfim (BA) e presidente da Comiss\u00e3o Episcopal para a Liturgia da CNBB, dom Hernaldo Pinto Farias, destaca que o encontro, ao promover uma reflex\u00e3o qualificada sobre a arte de celebrar diante dos desafios pastorais contempor\u00e2neos, oferece uma forma\u00e7\u00e3o para os Mestres de Celebra\u00e7\u00f5es.<\/p>\n<p>&nbsp;<\/p><\/blockquote>\n<p style=\"text-align: justify;\">Segundo o presidente da Comiss\u00e3o para a Liturgia da CNBB, a iniciativa contribui para organizar e coordenar, com unidade e zelo eclesial, as celebra\u00e7\u00f5es presididas pelo bispo, favorecendo a harmonia entre o presbit\u00e9rio, os diversos minist\u00e9rios e toda a comunidade reunida.<\/p>\n<p><strong>Para mais informa\u00e7\u00f5es e inscri\u00e7\u00e3o acesse o link abaixo:<\/strong><br \/>\n<a href=\"https:\/\/app.ciaticket.com.br\/e\/MESTRESCELEBRACOESEPISCOPAIS\" target=\"_blank\" rel=\"noopener\">Curso: Por uma viv\u00eancia plena da A\u00e7\u00e3o Lit\u00fargica<\/a><\/p>\n","protected":false},"excerpt":{"rendered":"<p>Est\u00e3o abertas as inscri\u00e7\u00f5es para o Encontro promovido pela Associa\u00e7\u00e3o dos Liturgistas do Brasil (ASLI), com o apoio da Comiss\u00e3o Episcopal para a Liturgia da CNBB. A iniciativa \u00e9 voltada \u00e0 forma\u00e7\u00e3o no servi\u00e7o lit\u00fargico nas Igrejas particulares e nas fam\u00edlias religiosas, destinando-se exclusivamente ao Mestre de Celebra\u00e7\u00e3o oficial do bispo, diocese ou da fam\u00edlia religiosa<\/p>\n","protected":false},"author":142,"featured_media":995760,"comment_status":"closed","ping_status":"closed","sticky":false,"template":"","format":"standard","meta":{"site-sidebar-layout":"default","site-content-layout":"default","ast-global-header-display":"","ast-banner-title-visibility":"","ast-main-header-display":"","ast-hfb-above-header-display":"","ast-hfb-below-header-display":"","ast-hfb-mobile-header-display":"","site-post-title":"","ast-breadcrumbs-content":"","ast-featured-img":"","footer-sml-layout":"","theme-transparent-header-meta":"default","adv-header-id-meta":"","stick-header-meta":"","header-above-stick-meta":"","header-main-stick-meta":"","header-below-stick-meta":""},"categories":[50,859],"tags":[5877,1730],"acf":[],"_links":{"self":[{"href":"https:\/\/www.cnbb.org.br\/cnbb-app\/wp\/v2\/posts\/995759"}],"collection":[{"href":"https:\/\/www.cnbb.org.br\/cnbb-app\/wp\/v2\/posts"}],"about":[{"href":"https:\/\/www.cnbb.org.br\/cnbb-app\/wp\/v2\/types\/post"}],"author":[{"embeddable":true,"href":"https:\/\/www.cnbb.org.br\/cnbb-app\/wp\/v2\/users\/142"}],"replies":[{"embeddable":true,"href":"https:\/\/www.cnbb.org.br\/cnbb-app\/wp\/v2\/comments?post=995759"}],"version-history":[{"count":4,"href":"https:\/\/www.cnbb.org.br\/cnbb-app\/wp\/v2\/posts\/995759\/revisions"}],"predecessor-version":[{"id":995764,"href":"https:\/\/www.cnbb.org.br\/cnbb-app\/wp\/v2\/posts\/995759\/revisions\/995764"}],"wp:featuredmedia":[{"embeddable":true,"href":"https:\/\/www.cnbb.org.br\/cnbb-app\/wp\/v2\/media\/995760"}],"wp:attachment":[{"href":"https:\/\/www.cnbb.org.br\/cnbb-app\/wp\/v2\/media?parent=995759"}],"wp:term":[{"taxonomy":"category","embeddable":true,"href":"https:\/\/www.cnbb.org.br\/cnbb-app\/wp\/v2\/categories?post=995759"},{"taxonomy":"post_tag","embeddable":true,"href":"https:\/\/www.cnbb.org.br\/cnbb-app\/wp\/v2\/tags?post=995759"}],"curies":[{"name":"wp","href":"https:\/\/api.w.org\/{rel}","templated":true}]}}