{"id":995834,"date":"2026-03-09T12:56:05","date_gmt":"2026-03-09T15:56:05","guid":{"rendered":"https:\/\/www.cnbb.org.br\/?p=995834"},"modified":"2026-03-10T13:15:09","modified_gmt":"2026-03-10T16:15:09","slug":"conser-do-regional-nordeste-3-teve-inicio-com-missa-nesta-segunda-feira-9","status":"publish","type":"post","link":"https:\/\/www.cnbb.org.br\/conser-do-regional-nordeste-3-teve-inicio-com-missa-nesta-segunda-feira-9\/","title":{"rendered":"CONSER do regional Nordeste 3 teve in\u00edcio com missa nesta segunda-feira (9)"},"content":{"rendered":"<p style=\"text-align: justify;\">Teve in\u00edcio nesta segunda-feira, 9 de mar\u00e7o, em Salvador, o Conselho Episcopal Regional (CONSER) da Confer\u00eancia Nacional dos Bispos do Brasil \u2013 regional Nordeste 3, que re\u00fane os arcebispos e bispos das arqui(dioceses) da Bahia e de Sergipe para dias de ora\u00e7\u00e3o, reflex\u00e3o e partilha sobre a caminhada pastoral da Igreja no Regional.<\/p>\n<p style=\"text-align: justify;\">A abertura do encontro foi marcada pela Missa com V\u00e9speras, presidida pelo presidente do Regional e bispo da diocese de Cama\u00e7ari, dom Dirceu de Oliveira Medeiros; e concelebrada pelo secret\u00e1rio do Regional e bispo auxiliar da Arquidiocese de Salvador, dom Gilvan Pereira Rodrigues; e pelo bispo da diocese de Propri\u00e1, dom George Lu\u00eds Amaral.<\/p>\n<p style=\"text-align: justify;\">Durante a reflex\u00e3o inicial, os participantes foram convidados a viver o encontro como um tempo de recolhimento, discernimento e renova\u00e7\u00e3o espiritual. Na homilia, dom Dirceu destacou a import\u00e2ncia da comunh\u00e3o entre os pastores como caminho para enfrentar os desafios da miss\u00e3o e encontrar respostas para as realidades pastorais.<\/p>\n<blockquote>\n<p style=\"text-align: justify;\">\u201cFortalecidos pela f\u00e9 e pela colegialidade, pela comunh\u00e3o que nos une, descobrimos caminhos para nossos impasses, para curar aqueles a quem Deus nos confiou e para nos curar tamb\u00e9m. Que estes dias nos ajudem a encontrar caminhos para as nossas dores\u201d, afirmou.<\/p>\n<\/blockquote>\n<p style=\"text-align: justify;\">Inspirando-se na Carta aos Hebreus, dom Dirceu recordou que Cristo \u00e9 o caminho que conduz a Igreja em meio \u00e0s dificuldades. Segundo ele, a contempla\u00e7\u00e3o do rosto de Jesus Cristo pode ajudar os pastores a encontrar respostas para as inquieta\u00e7\u00f5es presentes na miss\u00e3o.<\/p>\n<p style=\"text-align: justify;\">\u201cA Carta aos Hebreus diz que Jesus, o Bom e Supremo Pastor, \u00e9 o caminho novo, que abriu uma estrada nova. Talvez, se nos atent\u00e1ssemos mais fixamente a Ele, ao seu rosto, encontrar\u00edamos as respostas de que tanto necessitamos\u201d, disse.<\/p>\n<p style=\"text-align: justify;\">O bispo tamb\u00e9m ressaltou que o CONSER deve ser vivido como um tempo de cura espiritual e interior para os pr\u00f3prios pastores.<\/p>\n<blockquote>\n<p style=\"text-align: justify;\">\u201cQue Deus nos conceda a capacidade de curar, como concedeu l\u00e1 em L\u00e1zaro, mas que nos conceda tamb\u00e9m a capacidade de nos curar de nossas ang\u00fastias e de nossas ambi\u00e7\u00f5es que, \u00e0s vezes, nos afligem com certa frequ\u00eancia\u201d, acrescentou.<\/p>\n<\/blockquote>\n<p style=\"text-align: justify;\">Ao concluir, dom Dirceu comparou o encontro ao movimento vivido pelo pr\u00f3prio Jesus Cristo em Sua miss\u00e3o, alternando momentos de a\u00e7\u00e3o com tempos de recolhimento.<\/p>\n<blockquote>\n<p style=\"text-align: justify;\">\u201cIniciamos mais um CONSER. \u00c9 como se fiz\u00e9ssemos aquele duplo movimento que Jesus de Nazar\u00e9 fez tamb\u00e9m em sua miss\u00e3o. Que estes dias sejam para n\u00f3s tamb\u00e9m a experi\u00eancia de Nazar\u00e9, um tempo de estarmos \u2018em casa\u2019, para uma conversa franca e curativa, partilhando nossas dores, para depois voltarmos fortalecidos \u00e0 miss\u00e3o\u201d, concluiu.<\/p>\n<\/blockquote>\n<p style=\"text-align: justify;\">O encontro do CONSER segue nos pr\u00f3ximos dias com momentos de ora\u00e7\u00e3o e encaminhamentos voltados \u00e0 caminhada pastoral das arqui(dioceses) que comp\u00f5em o regional Nordeste 3.<\/p>\n<p>&nbsp;<\/p>\n<p>&nbsp;<\/p>\n<div class=\"elementor-element elementor-element-3a087bd2 elementor-widget elementor-widget-theme-post-content\" data-id=\"3a087bd2\" data-element_type=\"widget\" data-widget_type=\"theme-post-content.default\">\n<div class=\"elementor-widget-container\">\n<section class=\"elementor-section elementor-inner-section elementor-element elementor-element-d1fd5b6 elementor-section-full_width elementor-section-height-default elementor-section-height-default jet-parallax-section\" data-id=\"d1fd5b6\" data-element_type=\"section\" data-settings=\"{&quot;jet_parallax_layout_list&quot;:[{&quot;jet_parallax_layout_image&quot;:{&quot;url&quot;:&quot;&quot;,&quot;id&quot;:&quot;&quot;,&quot;size&quot;:&quot;&quot;},&quot;_id&quot;:&quot;5cc84e1&quot;,&quot;jet_parallax_layout_image_tablet&quot;:{&quot;url&quot;:&quot;&quot;,&quot;id&quot;:&quot;&quot;,&quot;size&quot;:&quot;&quot;},&quot;jet_parallax_layout_image_mobile&quot;:{&quot;url&quot;:&quot;&quot;,&quot;id&quot;:&quot;&quot;,&quot;size&quot;:&quot;&quot;},&quot;jet_parallax_layout_speed&quot;:{&quot;unit&quot;:&quot;%&quot;,&quot;size&quot;:50,&quot;sizes&quot;:[]},&quot;jet_parallax_layout_type&quot;:&quot;scroll&quot;,&quot;jet_parallax_layout_direction&quot;:null,&quot;jet_parallax_layout_fx_direction&quot;:null,&quot;jet_parallax_layout_z_index&quot;:&quot;&quot;,&quot;jet_parallax_layout_bg_x&quot;:50,&quot;jet_parallax_layout_bg_x_tablet&quot;:&quot;&quot;,&quot;jet_parallax_layout_bg_x_mobile&quot;:&quot;&quot;,&quot;jet_parallax_layout_bg_y&quot;:50,&quot;jet_parallax_layout_bg_y_tablet&quot;:&quot;&quot;,&quot;jet_parallax_layout_bg_y_mobile&quot;:&quot;&quot;,&quot;jet_parallax_layout_bg_size&quot;:&quot;auto&quot;,&quot;jet_parallax_layout_bg_size_tablet&quot;:&quot;&quot;,&quot;jet_parallax_layout_bg_size_mobile&quot;:&quot;&quot;,&quot;jet_parallax_layout_animation_prop&quot;:&quot;transform&quot;,&quot;jet_parallax_layout_on&quot;:[&quot;desktop&quot;,&quot;tablet&quot;]}]}\">\n<div class=\"elementor-container elementor-column-gap-no\">\n<div class=\"elementor-column elementor-col-100 elementor-inner-column elementor-element elementor-element-fae0b39\" data-id=\"fae0b39\" data-element_type=\"column\" data-settings=\"{&quot;background_background&quot;:&quot;classic&quot;}\">\n<div class=\"elementor-widget-wrap elementor-element-populated\">\n<div id=\"BConteudo\" class=\"elementor-element elementor-element-1038204 legendaSingle elementor-widget elementor-widget-theme-post-content\" data-id=\"1038204\" data-element_type=\"widget\" data-widget_type=\"theme-post-content.default\">\n<div class=\"elementor-widget-container\">\n<pre>Texto e fotos: Sara Gomes<\/pre>\n<\/div>\n<\/div>\n<\/div>\n<\/div>\n<\/div>\n<\/section>\n<\/div>\n<\/div>\n<div class=\"elementor-element elementor-element-bb6a5a9 elementor-widget elementor-widget-heading\" data-id=\"bb6a5a9\" data-element_type=\"widget\" data-widget_type=\"heading.default\">\n<div class=\"elementor-widget-container\"><\/div>\n<\/div>\n","protected":false},"excerpt":{"rendered":"<p>Teve in\u00edcio nesta segunda-feira, 9 de mar\u00e7o, em Salvador, o Conselho Episcopal Regional (CONSER) da Confer\u00eancia Nacional dos Bispos do Brasil \u2013 regional Nordeste 3, que re\u00fane os arcebispos e bispos das arqui(dioceses) da Bahia e de Sergipe para dias de ora\u00e7\u00e3o, reflex\u00e3o e partilha sobre a caminhada pastoral da Igreja no Regional. A abertura &hellip;<\/p>\n<p class=\"read-more\"> <a class=\"\" href=\"https:\/\/www.cnbb.org.br\/conser-do-regional-nordeste-3-teve-inicio-com-missa-nesta-segunda-feira-9\/\"> <span class=\"screen-reader-text\">CONSER do regional Nordeste 3 teve in\u00edcio com missa nesta segunda-feira (9)<\/span> Leia mais &raquo;<\/a><\/p>\n","protected":false},"author":138,"featured_media":995835,"comment_status":"closed","ping_status":"closed","sticky":false,"template":"","format":"standard","meta":{"site-sidebar-layout":"default","site-content-layout":"default","ast-global-header-display":"","ast-banner-title-visibility":"","ast-main-header-display":"","ast-hfb-above-header-display":"","ast-hfb-below-header-display":"","ast-hfb-mobile-header-display":"","site-post-title":"","ast-breadcrumbs-content":"","ast-featured-img":"","footer-sml-layout":"","theme-transparent-header-meta":"default","adv-header-id-meta":"","stick-header-meta":"","header-above-stick-meta":"","header-main-stick-meta":"","header-below-stick-meta":""},"categories":[789],"tags":[],"acf":[],"_links":{"self":[{"href":"https:\/\/www.cnbb.org.br\/cnbb-app\/wp\/v2\/posts\/995834"}],"collection":[{"href":"https:\/\/www.cnbb.org.br\/cnbb-app\/wp\/v2\/posts"}],"about":[{"href":"https:\/\/www.cnbb.org.br\/cnbb-app\/wp\/v2\/types\/post"}],"author":[{"embeddable":true,"href":"https:\/\/www.cnbb.org.br\/cnbb-app\/wp\/v2\/users\/138"}],"replies":[{"embeddable":true,"href":"https:\/\/www.cnbb.org.br\/cnbb-app\/wp\/v2\/comments?post=995834"}],"version-history":[{"count":7,"href":"https:\/\/www.cnbb.org.br\/cnbb-app\/wp\/v2\/posts\/995834\/revisions"}],"predecessor-version":[{"id":995852,"href":"https:\/\/www.cnbb.org.br\/cnbb-app\/wp\/v2\/posts\/995834\/revisions\/995852"}],"wp:featuredmedia":[{"embeddable":true,"href":"https:\/\/www.cnbb.org.br\/cnbb-app\/wp\/v2\/media\/995835"}],"wp:attachment":[{"href":"https:\/\/www.cnbb.org.br\/cnbb-app\/wp\/v2\/media?parent=995834"}],"wp:term":[{"taxonomy":"category","embeddable":true,"href":"https:\/\/www.cnbb.org.br\/cnbb-app\/wp\/v2\/categories?post=995834"},{"taxonomy":"post_tag","embeddable":true,"href":"https:\/\/www.cnbb.org.br\/cnbb-app\/wp\/v2\/tags?post=995834"}],"curies":[{"name":"wp","href":"https:\/\/api.w.org\/{rel}","templated":true}]}}