{"id":995859,"date":"2026-03-10T14:31:24","date_gmt":"2026-03-10T17:31:24","guid":{"rendered":"https:\/\/www.cnbb.org.br\/?p=995859"},"modified":"2026-03-10T14:31:24","modified_gmt":"2026-03-10T17:31:24","slug":"cnbb-manifesta-preocupacao-com-escalada-de-violencia-no-oriente-medio-e-convoca-fieis-a-oracao-pela-paz","status":"publish","type":"post","link":"https:\/\/www.cnbb.org.br\/cnbb-manifesta-preocupacao-com-escalada-de-violencia-no-oriente-medio-e-convoca-fieis-a-oracao-pela-paz\/","title":{"rendered":"CNBB manifesta preocupa\u00e7\u00e3o com escalada de viol\u00eancia no Oriente M\u00e9dio e convoca fi\u00e9is \u00e0 ora\u00e7\u00e3o pela paz"},"content":{"rendered":"<p style=\"text-align: justify;\" data-start=\"109\" data-end=\"455\">A Presid\u00eancia da <span class=\"hover:entity-accent entity-underline inline cursor-pointer align-baseline\"><span class=\"whitespace-normal\">Confer\u00eancia Nacional dos Bispos do Brasil<\/span><\/span> (CNBB) divulgou uma nota manifestando profunda preocupa\u00e7\u00e3o com os recentes acontecimentos e a escalada de viol\u00eancia que amea\u00e7am ampliar o conflito no Oriente M\u00e9dio. No texto, os bispos alertam para as graves consequ\u00eancias da guerra para a popula\u00e7\u00e3o civil e para a estabilidade internacional.<\/p>\n<p style=\"text-align: justify;\" data-start=\"457\" data-end=\"955\">Em comunh\u00e3o com o <span class=\"hover:entity-accent entity-underline inline cursor-pointer align-baseline\"><span class=\"whitespace-normal\">Papa Le\u00e3o XIV<\/span><\/span>, a CNBB recorda o apelo recente do pont\u00edfice em favor da paz. Segundo o pont\u00edfice, \u201ca estabilidade e a paz n\u00e3o se constroem com amea\u00e7as m\u00fatuas, nem com armas, que semeiam destrui\u00e7\u00e3o, dor e morte, mas apenas atrav\u00e9s de um di\u00e1logo razo\u00e1vel, aut\u00eantico e respons\u00e1vel\u201d. A Presid\u00eancia da entidade afirma unir-se ao chamado da Igreja em diversas partes do mundo para que prevale\u00e7am a prud\u00eancia, a responsabilidade pol\u00edtica e o compromisso sincero com a paz.<\/p>\n<p style=\"text-align: justify;\" data-start=\"957\" data-end=\"1239\">A nota ressalta que os acontecimentos atuais recordam que a guerra nunca \u00e9 solu\u00e7\u00e3o para os conflitos entre os povos. Para os bispos, a viol\u00eancia armada provoca sofrimento incalcul\u00e1vel, especialmente entre os mais vulner\u00e1veis, e aprofunda feridas que comprometem o futuro das na\u00e7\u00f5es.<\/p>\n<p style=\"text-align: justify;\" data-start=\"1241\" data-end=\"1548\">A CNBB tamb\u00e9m expressa solidariedade \u00e0s v\u00edtimas e \u00e0s comunidades que vivem sob o peso da inseguran\u00e7a e do medo nas regi\u00f5es afetadas. Ao mesmo tempo, encoraja os l\u00edderes das na\u00e7\u00f5es a n\u00e3o cederem \u00e0 l\u00f3gica da escalada militar, mas a retomarem com urg\u00eancia os caminhos da diplomacia, do di\u00e1logo e da negocia\u00e7\u00e3o.<\/p>\n<p style=\"text-align: justify;\" data-start=\"1550\" data-end=\"1767\">Inspirada na tradi\u00e7\u00e3o da Doutrina Social da Igreja, a Confer\u00eancia recorda que a paz n\u00e3o \u00e9 apenas aus\u00eancia de guerra, mas fruto da justi\u00e7a, da responsabilidade moral e da busca sincera pelo bem comum da fam\u00edlia humana.<\/p>\n<h4 data-start=\"1550\" data-end=\"1767\">Proposta de ora\u00e7\u00e3o<\/h4>\n<p style=\"text-align: justify;\" data-start=\"1769\" data-end=\"2249\">Na nota, os bispos brasileiros convidam ainda o povo a intensificar as ora\u00e7\u00f5es pela paz, especialmente pelas popula\u00e7\u00f5es atingidas pela viol\u00eancia. A CNBB prop\u00f5e que, no dia 19 de mar\u00e7o, na solenidade de <span class=\"hover:entity-accent entity-underline inline cursor-pointer align-baseline\"><span class=\"whitespace-normal\">S\u00e3o Jos\u00e9<\/span><\/span>, as comunidades rezem durante as celebra\u00e7\u00f5es eucar\u00edsticas e outros momentos de ora\u00e7\u00e3o a prece da iniciativa <span class=\"hover:entity-accent entity-underline inline cursor-pointer align-baseline\"><span class=\"whitespace-normal\">Reza com o Papa<\/span><\/span>, unindo-se espiritualmente \u00e0 Igreja em todo o mundo pela causa do desarmamento e da paz.<\/p>\n<p style=\"text-align: justify;\" data-start=\"2251\" data-end=\"2510\" data-is-last-node=\"\" data-is-only-node=\"\">Ao final da nota, a Presid\u00eancia da CNBB pede a intercess\u00e3o de S\u00e3o Jos\u00e9, reconhecido como homem justo e guardi\u00e3o da Sagrada Fam\u00edlia, para que os l\u00edderes das na\u00e7\u00f5es tenham sabedoria e coragem de escolher sempre os caminhos da vida, da dignidade humana e da paz.<\/p>\n<p data-start=\"2251\" data-end=\"2510\" data-is-last-node=\"\" data-is-only-node=\"\">Acesse a nota na \u00edntegra (<a href=\"https:\/\/www.cnbb.org.br\/wp-content\/uploads\/test-for-pdf\/Nota-da-Presidencia-sobre-a-urgencia-de-paz.pdf\">aqui<\/a>).<\/p>\n<p data-start=\"2251\" data-end=\"2510\" data-is-last-node=\"\" data-is-only-node=\"\">Acesse (<a href=\"https:\/\/www.cnbb.org.br\/wp-content\/uploads\/test-for-pdf\/Anexo-Oracao-pela-Paz.pdf\">aqui<\/a>) a ora\u00e7\u00e3o pela Paz.<\/p>\n<p data-start=\"2251\" data-end=\"2510\" data-is-last-node=\"\" data-is-only-node=\"\">\n","protected":false},"excerpt":{"rendered":"<p>A Presid\u00eancia da CNBB divulgou uma nota manifestando profunda preocupa\u00e7\u00e3o com os recentes acontecimentos e a escalada de viol\u00eancia que amea\u00e7am ampliar o conflito no Oriente M\u00e9dio. Tamb\u00e9m prop\u00f5e que, no dia 19 de mar\u00e7o, na solenidade de S\u00e3o Jos\u00e9, as comunidades rezem durante as celebra\u00e7\u00f5es eucar\u00edsticas e outros momentos de ora\u00e7\u00e3o a prece da iniciativa Reza com o Papa<\/p>\n","protected":false},"author":138,"featured_media":995868,"comment_status":"closed","ping_status":"closed","sticky":false,"template":"","format":"standard","meta":{"site-sidebar-layout":"default","site-content-layout":"default","ast-global-header-display":"","ast-banner-title-visibility":"","ast-main-header-display":"","ast-hfb-above-header-display":"","ast-hfb-below-header-display":"","ast-hfb-mobile-header-display":"","site-post-title":"","ast-breadcrumbs-content":"","ast-featured-img":"","footer-sml-layout":"","theme-transparent-header-meta":"default","adv-header-id-meta":"","stick-header-meta":"","header-above-stick-meta":"","header-main-stick-meta":"","header-below-stick-meta":""},"categories":[1840,1191],"tags":[4220,2835],"acf":[],"_links":{"self":[{"href":"https:\/\/www.cnbb.org.br\/cnbb-app\/wp\/v2\/posts\/995859"}],"collection":[{"href":"https:\/\/www.cnbb.org.br\/cnbb-app\/wp\/v2\/posts"}],"about":[{"href":"https:\/\/www.cnbb.org.br\/cnbb-app\/wp\/v2\/types\/post"}],"author":[{"embeddable":true,"href":"https:\/\/www.cnbb.org.br\/cnbb-app\/wp\/v2\/users\/138"}],"replies":[{"embeddable":true,"href":"https:\/\/www.cnbb.org.br\/cnbb-app\/wp\/v2\/comments?post=995859"}],"version-history":[{"count":7,"href":"https:\/\/www.cnbb.org.br\/cnbb-app\/wp\/v2\/posts\/995859\/revisions"}],"predecessor-version":[{"id":995869,"href":"https:\/\/www.cnbb.org.br\/cnbb-app\/wp\/v2\/posts\/995859\/revisions\/995869"}],"wp:featuredmedia":[{"embeddable":true,"href":"https:\/\/www.cnbb.org.br\/cnbb-app\/wp\/v2\/media\/995868"}],"wp:attachment":[{"href":"https:\/\/www.cnbb.org.br\/cnbb-app\/wp\/v2\/media?parent=995859"}],"wp:term":[{"taxonomy":"category","embeddable":true,"href":"https:\/\/www.cnbb.org.br\/cnbb-app\/wp\/v2\/categories?post=995859"},{"taxonomy":"post_tag","embeddable":true,"href":"https:\/\/www.cnbb.org.br\/cnbb-app\/wp\/v2\/tags?post=995859"}],"curies":[{"name":"wp","href":"https:\/\/api.w.org\/{rel}","templated":true}]}}