{"id":995886,"date":"2026-03-11T08:58:07","date_gmt":"2026-03-11T11:58:07","guid":{"rendered":"https:\/\/www.cnbb.org.br\/?p=995886"},"modified":"2026-03-11T09:00:59","modified_gmt":"2026-03-11T12:00:59","slug":"a-alegria-de-repensar-e-ver-a-vida-com-um-novo-olhar","status":"publish","type":"post","link":"https:\/\/www.cnbb.org.br\/a-alegria-de-repensar-e-ver-a-vida-com-um-novo-olhar\/","title":{"rendered":"A alegria de repensar e ver a vida com um novo olhar"},"content":{"rendered":"<p style=\"text-align: right;\"><strong>Dom Roberto Francisco\u00a0Ferreria\u00a0Paz\u00a0<\/strong><br \/>\n<strong>Bispo\u00a0de Campos (RJ)<\/strong><\/p>\n<p style=\"text-align: justify;\"><span data-ccp-props=\"{}\">\u00a0<\/span><\/p>\n<p style=\"text-align: justify;\"><span data-ccp-props=\"{&quot;201341983&quot;:0,&quot;335559739&quot;:240,&quot;335559740&quot;:240}\">\u00a0<\/span><\/p>\n<p style=\"text-align: justify;\"><span data-contrast=\"none\">O quarto domingo da quaresma tem sido chamado pela liturgia de\u00a0Laetare\u00a0que significa da alegria, a luz e a esperan\u00e7a de sentir a presen\u00e7a do Senhor mais pr\u00f3xima.\u00a0<\/span><span data-ccp-props=\"{&quot;201341983&quot;:0,&quot;335551550&quot;:6,&quot;335551620&quot;:6,&quot;335559739&quot;:0,&quot;335559740&quot;:240}\">\u00a0<\/span><\/p>\n<p style=\"text-align: justify;\"><span data-contrast=\"none\">Neste tempo de convers\u00e3o e penit\u00eancia \u00e9 importante descobrir que a experi\u00eancia de voltar e converter-se ao Deus da miseric\u00f3rdia constitui sempre realiza\u00e7\u00e3o,\u00a0tranforma\u00e7\u00e3o\u00a0plena do nosso ser em todas as suas dimens\u00f5es.\u00a0<\/span><span data-ccp-props=\"{&quot;201341983&quot;:0,&quot;335551550&quot;:6,&quot;335551620&quot;:6,&quot;335559739&quot;:0,&quot;335559740&quot;:240}\">\u00a0<\/span><\/p>\n<p style=\"text-align: justify;\"><span data-contrast=\"none\">O\u00a0monje\u00a0Anselm\u00a0Gr\u00fcn\u00a0nos lembra que a palavra converter vem do grego\u00a0metan\u00f3ia\u00a0que prop\u00f5e uma mudan\u00e7a total da forma de ver e pensar, porque quem n\u00e3o vive como pensa termina pensando como vive,\u00a0isto \u00e9\u00a0justificando\u00a0suas\u00a0barganhas com a mediocridade e vazio da sua forma de levar a vida.\u00a0<\/span><span data-ccp-props=\"{&quot;201341983&quot;:0,&quot;335551550&quot;:6,&quot;335551620&quot;:6,&quot;335559739&quot;:0,&quot;335559740&quot;:240}\">\u00a0<\/span><\/p>\n<p style=\"text-align: justify;\"><span data-contrast=\"none\">Na quaresma somos convidados a uma renova\u00e7\u00e3o total da nossa f\u00e9 e nosso comprometimento para com\u00a0o\u202f Senhor\u00a0Jesus.\u00a0O radical meta\u00a0sempre expressa ir al\u00e9m, diferenciar, conhecer o que est\u00e1 por tr\u00e1s das coisas e das pessoas.\u00a0<\/span><span data-ccp-props=\"{&quot;201341983&quot;:0,&quot;335551550&quot;:6,&quot;335551620&quot;:6,&quot;335559739&quot;:0,&quot;335559740&quot;:240}\">\u00a0<\/span><\/p>\n<p style=\"text-align: justify;\"><span data-contrast=\"none\">Abandonar um\u00a0pseudo\u00a0cristianismo\u00a0ritualista e legalista para discernir bem o projeto de Jesus e suas exig\u00eancias. Consiste em andar e caminhar na luz, enxergando com novos olhos a realidade, e assumindo a nossa identidade crist\u00e3 de luz do mundo e sal da terra.\u00a0<\/span><span data-ccp-props=\"{&quot;201341983&quot;:0,&quot;335551550&quot;:6,&quot;335551620&quot;:6,&quot;335559739&quot;:0,&quot;335559740&quot;:240}\">\u00a0<\/span><\/p>\n<p style=\"text-align: justify;\"><span data-contrast=\"none\">Por isso a espiritualidade quaresmal \u00e9 profundamente libertadora no sentido de enraizar-nos com Cristo e viver fielmente nossa miss\u00e3o como Igreja que somos.\u00a0<\/span><span data-ccp-props=\"{&quot;201341983&quot;:0,&quot;335551550&quot;:6,&quot;335551620&quot;:6,&quot;335559739&quot;:0,&quot;335559740&quot;:240}\">\u00a0<\/span><\/p>\n<p style=\"text-align: justify;\"><span data-contrast=\"none\">N\u00e3o adianta ficar na superf\u00edcie batendo no peito pelas nossas atitudes e omiss\u00f5es se ao mesmo tempo n\u00e3o nos arrependermos e damos um novo rumo e sentido a nossa vida.\u00a0<\/span><span data-ccp-props=\"{&quot;201341983&quot;:0,&quot;335551550&quot;:6,&quot;335551620&quot;:6,&quot;335559739&quot;:0,&quot;335559740&quot;:240}\">\u00a0<\/span><\/p>\n<p style=\"text-align: justify;\"><span data-contrast=\"none\">A P\u00e1scoa de Cristo enseja para os crist\u00e3os uma\u00a0vida\u00a0nova, relacionamentos novos e atitudes novas, por isso a quaresma nos impulsiona a\u00a0deixar para tr\u00e1s\u00a0o velho Ad\u00e3o e suas pr\u00e1ticas ego\u00edstas e autocentradas, a abandonar a ira e a raiva para sermos embaixadores e artes\u00e3os da paz e reconcilia\u00e7\u00e3o como ensina S\u00e3o Paulo.\u00a0Mergulhemos de cora\u00e7\u00e3o decidido seguindo o Crucificado que morre para salvar a toda humanidade e o mundo, para descobrirmos a verdadeira alegria de\u00a0doarnos\u00a0e construirmos com Cristo o seu Reino\u00a0torn\u00e1ndo-nos\u00a0com Ele e para Ele, homens e mulheres novos. Deus seja louvado!<\/span><span data-ccp-props=\"{&quot;201341983&quot;:0,&quot;335551550&quot;:6,&quot;335551620&quot;:6,&quot;335559739&quot;:0,&quot;335559740&quot;:240}\">\u00a0<\/span><\/p>\n<p><span data-ccp-props=\"{&quot;201341983&quot;:0,&quot;335559739&quot;:240,&quot;335559740&quot;:240}\">\u00a0<\/span><\/p>\n<p><span data-ccp-props=\"{&quot;201341983&quot;:0,&quot;335559739&quot;:240,&quot;335559740&quot;:240}\">\u00a0<\/span><\/p>\n","protected":false},"excerpt":{"rendered":"<p>Dom Roberto Francisco\u00a0Ferreria\u00a0Paz\u00a0 Bispo\u00a0de Campos (RJ) \u00a0 \u00a0 O quarto domingo da quaresma tem sido chamado pela liturgia de\u00a0Laetare\u00a0que significa da alegria, a luz e a esperan\u00e7a de sentir a presen\u00e7a do Senhor mais pr\u00f3xima.\u00a0\u00a0 Neste tempo de convers\u00e3o e penit\u00eancia \u00e9 importante descobrir que a experi\u00eancia de voltar e converter-se ao Deus da miseric\u00f3rdia &hellip;<\/p>\n<p class=\"read-more\"> <a class=\"\" href=\"https:\/\/www.cnbb.org.br\/a-alegria-de-repensar-e-ver-a-vida-com-um-novo-olhar\/\"> <span class=\"screen-reader-text\">A alegria de repensar e ver a vida com um novo olhar<\/span> Leia mais &raquo;<\/a><\/p>\n","protected":false},"author":23,"featured_media":0,"comment_status":"closed","ping_status":"closed","sticky":false,"template":"","format":"standard","meta":{"site-sidebar-layout":"default","site-content-layout":"default","ast-global-header-display":"","ast-banner-title-visibility":"","ast-main-header-display":"","ast-hfb-above-header-display":"","ast-hfb-below-header-display":"","ast-hfb-mobile-header-display":"","site-post-title":"","ast-breadcrumbs-content":"","ast-featured-img":"","footer-sml-layout":"","theme-transparent-header-meta":"default","adv-header-id-meta":"","stick-header-meta":"","header-above-stick-meta":"","header-main-stick-meta":"","header-below-stick-meta":""},"categories":[758],"tags":[],"acf":[],"_links":{"self":[{"href":"https:\/\/www.cnbb.org.br\/cnbb-app\/wp\/v2\/posts\/995886"}],"collection":[{"href":"https:\/\/www.cnbb.org.br\/cnbb-app\/wp\/v2\/posts"}],"about":[{"href":"https:\/\/www.cnbb.org.br\/cnbb-app\/wp\/v2\/types\/post"}],"author":[{"embeddable":true,"href":"https:\/\/www.cnbb.org.br\/cnbb-app\/wp\/v2\/users\/23"}],"replies":[{"embeddable":true,"href":"https:\/\/www.cnbb.org.br\/cnbb-app\/wp\/v2\/comments?post=995886"}],"version-history":[{"count":2,"href":"https:\/\/www.cnbb.org.br\/cnbb-app\/wp\/v2\/posts\/995886\/revisions"}],"predecessor-version":[{"id":995888,"href":"https:\/\/www.cnbb.org.br\/cnbb-app\/wp\/v2\/posts\/995886\/revisions\/995888"}],"wp:attachment":[{"href":"https:\/\/www.cnbb.org.br\/cnbb-app\/wp\/v2\/media?parent=995886"}],"wp:term":[{"taxonomy":"category","embeddable":true,"href":"https:\/\/www.cnbb.org.br\/cnbb-app\/wp\/v2\/categories?post=995886"},{"taxonomy":"post_tag","embeddable":true,"href":"https:\/\/www.cnbb.org.br\/cnbb-app\/wp\/v2\/tags?post=995886"}],"curies":[{"name":"wp","href":"https:\/\/api.w.org\/{rel}","templated":true}]}}