{"id":995890,"date":"2026-03-11T11:22:43","date_gmt":"2026-03-11T14:22:43","guid":{"rendered":"https:\/\/www.cnbb.org.br\/?p=995890"},"modified":"2026-03-11T11:23:31","modified_gmt":"2026-03-11T14:23:31","slug":"iv-domingo-da-quaresma-ciclo-a","status":"publish","type":"post","link":"https:\/\/www.cnbb.org.br\/iv-domingo-da-quaresma-ciclo-a\/","title":{"rendered":"IV Domingo da Quaresma \u2013\u00a0Ciclo A\u00a0\u00a0"},"content":{"rendered":"<div style=\"text-align: right;\"><strong>Dom Antonio Carlos Rossi Keller<\/strong><\/div>\n<p style=\"text-align: right;\" aria-level=\"1\"><span data-contrast=\"auto\"><strong>Bispo de Frederico Westphalen (RS)<\/strong><br \/>\n<\/span><\/p>\n<p style=\"text-align: justify;\" aria-level=\"1\">\n<p>IV Domingo da Quaresma \u2013\u00a0Ciclo A\u00a0<span data-ccp-props=\"{&quot;134245418&quot;:true,&quot;201341983&quot;:0,&quot;335551550&quot;:2,&quot;335551620&quot;:2,&quot;335559738&quot;:240,&quot;335559739&quot;:120,&quot;335559740&quot;:360}\">\u00a0<\/span><\/p>\n<p style=\"text-align: justify;\" aria-level=\"1\"><span data-contrast=\"auto\">Da Escurid\u00e3o \u00e0 Luz, da Casa Vazia ao Lar de Deus<\/span><span data-ccp-props=\"{&quot;134245418&quot;:true,&quot;201341983&quot;:0,&quot;335551550&quot;:2,&quot;335551620&quot;:2,&quot;335559738&quot;:240,&quot;335559739&quot;:120,&quot;335559740&quot;:360}\">\u00a0<\/span><\/p>\n<p style=\"text-align: justify;\" aria-level=\"2\"><span data-ccp-props=\"{&quot;134245418&quot;:true,&quot;201341983&quot;:0,&quot;335551550&quot;:6,&quot;335551620&quot;:6,&quot;335559738&quot;:200,&quot;335559739&quot;:120,&quot;335559740&quot;:360}\">\u00a0<\/span><\/p>\n<p style=\"text-align: justify;\"><span data-contrast=\"auto\">Chegamos ao IV Domingo da Quaresma, conhecido como\u00a0<\/span><b><span data-contrast=\"auto\">Domingo \u201cLaetare\u201d<\/span><\/b><span data-contrast=\"auto\">\u00a0(do latim\u00a0laetare, \u201calegra-te\u201d). A Igreja, no meio do caminho penitencial rumo \u00e0 P\u00e1scoa, nos convida a uma pausa de alegria. \u00c9 o domingo em que as vestes lit\u00fargicas podem ser r\u00f3seas, sinal de que a aurora pascal j\u00e1 desponta no horizonte.\u00a0<\/span><span data-ccp-props=\"{&quot;201341983&quot;:0,&quot;335551550&quot;:6,&quot;335551620&quot;:6,&quot;335559739&quot;:140,&quot;335559740&quot;:360}\">\u00a0<\/span><\/p>\n<p style=\"text-align: justify;\"><span data-contrast=\"auto\">A mensagem central deste domingo \u00e9\u00a0<\/span><b><span data-contrast=\"auto\">a luz<\/span><\/b><span data-contrast=\"auto\">. Jesus \u00e9 a Luz do mundo que vem iluminar nossas trevas, abrir nossos olhos e nos fazer enxergar a realidade com os olhos de Deus.<\/span><span data-ccp-props=\"{&quot;201341983&quot;:0,&quot;335551550&quot;:6,&quot;335551620&quot;:6,&quot;335559739&quot;:140,&quot;335559740&quot;:360}\">\u00a0<\/span><\/p>\n<p style=\"text-align: justify;\" aria-level=\"3\"><span data-contrast=\"auto\">Primeira Leitura: 1 Samuel 16,1b.6-7.10-13a<\/span><span data-ccp-props=\"{&quot;134245418&quot;:true,&quot;201341983&quot;:0,&quot;335551550&quot;:6,&quot;335551620&quot;:6,&quot;335559738&quot;:140,&quot;335559739&quot;:120,&quot;335559740&quot;:360}\">\u00a0<\/span><\/p>\n<p style=\"text-align: justify;\"><span data-contrast=\"auto\">\u201cO homem v\u00ea as apar\u00eancias, mas o Senhor olha o cora\u00e7\u00e3o.\u201d<\/span><span data-ccp-props=\"{&quot;201341983&quot;:0,&quot;335551550&quot;:6,&quot;335551620&quot;:6,&quot;335559739&quot;:140,&quot;335559740&quot;:360}\">\u00a0<\/span><\/p>\n<p style=\"text-align: justify;\"><span data-contrast=\"auto\">Deus envia o profeta Samuel para ungir o novo rei de Israel. Diante dos filhos de Jess\u00e9, Samuel se impressiona com a apar\u00eancia de\u00a0Eliab, mas Deus o corrige:\u00a0<\/span><b><span data-contrast=\"auto\">Ele n\u00e3o olha as apar\u00eancias externas, mas o cora\u00e7\u00e3o<\/span><\/b><span data-contrast=\"auto\">. O escolhido \u00e9 Davi, o menor, o pastor de ovelhas, aquele que ningu\u00e9m considerava.<\/span><span data-ccp-props=\"{&quot;201341983&quot;:0,&quot;335551550&quot;:6,&quot;335551620&quot;:6,&quot;335559739&quot;:140,&quot;335559740&quot;:360}\">\u00a0<\/span><\/p>\n<p style=\"text-align: justify;\"><span data-contrast=\"auto\">Quantas vezes julgamos pela apar\u00eancia? Quantas vezes exclu\u00edmos pessoas por sua condi\u00e7\u00e3o social, por onde moram, por como se vestem? Deus nos ensina a olhar com outros olhos \u2013 os olhos do cora\u00e7\u00e3o.<\/span><span data-ccp-props=\"{&quot;201341983&quot;:0,&quot;335551550&quot;:6,&quot;335551620&quot;:6,&quot;335559739&quot;:140,&quot;335559740&quot;:360}\">\u00a0<\/span><\/p>\n<p style=\"text-align: justify;\" aria-level=\"3\"><span data-contrast=\"auto\">Segunda Leitura: Ef\u00e9sios 5,8-14<\/span><span data-ccp-props=\"{&quot;134245418&quot;:true,&quot;201341983&quot;:0,&quot;335551550&quot;:6,&quot;335551620&quot;:6,&quot;335559738&quot;:140,&quot;335559739&quot;:120,&quot;335559740&quot;:360}\">\u00a0<\/span><\/p>\n<p style=\"text-align: justify;\"><span data-contrast=\"auto\">\u201cOutrora \u00e9reis trevas, mas agora sois luz no Senhor. Vivei como filhos da luz.\u201d<\/span><span data-ccp-props=\"{&quot;201341983&quot;:0,&quot;335551550&quot;:6,&quot;335551620&quot;:6,&quot;335559739&quot;:140,&quot;335559740&quot;:360}\">\u00a0<\/span><\/p>\n<p style=\"text-align: justify;\"><span data-contrast=\"auto\">S\u00e3o Paulo \u00e9 direto: pelo Batismo, fomos arrancados das trevas e nos tornamos\u00a0<\/span><b><span data-contrast=\"auto\">filhos da luz<\/span><\/b><span data-contrast=\"auto\">. Mas isso exige de n\u00f3s uma vida coerente. A luz produz bondade, justi\u00e7a e verdade. As obras das trevas \u2013 mentira, injusti\u00e7a, indiferen\u00e7a \u2013 devem ser abandonadas.<\/span><span data-ccp-props=\"{&quot;201341983&quot;:0,&quot;335551550&quot;:6,&quot;335551620&quot;:6,&quot;335559739&quot;:140,&quot;335559740&quot;:360}\">\u00a0<\/span><\/p>\n<p style=\"text-align: justify;\"><span data-contrast=\"auto\">Somos chamados a brilhar no mundo! N\u00e3o podemos viver uma f\u00e9 escondida. Nossa vida crist\u00e3 deve iluminar os ambientes onde estamos: a fam\u00edlia, o trabalho, a escola, a comunidade.<\/span><span data-ccp-props=\"{&quot;201341983&quot;:0,&quot;335551550&quot;:6,&quot;335551620&quot;:6,&quot;335559739&quot;:140,&quot;335559740&quot;:360}\">\u00a0<\/span><\/p>\n<p style=\"text-align: justify;\" aria-level=\"3\"><span data-contrast=\"auto\">Evangelho: Jo\u00e3o 9,1-41 \u2013 A Cura do Cego de Nascen\u00e7a<\/span><span data-ccp-props=\"{&quot;134245418&quot;:true,&quot;201341983&quot;:0,&quot;335551550&quot;:6,&quot;335551620&quot;:6,&quot;335559738&quot;:140,&quot;335559739&quot;:120,&quot;335559740&quot;:360}\">\u00a0<\/span><\/p>\n<p style=\"text-align: justify;\"><span data-contrast=\"auto\">\u201cEnquanto estou no mundo, sou a luz do mundo.\u201d<\/span><span data-ccp-props=\"{&quot;201341983&quot;:0,&quot;335551550&quot;:6,&quot;335551620&quot;:6,&quot;335559739&quot;:140,&quot;335559740&quot;:360}\">\u00a0<\/span><\/p>\n<p style=\"text-align: justify;\"><span data-contrast=\"auto\">Este \u00e9 um dos evangelhos mais ricos e profundos da Quaresma. Jesus encontra um homem cego de nascen\u00e7a e\u00a0o cura. Mas a cura f\u00edsica \u00e9 apenas o come\u00e7o: ao longo do relato, vemos o cego crescer na f\u00e9 \u2013 primeiro reconhece Jesus como \u201cum homem\u201d, depois como \u201cum profeta\u201d, at\u00e9 finalmente proclam\u00e1-lo\u00a0<\/span><b><span data-contrast=\"auto\">\u201cSenhor\u201d<\/span><\/b><span data-contrast=\"auto\">\u00a0e ador\u00e1-lo.<\/span><span data-ccp-props=\"{&quot;201341983&quot;:0,&quot;335551550&quot;:6,&quot;335551620&quot;:6,&quot;335559739&quot;:140,&quot;335559740&quot;:360}\">\u00a0<\/span><\/p>\n<p style=\"text-align: justify;\"><span data-contrast=\"auto\">Em contraste, os fariseus \u2013 que diziam enxergar tudo \u2013 permanecem cegos, presos em seus preconceitos e rigidez.<\/span><span data-ccp-props=\"{&quot;201341983&quot;:0,&quot;335551550&quot;:6,&quot;335551620&quot;:6,&quot;335559739&quot;:140,&quot;335559740&quot;:360}\">\u00a0<\/span><\/p>\n<p style=\"text-align: justify;\"><b><span data-contrast=\"auto\">A grande pergunta que o Evangelho nos faz:<\/span><\/b><span data-contrast=\"auto\">\u00a0Quem \u00e9 verdadeiramente cego? Aquele que n\u00e3o v\u00ea com os olhos f\u00edsicos, ou aquele que se recusa a ver a verdade, o sofrimento do pr\u00f3ximo, a presen\u00e7a de Deus?<\/span><span data-ccp-props=\"{&quot;201341983&quot;:0,&quot;335551550&quot;:6,&quot;335551620&quot;:6,&quot;335559739&quot;:140,&quot;335559740&quot;:360}\">\u00a0<\/span><\/p>\n<p style=\"text-align: justify;\" aria-level=\"2\"><span data-contrast=\"auto\">Conex\u00e3o com a Campanha da Fraternidade 2026: \u201cFraternidade e Moradia\u201d<\/span><span data-ccp-props=\"{&quot;134245418&quot;:true,&quot;201341983&quot;:0,&quot;335551550&quot;:6,&quot;335551620&quot;:6,&quot;335559738&quot;:200,&quot;335559739&quot;:120,&quot;335559740&quot;:360}\">\u00a0<\/span><\/p>\n<p style=\"text-align: justify;\"><span data-contrast=\"auto\">A Campanha da Fraternidade deste ano nos desafia a abrir os olhos para uma realidade que muitos preferem n\u00e3o ver:\u00a0<\/span><b><span data-contrast=\"auto\">milh\u00f5es de brasileiros n\u00e3o t\u00eam um lar digno<\/span><\/b><span data-contrast=\"auto\">. Fam\u00edlias inteiras vivem em condi\u00e7\u00f5es prec\u00e1rias, em \u00e1reas de risco, sem saneamento b\u00e1sico, sem seguran\u00e7a.<\/span><span data-ccp-props=\"{&quot;201341983&quot;:0,&quot;335551550&quot;:6,&quot;335551620&quot;:6,&quot;335559739&quot;:140,&quot;335559740&quot;:360}\">\u00a0<\/span><\/p>\n<p style=\"text-align: justify;\"><span data-contrast=\"auto\">O Evangelho do cego de nascen\u00e7a ilumina profundamente este tema:<\/span><span data-ccp-props=\"{&quot;201341983&quot;:0,&quot;335551550&quot;:6,&quot;335551620&quot;:6,&quot;335559739&quot;:140,&quot;335559740&quot;:360}\">\u00a0<\/span><\/p>\n<p style=\"text-align: justify;\"><b><span data-contrast=\"auto\">Jesus viu o cego<\/span><\/b><span data-contrast=\"auto\">\u00a0\u2013 n\u00e3o passou ao largo, n\u00e3o fingiu que ele n\u00e3o existia. E n\u00f3s, vemos os sem-teto? Vemos as fam\u00edlias que moram em barracos? Ou preferimos a cegueira confort\u00e1vel?<\/span><span data-ccp-props=\"{&quot;201341983&quot;:0,&quot;335551550&quot;:6,&quot;335551620&quot;:6,&quot;335559739&quot;:0,&quot;335559740&quot;:360,&quot;469777462&quot;:[709],&quot;469777927&quot;:[0],&quot;469777928&quot;:[1]}\">\u00a0<\/span><\/p>\n<p style=\"text-align: justify;\"><b><span data-contrast=\"auto\">Jesus tocou o cego<\/span><\/b><span data-contrast=\"auto\">\u00a0\u2013 Ele se aproximou, fez lama, ungiu seus olhos. Que gestos concretos fazemos para tocar a realidade de quem n\u00e3o tem moradia?<\/span><span data-ccp-props=\"{&quot;201341983&quot;:0,&quot;335551550&quot;:6,&quot;335551620&quot;:6,&quot;335559739&quot;:0,&quot;335559740&quot;:360,&quot;469777462&quot;:[709],&quot;469777927&quot;:[0],&quot;469777928&quot;:[1]}\">\u00a0<\/span><\/p>\n<p style=\"text-align: justify;\"><b><span data-contrast=\"auto\">Jesus deu dignidade ao cego<\/span><\/b><span data-contrast=\"auto\">\u00a0\u2013 Depois de curado, o homem p\u00f4de participar plenamente da sociedade.\u00a0<\/span><b><span data-contrast=\"auto\">Moradia digna \u00e9 quest\u00e3o de dignidade humana<\/span><\/b><span data-contrast=\"auto\">, n\u00e3o de favor ou caridade.<\/span><span data-ccp-props=\"{&quot;201341983&quot;:0,&quot;335551550&quot;:6,&quot;335551620&quot;:6,&quot;335559739&quot;:140,&quot;335559740&quot;:360,&quot;469777462&quot;:[709],&quot;469777927&quot;:[0],&quot;469777928&quot;:[1]}\">\u00a0<\/span><\/p>\n<p style=\"text-align: justify;\"><span data-contrast=\"auto\">O lema \u201cEle veio morar entre n\u00f3s\u201d recorda que Deus, em Jesus,\u00a0<\/span><b><span data-contrast=\"auto\">quis ter um lar entre os homens<\/span><\/b><span data-contrast=\"auto\">. Ele conhece o que \u00e9 nascer num est\u00e1bulo, fugir como refugiado para o Egito, n\u00e3o ter onde reclinar a cabe\u00e7a. Cristo se identifica com quem n\u00e3o tem casa.<\/span><span data-ccp-props=\"{&quot;201341983&quot;:0,&quot;335551550&quot;:6,&quot;335551620&quot;:6,&quot;335559739&quot;:140,&quot;335559740&quot;:360}\">\u00a0<\/span><\/p>\n<p style=\"text-align: justify;\" aria-level=\"2\"><span data-contrast=\"auto\">Um Forte Convite \u00e0 Confiss\u00e3o Sacramental<\/span><span data-ccp-props=\"{&quot;134245418&quot;:true,&quot;201341983&quot;:0,&quot;335551550&quot;:6,&quot;335551620&quot;:6,&quot;335559738&quot;:200,&quot;335559739&quot;:120,&quot;335559740&quot;:360}\">\u00a0<\/span><\/p>\n<p style=\"text-align: justify;\"><span data-contrast=\"auto\">Irm\u00e3os e irm\u00e3s, estamos na metade da Quaresma. \u00c9 hora de fazer um exame de consci\u00eancia sincero:<\/span><span data-ccp-props=\"{&quot;201341983&quot;:0,&quot;335551550&quot;:6,&quot;335551620&quot;:6,&quot;335559739&quot;:140,&quot;335559740&quot;:360}\">\u00a0<\/span><\/p>\n<p style=\"text-align: justify;\"><b><span data-contrast=\"auto\">Tenho vivido como filho da luz ou tenho me acomodado nas trevas?<\/span><\/b><span data-ccp-props=\"{&quot;201341983&quot;:0,&quot;335551550&quot;:6,&quot;335551620&quot;:6,&quot;335559739&quot;:0,&quot;335559740&quot;:360,&quot;469777462&quot;:[709],&quot;469777927&quot;:[0],&quot;469777928&quot;:[1]}\">\u00a0<\/span><\/p>\n<p style=\"text-align: justify;\"><b><span data-contrast=\"auto\">Meus olhos est\u00e3o abertos para Deus e para o pr\u00f3ximo, ou estou espiritualmente cego?<\/span><\/b><span data-ccp-props=\"{&quot;201341983&quot;:0,&quot;335551550&quot;:6,&quot;335551620&quot;:6,&quot;335559739&quot;:0,&quot;335559740&quot;:360,&quot;469777462&quot;:[709],&quot;469777927&quot;:[0],&quot;469777928&quot;:[1]}\">\u00a0<\/span><\/p>\n<p style=\"text-align: justify;\"><b><span data-contrast=\"auto\">Tenho julgado os outros pelas apar\u00eancias?<\/span><\/b><span data-ccp-props=\"{&quot;201341983&quot;:0,&quot;335551550&quot;:6,&quot;335551620&quot;:6,&quot;335559739&quot;:0,&quot;335559740&quot;:360,&quot;469777462&quot;:[709],&quot;469777927&quot;:[0],&quot;469777928&quot;:[1]}\">\u00a0<\/span><\/p>\n<p style=\"text-align: justify;\"><b><span data-contrast=\"auto\">Tenho sido indiferente ao sofrimento de quem n\u00e3o tem moradia digna?<\/span><\/b><span data-ccp-props=\"{&quot;201341983&quot;:0,&quot;335551550&quot;:6,&quot;335551620&quot;:6,&quot;335559739&quot;:140,&quot;335559740&quot;:360,&quot;469777462&quot;:[709],&quot;469777927&quot;:[0],&quot;469777928&quot;:[1]}\">\u00a0<\/span><\/p>\n<p style=\"text-align: justify;\"><span data-contrast=\"auto\">O Sacramento da Reconcilia\u00e7\u00e3o \u00e9 um verdadeiro\u00a0<\/span><b><span data-contrast=\"auto\">banho de luz<\/span><\/b><span data-contrast=\"auto\">. Na Confiss\u00e3o, apresentamos nossas trevas ao Senhor e Ele, com sua miseric\u00f3rdia infinita, nos restaura como filhos da luz.<\/span><span data-ccp-props=\"{&quot;201341983&quot;:0,&quot;335551550&quot;:6,&quot;335551620&quot;:6,&quot;335559739&quot;:140,&quot;335559740&quot;:360}\">\u00a0<\/span><\/p>\n<p style=\"text-align: justify;\"><b><span data-contrast=\"auto\">N\u00e3o deixe para a \u00faltima hora!<\/span><\/b><span data-contrast=\"auto\">\u00a0Procure seu p\u00e1roco, participe das celebra\u00e7\u00f5es penitenciais comunit\u00e1rias, aproveite os hor\u00e1rios de confiss\u00e3o em sua par\u00f3quia. A P\u00e1scoa se aproxima \u2013 prepare seu cora\u00e7\u00e3o para viv\u00ea-la em plenitude!<\/span><span data-ccp-props=\"{&quot;201341983&quot;:0,&quot;335551550&quot;:6,&quot;335551620&quot;:6,&quot;335559739&quot;:140,&quot;335559740&quot;:360}\">\u00a0<\/span><\/p>\n<p style=\"text-align: justify;\"><span data-contrast=\"auto\">\u201cDesperta, tu que dormes, levanta-te dentre os mortos, e Cristo te iluminar\u00e1!\u201d (Ef\u00a05,14)<\/span><span data-ccp-props=\"{&quot;201341983&quot;:0,&quot;335551550&quot;:6,&quot;335551620&quot;:6,&quot;335559685&quot;:567,&quot;335559737&quot;:567,&quot;335559739&quot;:283,&quot;335559740&quot;:360}\">\u00a0<\/span><\/p>\n","protected":false},"excerpt":{"rendered":"<p>Dom Antonio Carlos Rossi Keller Bispo de Frederico Westphalen (RS) IV Domingo da Quaresma \u2013\u00a0Ciclo A\u00a0\u00a0 Da Escurid\u00e3o \u00e0 Luz, da Casa Vazia ao Lar de Deus\u00a0 \u00a0 Chegamos ao IV Domingo da Quaresma, conhecido como\u00a0Domingo \u201cLaetare\u201d\u00a0(do latim\u00a0laetare, \u201calegra-te\u201d). A Igreja, no meio do caminho penitencial rumo \u00e0 P\u00e1scoa, nos convida a uma pausa de &hellip;<\/p>\n<p class=\"read-more\"> <a class=\"\" href=\"https:\/\/www.cnbb.org.br\/iv-domingo-da-quaresma-ciclo-a\/\"> <span class=\"screen-reader-text\">IV Domingo da Quaresma \u2013\u00a0Ciclo A\u00a0\u00a0<\/span> Leia mais &raquo;<\/a><\/p>\n","protected":false},"author":1821,"featured_media":0,"comment_status":"closed","ping_status":"closed","sticky":false,"template":"","format":"standard","meta":{"site-sidebar-layout":"default","site-content-layout":"default","ast-global-header-display":"","ast-banner-title-visibility":"","ast-main-header-display":"","ast-hfb-above-header-display":"","ast-hfb-below-header-display":"","ast-hfb-mobile-header-display":"","site-post-title":"","ast-breadcrumbs-content":"","ast-featured-img":"","footer-sml-layout":"","theme-transparent-header-meta":"default","adv-header-id-meta":"","stick-header-meta":"","header-above-stick-meta":"","header-main-stick-meta":"","header-below-stick-meta":""},"categories":[758],"tags":[],"acf":[],"_links":{"self":[{"href":"https:\/\/www.cnbb.org.br\/cnbb-app\/wp\/v2\/posts\/995890"}],"collection":[{"href":"https:\/\/www.cnbb.org.br\/cnbb-app\/wp\/v2\/posts"}],"about":[{"href":"https:\/\/www.cnbb.org.br\/cnbb-app\/wp\/v2\/types\/post"}],"author":[{"embeddable":true,"href":"https:\/\/www.cnbb.org.br\/cnbb-app\/wp\/v2\/users\/1821"}],"replies":[{"embeddable":true,"href":"https:\/\/www.cnbb.org.br\/cnbb-app\/wp\/v2\/comments?post=995890"}],"version-history":[{"count":3,"href":"https:\/\/www.cnbb.org.br\/cnbb-app\/wp\/v2\/posts\/995890\/revisions"}],"predecessor-version":[{"id":995893,"href":"https:\/\/www.cnbb.org.br\/cnbb-app\/wp\/v2\/posts\/995890\/revisions\/995893"}],"wp:attachment":[{"href":"https:\/\/www.cnbb.org.br\/cnbb-app\/wp\/v2\/media?parent=995890"}],"wp:term":[{"taxonomy":"category","embeddable":true,"href":"https:\/\/www.cnbb.org.br\/cnbb-app\/wp\/v2\/categories?post=995890"},{"taxonomy":"post_tag","embeddable":true,"href":"https:\/\/www.cnbb.org.br\/cnbb-app\/wp\/v2\/tags?post=995890"}],"curies":[{"name":"wp","href":"https:\/\/api.w.org\/{rel}","templated":true}]}}