{"id":995900,"date":"2026-03-11T11:37:44","date_gmt":"2026-03-11T14:37:44","guid":{"rendered":"https:\/\/www.cnbb.org.br\/?p=995900"},"modified":"2026-03-11T11:48:09","modified_gmt":"2026-03-11T14:48:09","slug":"diretora-nacional-das-pom-apresentou-atividades-durante-o-conser-do-regional-nordeste-3","status":"publish","type":"post","link":"https:\/\/www.cnbb.org.br\/diretora-nacional-das-pom-apresentou-atividades-durante-o-conser-do-regional-nordeste-3\/","title":{"rendered":"Diretora nacional das POM apresentou atividades durante o CONSER do regional Nordeste 3"},"content":{"rendered":"<p style=\"text-align: justify;\">A diretora nacional das Pontif\u00edcias Obras Mission\u00e1rias (POM), irm\u00e3 Regina da Costa Pedro, participou, na manh\u00e3 desta quarta-feira, 11 de mar\u00e7o, de um momento durante o Conselho Episcopal Regional (CONSER) do regional Nordeste 3 da CNBB, que re\u00fane arcebispos e bispos da Bahia e de Sergipe. Na ocasi\u00e3o, ela apresentou um breve relat\u00f3rio de atividades e destacou os principais projetos e avan\u00e7os da institui\u00e7\u00e3o no Brasil.<\/p>\n<p style=\"text-align: justify;\">Durante a apresenta\u00e7\u00e3o, irm\u00e3 Regina ressaltou que a aproxima\u00e7\u00e3o com os Regionais da CNBB tem sido fundamental para fortalecer o reconhecimento das POM como um servi\u00e7o de anima\u00e7\u00e3o mission\u00e1ria a cada Igreja particular. Segundo ela, essa iniciativa faz parte de um processo de di\u00e1logo e escuta iniciado recentemente pela dire\u00e7\u00e3o nacional.<\/p>\n<p style=\"text-align: justify;\">A religiosa explicou que, desde o ano passado, tem visitado os Regionais para participar das reuni\u00f5es do Conselho Episcopal. \u201cEssa iniciativa nasceu a partir de um projeto que realizamos em 2023 de reorganiza\u00e7\u00e3o da institui\u00e7\u00e3o, buscando tornar mais claros os nossos objetivos e tamb\u00e9m apresent\u00e1-los de forma mais pr\u00f3xima\u201d, afirmou.<\/p>\n<p style=\"text-align: justify;\">De acordo com Irm\u00e3 Regina, esse processo revelou a necessidade de ampliar o conhecimento sobre a atua\u00e7\u00e3o das Pontif\u00edcias Obras Mission\u00e1rias no pa\u00eds. \u201cPercebemos, na escuta que fizemos, que as Obras Mission\u00e1rias ainda s\u00e3o pouco conhecidas pelo povo de Deus em geral e, \u00e0s vezes, at\u00e9 mesmo entre os pr\u00f3prios bispos\u201d, explicou. Por esse motivo, segundo ela, tornou-se importante sair da sede nacional, em Bras\u00edlia, e ir ao encontro das Igrejas locais. \u201cSentimos essa necessidade de sair de Bras\u00edlia para vir ao encontro dos senhores, para aproximar as contribui\u00e7\u00f5es das Obras para as Igrejas locais\u201d, disse.<\/p>\n<p style=\"text-align: justify;\">A diretora nacional tamb\u00e9m destacou que a miss\u00e3o das POM se concretiza especialmente nas comunidades e dioceses, onde acontecem as iniciativas de anima\u00e7\u00e3o mission\u00e1ria. \u201c\u00c9 nas dioceses, nas Igrejas locais, que as obras realmente se realizam\u201d, ressaltou.<\/p>\n<p style=\"text-align: justify;\">Ao refletir sobre a contribui\u00e7\u00e3o das Pontif\u00edcias Obras Mission\u00e1rias para a miss\u00e3o da Igreja, Irm\u00e3 Regina recordou ainda a import\u00e2ncia do organismo no servi\u00e7o \u00e0 evangeliza\u00e7\u00e3o em todo o mundo. Segundo ela, as POM s\u00e3o um instrumento de comunh\u00e3o mission\u00e1ria da Igreja universal e permanecem profundamente ligadas ao minist\u00e9rio do Papa. \u201cAs Pontif\u00edcias Obras Mission\u00e1rias s\u00e3o um organismo querido e abra\u00e7ado pelo Papa para ajud\u00e1-lo em sua solicitude pela Igreja universal\u201d, afirmou.<\/p>\n<p style=\"text-align: justify;\">A presen\u00e7a da diretora nacional das POM no CONSER refor\u00e7ou o di\u00e1logo entre o organismo mission\u00e1rio e os bispos do Regional Nordeste 3, fortalecendo a coopera\u00e7\u00e3o mission\u00e1ria e a anima\u00e7\u00e3o das Igrejas particulares no compromisso evangelizador.<\/p>\n<p>&nbsp;<\/p>\n<p>&nbsp;<\/p>\n<pre style=\"text-align: justify;\">Texto e fotos: Sara Gomes<\/pre>\n","protected":false},"excerpt":{"rendered":"<p>A diretora nacional das Pontif\u00edcias Obras Mission\u00e1rias (POM), irm\u00e3 Regina da Costa Pedro, participou, na manh\u00e3 desta quarta-feira, 11 de mar\u00e7o, de um momento durante o Conselho Episcopal Regional (CONSER) do regional Nordeste 3 da CNBB, que re\u00fane arcebispos e bispos da Bahia e de Sergipe. Na ocasi\u00e3o, ela apresentou um breve relat\u00f3rio de atividades &hellip;<\/p>\n<p class=\"read-more\"> <a class=\"\" href=\"https:\/\/www.cnbb.org.br\/diretora-nacional-das-pom-apresentou-atividades-durante-o-conser-do-regional-nordeste-3\/\"> <span class=\"screen-reader-text\">Diretora nacional das POM apresentou atividades durante o CONSER do regional Nordeste 3<\/span> Leia mais &raquo;<\/a><\/p>\n","protected":false},"author":138,"featured_media":995901,"comment_status":"closed","ping_status":"closed","sticky":false,"template":"","format":"standard","meta":{"site-sidebar-layout":"default","site-content-layout":"default","ast-global-header-display":"","ast-banner-title-visibility":"","ast-main-header-display":"","ast-hfb-above-header-display":"","ast-hfb-below-header-display":"","ast-hfb-mobile-header-display":"","site-post-title":"","ast-breadcrumbs-content":"","ast-featured-img":"","footer-sml-layout":"","theme-transparent-header-meta":"default","adv-header-id-meta":"","stick-header-meta":"","header-above-stick-meta":"","header-main-stick-meta":"","header-below-stick-meta":""},"categories":[789],"tags":[],"acf":[],"_links":{"self":[{"href":"https:\/\/www.cnbb.org.br\/cnbb-app\/wp\/v2\/posts\/995900"}],"collection":[{"href":"https:\/\/www.cnbb.org.br\/cnbb-app\/wp\/v2\/posts"}],"about":[{"href":"https:\/\/www.cnbb.org.br\/cnbb-app\/wp\/v2\/types\/post"}],"author":[{"embeddable":true,"href":"https:\/\/www.cnbb.org.br\/cnbb-app\/wp\/v2\/users\/138"}],"replies":[{"embeddable":true,"href":"https:\/\/www.cnbb.org.br\/cnbb-app\/wp\/v2\/comments?post=995900"}],"version-history":[{"count":3,"href":"https:\/\/www.cnbb.org.br\/cnbb-app\/wp\/v2\/posts\/995900\/revisions"}],"predecessor-version":[{"id":995909,"href":"https:\/\/www.cnbb.org.br\/cnbb-app\/wp\/v2\/posts\/995900\/revisions\/995909"}],"wp:featuredmedia":[{"embeddable":true,"href":"https:\/\/www.cnbb.org.br\/cnbb-app\/wp\/v2\/media\/995901"}],"wp:attachment":[{"href":"https:\/\/www.cnbb.org.br\/cnbb-app\/wp\/v2\/media?parent=995900"}],"wp:term":[{"taxonomy":"category","embeddable":true,"href":"https:\/\/www.cnbb.org.br\/cnbb-app\/wp\/v2\/categories?post=995900"},{"taxonomy":"post_tag","embeddable":true,"href":"https:\/\/www.cnbb.org.br\/cnbb-app\/wp\/v2\/tags?post=995900"}],"curies":[{"name":"wp","href":"https:\/\/api.w.org\/{rel}","templated":true}]}}