{"id":995904,"date":"2026-03-11T11:47:20","date_gmt":"2026-03-11T14:47:20","guid":{"rendered":"https:\/\/www.cnbb.org.br\/?p=995904"},"modified":"2026-03-11T11:47:20","modified_gmt":"2026-03-11T14:47:20","slug":"cardeal-sergio-da-rocha-presidiu-missa-no-ultimo-dia-do-primeiro-conser-em-2026","status":"publish","type":"post","link":"https:\/\/www.cnbb.org.br\/cardeal-sergio-da-rocha-presidiu-missa-no-ultimo-dia-do-primeiro-conser-em-2026\/","title":{"rendered":"Cardeal Sergio da Rocha presidiu missa no \u00faltimo dia do primeiro CONSER em 2026"},"content":{"rendered":"<p style=\"text-align: justify;\">A Celebra\u00e7\u00e3o Eucar\u00edstica presidida pelo arcebispo de S\u00e3o Salvador da Bahia, Primaz do Brasil, Cardeal Sergio da Rocha, abriu, na manh\u00e3 desta quarta-feira (11), o terceiro e \u00faltimo dia do primeiro Conselho Episcopal Regional (CONSER) em 2026, promovido pelo regional Nordeste 3 da CNBB. A Missa foi concelebrada pelos bispos em\u00e9ritos Dom Itamar Vian e Dom Carlos Alberto dos Santos, reunindo os bispos participantes do encontro que acontece na capital baiana.<\/p>\n<p style=\"text-align: justify;\">Durante a homilia, dom Sergio refletiu sobre a import\u00e2ncia de compreender os mandamentos de Deus n\u00e3o como um peso, mas como um caminho de vida. O arcebispo destacou que, ao longo da hist\u00f3ria da Igreja, muitas vezes faltou apresentar o verdadeiro sentido das leis e mandamentos divinos.<\/p>\n<blockquote>\n<p style=\"text-align: justify;\">\u201c\u00c9 importante entender por que levar a s\u00e9rio aquilo que Deus est\u00e1 pedindo nas Suas leis e nos Seus mandamentos. Muitas vezes faltou dar esse sentido\u201d, afirmou.<\/p>\n<\/blockquote>\n<p style=\"text-align: justify;\">Ao comentar a primeira leitura, que recorda a caminhada do povo conduzido por Deus no deserto, o Cardeal explicou que Mois\u00e9s relembra a hist\u00f3ria do cuidado divino para mostrar que os mandamentos s\u00e3o express\u00e3o do amor de Deus pelo Seu povo. Segundo Dom Sergio, antes mesmo de apresentar as leis, Deus recorda que libertou o povo da escravid\u00e3o e realizou maravilhas em seu favor. \u201c\u00c9 esse Deus que conduz o Seu povo, que ama o Seu povo e que oferece os mandamentos para que possam viver bem, para que tenham a vida\u201d, destacou.<\/p>\n<p style=\"text-align: justify;\">Dom Sergio ressaltou ainda que \u00e9 necess\u00e1rio recuperar a compreens\u00e3o dos mandamentos como um dom de Deus.<\/p>\n<blockquote>\n<p style=\"text-align: justify;\">\u201cHoje \u00e9 muito importante retomar os mandamentos como caminho de vida, n\u00e3o como um peso que se coloca sobre as costas de algu\u00e9m, mas como gra\u00e7a e como dom\u201d, afirmou.<\/p>\n<\/blockquote>\n<p style=\"text-align: justify;\">Ao refletir sobre o Evangelho do dia, o Arcebispo recordou as palavras de Jesus, que afirma n\u00e3o ter vindo abolir a Lei, mas lev\u00e1-la ao seu pleno cumprimento. Nesse sentido, alertou para o risco de uma interpreta\u00e7\u00e3o parcial da Palavra de Deus. \u201cExiste hoje um risco muito grande de fazer \u2018recortes\u2019 da Palavra de Deus, utilizando aquilo que interessa e deixando de lado o que, por alguma raz\u00e3o, n\u00e3o se quer considerar\u201d, advertiu.<\/p>\n<p style=\"text-align: justify;\">Para o Cardeal, a comunidade crist\u00e3 \u00e9 chamada a acolher a Palavra de Deus em sua totalidade e a ajudar outras pessoas a fazer o mesmo. Ele tamb\u00e9m sublinhou a necessidade de recolocar a Palavra de Deus no centro da vida da Igreja e da vida pessoal de cada fiel.<\/p>\n<blockquote>\n<p style=\"text-align: justify;\">\u201cPrecisamos recolocar a Palavra de Deus no seu devido lugar. Encontrar tempo para a leitura, para a medita\u00e7\u00e3o e para a reflex\u00e3o da Palavra, e ajudar os outros a fazer o mesmo\u201d, afirmou.<\/p>\n<\/blockquote>\n<p style=\"text-align: justify;\">Dom Sergio concluiu recordando que a miss\u00e3o dos crist\u00e3os \u00e9 testemunhar a Palavra n\u00e3o apenas com discursos, mas com a pr\u00f3pria vida. \u201cNem sempre conseguimos viver tudo aquilo que pregamos, mas deve existir sempre em n\u00f3s o desejo sincero de viver e anunciar a Palavra de Deus\u201d, disse.<\/p>\n<p style=\"text-align: justify;\">Ao final da homilia, o arcebispo tamb\u00e9m destacou que, assim como Mois\u00e9s recordou ao povo a hist\u00f3ria de amor de Deus, a Igreja \u00e9 chamada a ajudar as pessoas a reconhecerem que s\u00e3o amadas por Deus e conduzidas por Ele ao longo da vida.<\/p>\n<pre style=\"text-align: justify;\">Texto e fotos: Sara Gomes<\/pre>\n","protected":false},"excerpt":{"rendered":"<p>A Celebra\u00e7\u00e3o Eucar\u00edstica presidida pelo arcebispo de S\u00e3o Salvador da Bahia, Primaz do Brasil, Cardeal Sergio da Rocha, abriu, na manh\u00e3 desta quarta-feira (11), o terceiro e \u00faltimo dia do primeiro Conselho Episcopal Regional (CONSER) em 2026, promovido pelo regional Nordeste 3 da CNBB. A Missa foi concelebrada pelos bispos em\u00e9ritos Dom Itamar Vian e &hellip;<\/p>\n<p class=\"read-more\"> <a class=\"\" href=\"https:\/\/www.cnbb.org.br\/cardeal-sergio-da-rocha-presidiu-missa-no-ultimo-dia-do-primeiro-conser-em-2026\/\"> <span class=\"screen-reader-text\">Cardeal Sergio da Rocha presidiu missa no \u00faltimo dia do primeiro CONSER em 2026<\/span> Leia mais &raquo;<\/a><\/p>\n","protected":false},"author":138,"featured_media":995905,"comment_status":"closed","ping_status":"closed","sticky":false,"template":"","format":"standard","meta":{"site-sidebar-layout":"default","site-content-layout":"default","ast-global-header-display":"","ast-banner-title-visibility":"","ast-main-header-display":"","ast-hfb-above-header-display":"","ast-hfb-below-header-display":"","ast-hfb-mobile-header-display":"","site-post-title":"","ast-breadcrumbs-content":"","ast-featured-img":"","footer-sml-layout":"","theme-transparent-header-meta":"default","adv-header-id-meta":"","stick-header-meta":"","header-above-stick-meta":"","header-main-stick-meta":"","header-below-stick-meta":""},"categories":[789],"tags":[],"acf":[],"_links":{"self":[{"href":"https:\/\/www.cnbb.org.br\/cnbb-app\/wp\/v2\/posts\/995904"}],"collection":[{"href":"https:\/\/www.cnbb.org.br\/cnbb-app\/wp\/v2\/posts"}],"about":[{"href":"https:\/\/www.cnbb.org.br\/cnbb-app\/wp\/v2\/types\/post"}],"author":[{"embeddable":true,"href":"https:\/\/www.cnbb.org.br\/cnbb-app\/wp\/v2\/users\/138"}],"replies":[{"embeddable":true,"href":"https:\/\/www.cnbb.org.br\/cnbb-app\/wp\/v2\/comments?post=995904"}],"version-history":[{"count":3,"href":"https:\/\/www.cnbb.org.br\/cnbb-app\/wp\/v2\/posts\/995904\/revisions"}],"predecessor-version":[{"id":995908,"href":"https:\/\/www.cnbb.org.br\/cnbb-app\/wp\/v2\/posts\/995904\/revisions\/995908"}],"wp:featuredmedia":[{"embeddable":true,"href":"https:\/\/www.cnbb.org.br\/cnbb-app\/wp\/v2\/media\/995905"}],"wp:attachment":[{"href":"https:\/\/www.cnbb.org.br\/cnbb-app\/wp\/v2\/media?parent=995904"}],"wp:term":[{"taxonomy":"category","embeddable":true,"href":"https:\/\/www.cnbb.org.br\/cnbb-app\/wp\/v2\/categories?post=995904"},{"taxonomy":"post_tag","embeddable":true,"href":"https:\/\/www.cnbb.org.br\/cnbb-app\/wp\/v2\/tags?post=995904"}],"curies":[{"name":"wp","href":"https:\/\/api.w.org\/{rel}","templated":true}]}}