{"id":995910,"date":"2026-03-11T14:07:10","date_gmt":"2026-03-11T17:07:10","guid":{"rendered":"https:\/\/www.cnbb.org.br\/?p=995910"},"modified":"2026-03-11T14:08:51","modified_gmt":"2026-03-11T17:08:51","slug":"bispos-do-parana-realizam-primeira-etapa-de-assembleia-anual-na-diocese-de-ponta-grossa","status":"publish","type":"post","link":"https:\/\/www.cnbb.org.br\/bispos-do-parana-realizam-primeira-etapa-de-assembleia-anual-na-diocese-de-ponta-grossa\/","title":{"rendered":"Bispos do Paran\u00e1 realizam primeira etapa de assembleia anual na diocese de Ponta Grossa"},"content":{"rendered":"<p>O episcopado paranaense encerrou nesta quarta-feira, 11 de mar\u00e7o, a primeira edi\u00e7\u00e3o da Assembleia Regional deste ano. O encontro foi realizado na diocese de Ponta Grossa, que celebra seu centen\u00e1rio neste ano de 2026, e foi ocasi\u00e3o para apresentar e debater temas pastorais e de evangeliza\u00e7\u00e3o da Igreja no Regional Sul 2 da Confer\u00eancia Nacional dos Bispos do Brasil (CNBB Sul 2).<\/p>\n<p>O encontro teve in\u00edcio na noite de segunda-feira, 9, reunindo bispos e arcebispos das 18 arqui\/dioceses, no Centro de Espiritualidade Passionista. A <span style=\"font-size: 16px;\">ampla pauta de temas pastorais e administrativos tratou da caminhada pastoral da Igreja no Paran\u00e1 e \u00e0 organiza\u00e7\u00e3o do Regional Sul 2.<\/span><\/p>\n<p><img decoding=\"async\" loading=\"lazy\" class=\"aligncenter size-full wp-image-995915\" src=\"https:\/\/www.cnbb.org.br\/wp-content\/uploads\/2026\/03\/Assembleia-bispos-PR-Sul-2-e1773248785366.jpg\" alt=\"\" width=\"920\" height=\"613\" srcset=\"https:\/\/www.cnbb.org.br\/wp-content\/uploads\/2026\/03\/Assembleia-bispos-PR-Sul-2-e1773248785366.jpg 920w, https:\/\/www.cnbb.org.br\/wp-content\/uploads\/2026\/03\/Assembleia-bispos-PR-Sul-2-e1773248785366-300x200.jpg 300w, https:\/\/www.cnbb.org.br\/wp-content\/uploads\/2026\/03\/Assembleia-bispos-PR-Sul-2-e1773248785366-768x512.jpg 768w, https:\/\/www.cnbb.org.br\/wp-content\/uploads\/2026\/03\/Assembleia-bispos-PR-Sul-2-e1773248785366-500x333.jpg 500w\" sizes=\"(max-width: 920px) 100vw, 920px\" \/><\/p>\n<p>&nbsp;<\/p>\n<h3>Implementa\u00e7\u00e3o do S\u00ednodo<\/h3>\n<p>A implementa\u00e7\u00e3o das indica\u00e7\u00f5es do S\u00ednodo sobre a Sinodalidade foi um dos temas em destaque. O arcebispo de Londrina (PR) e presidente do Regional, dom Geremias Steinmetz, afirmou que\u00a0as reflex\u00f5es realizadas &#8220;s\u00e3o chamadas a se traduzir em gestos concretos&#8221;.<\/p>\n<blockquote><p>&#8220;Trata-se de um tempo favor\u00e1vel para consolidarmos pr\u00e1ticas e estruturas sinodais, que renovem nossa cultura e nossas rela\u00e7\u00f5es eclesiais, respondendo com fidelidade e alegria ao que nos prop\u00f5e o documento final do s\u00ednodo\u201d, disse o bispo.<\/p><\/blockquote>\n<div class=\"ast-oembed-container\" style=\"height: 100%;\"><iframe loading=\"lazy\" title=\"As equipes diocesanas de anima\u00e7\u00e3o do S\u00ednodo dos Bispos | Dom Geremias Steinmetz\" width=\"500\" height=\"281\" src=\"https:\/\/www.youtube.com\/embed\/2YGmFRXjSco?feature=oembed\" frameborder=\"0\" allow=\"accelerometer; autoplay; clipboard-write; encrypted-media; gyroscope; picture-in-picture; web-share\" referrerpolicy=\"strict-origin-when-cross-origin\" allowfullscreen><\/iframe><\/div>\n<p>&nbsp;<\/p>\n<h3>Forma\u00e7\u00e3o para servidores do altar<\/h3>\n<p>Outro destaque no encontro do episcopado paranaense foi a proposta de <a href=\"https:\/\/cnbbs2.org.br\/formacao-continuada-para-os-servidores-do-altar-foi-pauta-na-assembleia-dos-bispos-do-parana\/\" target=\"_blank\" rel=\"noopener\">forma\u00e7\u00e3o continuada para servidores do altar<\/a>. Ap\u00f3s pesquisa sobre a realidade vocacional no estado ap\u00f3s o per\u00edodo da pandemia, o regional observou que a principal fonte de voca\u00e7\u00f5es sacerdotais e religiosas tem surgido entre jovens e adolescentes que atuam como servidores do altar nas comunidades. A partir da\u00ed, foi pensada pelos bispos uma proposta de acompanhamento pastoral em vista da forma\u00e7\u00e3o.<\/p>\n<p>Uma comiss\u00e3o especial foi formada para estudar a realidade dos servidores do altar, analisando pesquisas e estudos sobre a presen\u00e7a e a forma\u00e7\u00e3o dos jovens que exercem esse servi\u00e7o nas comunidades.\u00a0A partir desse percurso, foram delineadas orienta\u00e7\u00f5es e diretrizes que procuram oferecer par\u00e2metros para a forma\u00e7\u00e3o, o acompanhamento e o cuidado pastoral dos jovens e adolescentes que servem ao redor do altar nas par\u00f3quias e comunidades.<\/p>\n<p>Durante a assembleia, os bispos manifestaram reconhecimento pelo caminho percorrido e solicitaram que a comiss\u00e3o continue aprofundando seus estudos e aperfei\u00e7oando as propostas, fortalecendo ainda mais essa dimens\u00e3o da vida pastoral da Igreja no Paran\u00e1.<\/p>\n<p>&nbsp;<\/p>\n<div id='gallery-1' class='gallery galleryid-995910 gallery-columns-3 gallery-size-full'><figure class='gallery-item'>\n\t\t\t<div class='gallery-icon landscape'>\n\t\t\t\t<a href=\"https:\/\/www.cnbb.org.br\/wp-content\/uploads\/2026\/03\/Assembleia-Sul-2-1-2026-3.jpg\" title=\"\" data-rl_title=\"\" class=\"rl-gallery-link\" data-rl_caption=\"\" data-rel=\"lightbox-gallery-1\" data-rl_><img width=\"860\" height=\"573\" src=\"https:\/\/www.cnbb.org.br\/wp-content\/uploads\/2026\/03\/Assembleia-Sul-2-1-2026-3.jpg\" class=\"attachment-full size-full\" alt=\"\" decoding=\"async\" loading=\"lazy\" srcset=\"https:\/\/www.cnbb.org.br\/wp-content\/uploads\/2026\/03\/Assembleia-Sul-2-1-2026-3.jpg 860w, https:\/\/www.cnbb.org.br\/wp-content\/uploads\/2026\/03\/Assembleia-Sul-2-1-2026-3-300x200.jpg 300w, https:\/\/www.cnbb.org.br\/wp-content\/uploads\/2026\/03\/Assembleia-Sul-2-1-2026-3-768x512.jpg 768w, https:\/\/www.cnbb.org.br\/wp-content\/uploads\/2026\/03\/Assembleia-Sul-2-1-2026-3-500x333.jpg 500w\" sizes=\"(max-width: 860px) 100vw, 860px\" \/><\/a>\n\t\t\t<\/div><\/figure><figure class='gallery-item'>\n\t\t\t<div class='gallery-icon landscape'>\n\t\t\t\t<a href=\"https:\/\/www.cnbb.org.br\/wp-content\/uploads\/2026\/03\/Assembleia-Sul-2-1-2026-4.jpg\" title=\"\" data-rl_title=\"\" class=\"rl-gallery-link\" data-rl_caption=\"\" data-rel=\"lightbox-gallery-1\" data-rl_><img width=\"860\" height=\"573\" src=\"https:\/\/www.cnbb.org.br\/wp-content\/uploads\/2026\/03\/Assembleia-Sul-2-1-2026-4.jpg\" class=\"attachment-full size-full\" alt=\"\" decoding=\"async\" loading=\"lazy\" srcset=\"https:\/\/www.cnbb.org.br\/wp-content\/uploads\/2026\/03\/Assembleia-Sul-2-1-2026-4.jpg 860w, https:\/\/www.cnbb.org.br\/wp-content\/uploads\/2026\/03\/Assembleia-Sul-2-1-2026-4-300x200.jpg 300w, https:\/\/www.cnbb.org.br\/wp-content\/uploads\/2026\/03\/Assembleia-Sul-2-1-2026-4-768x512.jpg 768w, https:\/\/www.cnbb.org.br\/wp-content\/uploads\/2026\/03\/Assembleia-Sul-2-1-2026-4-500x333.jpg 500w\" sizes=\"(max-width: 860px) 100vw, 860px\" \/><\/a>\n\t\t\t<\/div><\/figure><figure class='gallery-item'>\n\t\t\t<div class='gallery-icon landscape'>\n\t\t\t\t<a href=\"https:\/\/www.cnbb.org.br\/wp-content\/uploads\/2026\/03\/Assembleia-Sul-2-1-2026-2.jpg\" title=\"\" data-rl_title=\"\" class=\"rl-gallery-link\" data-rl_caption=\"\" data-rel=\"lightbox-gallery-1\" data-rl_><img width=\"1920\" height=\"1280\" src=\"https:\/\/www.cnbb.org.br\/wp-content\/uploads\/2026\/03\/Assembleia-Sul-2-1-2026-2.jpg\" class=\"attachment-full size-full\" alt=\"\" decoding=\"async\" loading=\"lazy\" srcset=\"https:\/\/www.cnbb.org.br\/wp-content\/uploads\/2026\/03\/Assembleia-Sul-2-1-2026-2.jpg 1920w, https:\/\/www.cnbb.org.br\/wp-content\/uploads\/2026\/03\/Assembleia-Sul-2-1-2026-2-300x200.jpg 300w, https:\/\/www.cnbb.org.br\/wp-content\/uploads\/2026\/03\/Assembleia-Sul-2-1-2026-2-1024x683.jpg 1024w, https:\/\/www.cnbb.org.br\/wp-content\/uploads\/2026\/03\/Assembleia-Sul-2-1-2026-2-768x512.jpg 768w, https:\/\/www.cnbb.org.br\/wp-content\/uploads\/2026\/03\/Assembleia-Sul-2-1-2026-2-1536x1024.jpg 1536w, https:\/\/www.cnbb.org.br\/wp-content\/uploads\/2026\/03\/Assembleia-Sul-2-1-2026-2-500x333.jpg 500w\" sizes=\"(max-width: 1920px) 100vw, 1920px\" \/><\/a>\n\t\t\t<\/div><\/figure>\n\t\t<\/div>\n\n<p>&nbsp;<\/p>\n<h5>Outros destaques<\/h5>\n<p>Os bispos tamb\u00e9m trataram da atualiza\u00e7\u00e3o das Diretrizes Gerais da A\u00e7\u00e3o Evangelizadora da Igreja no Brasil, as quais ser\u00e3o votadas na 62\u00aa Assembleia Geral da CNBB, em abril; da Miss\u00e3o S\u00e3o Paulo VI; da prepara\u00e7\u00e3o para o 7\u00ba Congresso Americano Mission\u00e1rio (CAM 7), programado para 2029, em Curitiba (PR); e definiu novos bispos referenciais para a Comiss\u00e3o Regional de Presb\u00edteros, para a Pastoral da Ecologia Integral e para a Pastoral do Surdo.<\/p>\n<p>&nbsp;<\/p>\n<pre>Luiz Lopes Jr com informa\u00e7\u00f5es e imagens do Regional Sul 2 da CNBB<\/pre>\n","protected":false},"excerpt":{"rendered":"<p>O encontro teve in\u00edcio na noite de segunda-feira, 9, reunindo bispos e arcebispos das 18 arqui\/dioceses, no Centro de Espiritualidade Passionista. A ampla pauta de temas pastorais e administrativos tratou da caminhada pastoral da Igreja no Paran\u00e1 e \u00e0 organiza\u00e7\u00e3o do Regional Sul 2<\/p>\n","protected":false},"author":38,"featured_media":995914,"comment_status":"closed","ping_status":"closed","sticky":false,"template":"","format":"standard","meta":{"site-sidebar-layout":"default","site-content-layout":"default","ast-global-header-display":"","ast-banner-title-visibility":"","ast-main-header-display":"","ast-hfb-above-header-display":"","ast-hfb-below-header-display":"","ast-hfb-mobile-header-display":"","site-post-title":"","ast-breadcrumbs-content":"","ast-featured-img":"","footer-sml-layout":"","theme-transparent-header-meta":"default","adv-header-id-meta":"","stick-header-meta":"","header-above-stick-meta":"","header-main-stick-meta":"","header-below-stick-meta":""},"categories":[50,781],"tags":[1207],"acf":[],"_links":{"self":[{"href":"https:\/\/www.cnbb.org.br\/cnbb-app\/wp\/v2\/posts\/995910"}],"collection":[{"href":"https:\/\/www.cnbb.org.br\/cnbb-app\/wp\/v2\/posts"}],"about":[{"href":"https:\/\/www.cnbb.org.br\/cnbb-app\/wp\/v2\/types\/post"}],"author":[{"embeddable":true,"href":"https:\/\/www.cnbb.org.br\/cnbb-app\/wp\/v2\/users\/38"}],"replies":[{"embeddable":true,"href":"https:\/\/www.cnbb.org.br\/cnbb-app\/wp\/v2\/comments?post=995910"}],"version-history":[{"count":4,"href":"https:\/\/www.cnbb.org.br\/cnbb-app\/wp\/v2\/posts\/995910\/revisions"}],"predecessor-version":[{"id":995921,"href":"https:\/\/www.cnbb.org.br\/cnbb-app\/wp\/v2\/posts\/995910\/revisions\/995921"}],"wp:featuredmedia":[{"embeddable":true,"href":"https:\/\/www.cnbb.org.br\/cnbb-app\/wp\/v2\/media\/995914"}],"wp:attachment":[{"href":"https:\/\/www.cnbb.org.br\/cnbb-app\/wp\/v2\/media?parent=995910"}],"wp:term":[{"taxonomy":"category","embeddable":true,"href":"https:\/\/www.cnbb.org.br\/cnbb-app\/wp\/v2\/categories?post=995910"},{"taxonomy":"post_tag","embeddable":true,"href":"https:\/\/www.cnbb.org.br\/cnbb-app\/wp\/v2\/tags?post=995910"}],"curies":[{"name":"wp","href":"https:\/\/api.w.org\/{rel}","templated":true}]}}