{"id":995969,"date":"2026-03-12T12:54:24","date_gmt":"2026-03-12T15:54:24","guid":{"rendered":"https:\/\/www.cnbb.org.br\/?p=995969"},"modified":"2026-03-12T13:20:07","modified_gmt":"2026-03-12T16:20:07","slug":"festividade-de-sao-jose-2026","status":"publish","type":"post","link":"https:\/\/www.cnbb.org.br\/festividade-de-sao-jose-2026\/","title":{"rendered":"Festividade de S\u00e3o Jos\u00e9 2026"},"content":{"rendered":"<p style=\"text-align: right;\"><strong>Dom Ant\u00f4nio de Assis Ribeiro<br \/>\nBispo de Macap\u00e1 (AP)<\/strong><\/p>\n<p>&nbsp;<\/p>\n<p>&nbsp;<\/p>\n<p style=\"text-align: justify;\"><b><span data-contrast=\"auto\">\u201cS\u00e3o Jos\u00e9, proteja nossas Casas, aben\u00e7oe nossos\u00a0Lares!\u201d<\/span><\/b><span data-ccp-props=\"{&quot;201341983&quot;:0,&quot;335551550&quot;:2,&quot;335551620&quot;:2,&quot;335559740&quot;:240}\">\u00a0<\/span><\/p>\n<p style=\"text-align: justify;\"><span data-contrast=\"auto\">As palavras \u201ccasas\u201d e \u201clares\u201d no tema da Festividade de S\u00e3o Jos\u00e9 de Macap\u00e1, neste ano, fazem refer\u00eancia \u00e0 sintonia com o tema da Campanha da Fraternidade 2026: Fraternidade e Moradia.\u00a0\u00a0<\/span><span data-ccp-props=\"{&quot;201341983&quot;:0,&quot;335551550&quot;:6,&quot;335551620&quot;:6,&quot;335559740&quot;:240}\">\u00a0<\/span><\/p>\n<p style=\"text-align: justify;\"><span data-contrast=\"auto\">No Evangelho de Mateus, Jos\u00e9 \u00e9 apresentado como um forte protetor da fam\u00edlia\u00a0e, consequentemente,\u00a0zeloso cuidador do\u00a0lar da Sagrada Fam\u00edlia de Nazar\u00e9.\u00a0<\/span><span data-ccp-props=\"{&quot;201341983&quot;:0,&quot;335551550&quot;:6,&quot;335551620&quot;:6,&quot;335559740&quot;:240}\">\u00a0<\/span><\/p>\n<p style=\"text-align: justify;\"><span data-contrast=\"auto\">O texto base da CF nos recorda que o Brasil tem um grande d\u00e9ficit habitacional, mas ao mesmo tempo, ficamos chocados com o alto \u00edndice de viol\u00eancia familiar. Isso significa que\u00a0n\u00e3o nos basta termos assegurada a boa casa para morar, mas \u00e9 urgente a convers\u00e3o das moradias em aut\u00eanticos lares.\u00a0<\/span><span data-ccp-props=\"{&quot;201341983&quot;:0,&quot;335551550&quot;:6,&quot;335551620&quot;:6,&quot;335559740&quot;:240}\">\u00a0<\/span><\/p>\n<p style=\"text-align: justify;\"><span data-contrast=\"auto\">O\u00a0processo de transforma\u00e7\u00e3o da estrutura habitacional num lar, pressup\u00f5e\u00a0um s\u00e9rio investimento na promo\u00e7\u00e3o das rela\u00e7\u00f5es\u00a0humanas.\u00a0N\u00e3o basta\u00a0que os\u00a0governos cubram\u00a0os\u00a0d\u00e9ficits\u00a0habitacionais\u00a0construindo enormes condom\u00ednios,\u00a0mas \u00e9\u00a0imprescind\u00edvel que se leve em conta, a permanente necessidade do\u00a0investimento na educa\u00e7\u00e3o moral\u00a0para que,\u00a0desde cedo,\u00a0cada cidad\u00e3o possa assimilar valores \u00e9ticos,\u00a0tais\u00a0como\u00a0o amor,\u00a0a\u00a0justi\u00e7a, a verdade,\u00a0a paz,\u00a0a\u00a0solidariedade,\u00a0o respeito,\u00a0a honestidade. S\u00e3o aspira\u00e7\u00f5es universais\u00a0que evidenciam a consci\u00eancia da beleza da\u00a0dignidade humana\u00a0e nos\u00a0capacitam\u00a0para a\u00a0serena\u00a0e pac\u00edfica\u00a0conviv\u00eancia\u00a0respeitosa.\u00a0<\/span><span data-ccp-props=\"{&quot;201341983&quot;:0,&quot;335551550&quot;:6,&quot;335551620&quot;:6,&quot;335559740&quot;:240}\">\u00a0<\/span><\/p>\n<p style=\"text-align: justify;\"><span data-contrast=\"auto\">Isso deve come\u00e7ar na fam\u00edlia! Ela \u00e9 a\u00a0primeira institui\u00e7\u00e3o\u00a0promotora dos valores humanos e do exerc\u00edcio das\u00a0virtudes. Todavia,\u00a0s\u00f3 acontece na estrutura habitacional, quando ela se torna\u00a0um\u00a0lar.\u00a0Assim como a casa, tamb\u00e9m o lar \u00e9 uma constru\u00e7\u00e3o\u00a0que exige vontade, decis\u00e3o, consci\u00eancia do sentido da vida e\u00a0da beleza da fam\u00edlia. Em primeiro lugar a promo\u00e7\u00e3o do lar depende\u00a0de\u00a0pais\u00a0sens\u00edveis,\u00a0educadores, afetivos\u00a0e capazes\u00a0de testemunhar um alto n\u00edvel de relacionamento entre si,\u00a0que\u00a0educam seus filhos com seus bons exemplos de afeto,\u00a0escuta, carinho, cuidado, perd\u00e3o, delicadeza.\u00a0Todos\u00a0foram correspons\u00e1veis por essa tarefa na fam\u00edlia de Nazar\u00e9!\u00a0Era nesse ambiente que o menino Jesus crescia integralmente\u00a0(cf.\u00a0Lc\u00a02,52).<\/span><span data-ccp-props=\"{&quot;201341983&quot;:0,&quot;335551550&quot;:6,&quot;335551620&quot;:6,&quot;335559740&quot;:240}\">\u00a0<\/span><\/p>\n<p style=\"text-align: justify;\"><span data-contrast=\"auto\">O tema da festividade de S\u00e3o Jos\u00e9 deste ano \u00e9 uma prece,\u00a0que\u00a0pede a Deus, por intercess\u00e3o\u00a0do esposo de Maria,\u00a0que Deus proteja as nossas casas,\u00a0o lugar onde habitamos\u00a0e\u00a0aben\u00e7oe os nossos lares.\u00a0Diante de tantas m\u00e1s not\u00edcias sobre a quest\u00e3o habitacional,\u00a0como\u00a0desabamentos, enchentes, inc\u00eandios,\u00a0arrombamentos, invas\u00f5es,\u00a0suplicamos a intercess\u00e3o de S\u00e3o Jos\u00e9 para que nossas moradias sejam protegidas e\u00a0mais\u00a0seguras, uma vez\u00a0que\u00a0milh\u00f5es de pessoas no Brasil vivem em situa\u00e7\u00e3o de vulnerabilidade habitacional.<\/span><span data-ccp-props=\"{&quot;201341983&quot;:0,&quot;335551550&quot;:6,&quot;335551620&quot;:6,&quot;335559740&quot;:240}\">\u00a0<\/span><\/p>\n<p style=\"text-align: justify;\"><span data-contrast=\"auto\">Queremos tamb\u00e9m que S\u00e3o Jos\u00e9 aben\u00e7oe os nossos lares. Se a casa \u00e9 uma estrutura f\u00edsica, o lar \u00e9 constitu\u00eddo pela\u00a0rela\u00e7\u00e3o das pessoas que vivem debaixo do mesmo teto. Infelizmente nem sempre todas as moradias, constituem um harmonioso lar. O lar \u00e9 o bem-estar das rela\u00e7\u00f5es entre as pessoas que vivem juntas.\u00a0<\/span><span data-ccp-props=\"{&quot;201341983&quot;:0,&quot;335551550&quot;:6,&quot;335551620&quot;:6,&quot;335559740&quot;:240}\">\u00a0<\/span><\/p>\n<p style=\"text-align: justify;\"><span data-contrast=\"auto\">S\u00e3o Jos\u00e9, com seu profundo senso\u00a0de justi\u00e7a (cf.\u00a0Mt\u00a01,19),\u00a0capacidade de discernimento (cf.\u00a0Mt\u00a01,20) e ora\u00e7\u00e3o, nos educa para a obedi\u00eancia a vontade de Deus (cf.\u00a0Mt\u00a01,15). Ele\u00a0que\u00a0foi o primeiro a\u00a0se preocupar para que um est\u00e1bulo de animais fosse\u00a0transformado em moradia, tamb\u00e9m \u00e9 o mesmo que intercede a Deus para que em nossa sociedade,\u00a0toda moradia, em todos os contextos, haja\u00a0um verdadeiro lar, onde as pessoas,\u00a0sejam sens\u00edveis,\u00a0se queiram bem, se acolham, se respeitem, se perdoem, cuidem umas das outras; onde as pessoas se exercitem na paci\u00eancia, na solidariedade,\u00a0no di\u00e1logo.\u00a0<\/span><span data-ccp-props=\"{&quot;201341983&quot;:0,&quot;335551550&quot;:6,&quot;335551620&quot;:6,&quot;335559740&quot;:240}\">\u00a0<\/span><\/p>\n<p style=\"text-align: justify;\"><span data-contrast=\"auto\">O esp\u00edrito de iniciativa de Jos\u00e9 em prol da defesa da sua fam\u00edlia (cf.\u00a0Mt\u00a02,13-21) e\u00a0a\u00a0serena correspond\u00eancia de Maria, nos indicam que s\u00f3 teremos verdadeiros lares onde houver senso de corresponsabilidade, unidade, prontid\u00e3o e delicadeza entre todos os membros da\u00a0fam\u00edlia.\u00a0Somos todos correspons\u00e1veis\u00a0pela qualifica\u00e7\u00e3o das rela\u00e7\u00f5es dentro da fam\u00edlia.<\/span><span data-ccp-props=\"{&quot;201341983&quot;:0,&quot;335551550&quot;:6,&quot;335551620&quot;:6,&quot;335559740&quot;:240}\">\u00a0<\/span><\/p>\n<p style=\"text-align: justify;\"><span data-contrast=\"auto\">Jos\u00e9 nos educa para\u00a0a serenidade\u00a0da rela\u00e7\u00e3o com os outros\u00a0nos momentos turbulentos (cf.\u00a0Mt\u00a02,14), assim\u00a0reagiu\u00a0quando percebeu que\u00a0sua fam\u00edlia\u00a0estava\u00a0amea\u00e7ada; imediatamente,\u00a0de noite levantou-se e\u00a0buscou\u00a0um\u00a0lugar\u00a0seguro para\u00a0viver\u00a0(cf.\u00a0Mt\u00a02,14-21).\u00a0S\u00e3o Jos\u00e9\u00a0nos educa\u00a0para a\u00a0preventividade\u00a0e\u00a0para a firmeza de \u00e2nimo\u00a0nos momentos de crise\u00a0para que n\u00e3o caiamos no desespero e nem no des\u00e2nimo\u00a0quando somos amea\u00e7ados.\u00a0<\/span><span data-ccp-props=\"{&quot;201341983&quot;:0,&quot;335551550&quot;:6,&quot;335551620&quot;:6,&quot;335559740&quot;:240}\">\u00a0<\/span><\/p>\n<p style=\"text-align: justify;\"><span data-contrast=\"auto\">S\u00e3o Jos\u00e9,\u00a0reconhecemos a necessidade de termos\u00a0boas\u00a0moradias\u00a0e de\u00a0pac\u00edficos lares, por isso,\u00a0considerando o clima de vulnerabilidade\u00a0e de amea\u00e7as\u00a0em que vivemos, te suplicamos com f\u00e9:\u00a0\u201cproteja nossas Casas, aben\u00e7oe nossos lares!\u201d. Am\u00e9m!<\/span><span data-ccp-props=\"{&quot;201341983&quot;:0,&quot;335551550&quot;:6,&quot;335551620&quot;:6,&quot;335559740&quot;:240}\">\u00a0<\/span><\/p>\n<p><span data-ccp-props=\"{&quot;201341983&quot;:0,&quot;335551550&quot;:6,&quot;335551620&quot;:6,&quot;335559739&quot;:0,&quot;335559740&quot;:240}\">\u00a0<\/span><\/p>\n<p>&nbsp;<\/p>\n<p><span data-ccp-props=\"{&quot;201341983&quot;:0,&quot;335551550&quot;:6,&quot;335551620&quot;:6,&quot;335559740&quot;:240}\">\u00a0<\/span><\/p>\n<p><span data-ccp-props=\"{&quot;201341983&quot;:0,&quot;335551550&quot;:6,&quot;335551620&quot;:6,&quot;335559740&quot;:240}\">\u00a0<\/span><\/p>\n","protected":false},"excerpt":{"rendered":"<p>Dom Ant\u00f4nio de Assis Ribeiro Bispo de Macap\u00e1 (AP) &nbsp; &nbsp; \u201cS\u00e3o Jos\u00e9, proteja nossas Casas, aben\u00e7oe nossos\u00a0Lares!\u201d\u00a0 As palavras \u201ccasas\u201d e \u201clares\u201d no tema da Festividade de S\u00e3o Jos\u00e9 de Macap\u00e1, neste ano, fazem refer\u00eancia \u00e0 sintonia com o tema da Campanha da Fraternidade 2026: Fraternidade e Moradia.\u00a0\u00a0\u00a0 No Evangelho de Mateus, Jos\u00e9 \u00e9 &hellip;<\/p>\n<p class=\"read-more\"> <a class=\"\" href=\"https:\/\/www.cnbb.org.br\/festividade-de-sao-jose-2026\/\"> <span class=\"screen-reader-text\">Festividade de S\u00e3o Jos\u00e9 2026<\/span> Leia mais &raquo;<\/a><\/p>\n","protected":false},"author":79,"featured_media":0,"comment_status":"closed","ping_status":"closed","sticky":false,"template":"","format":"standard","meta":{"site-sidebar-layout":"default","site-content-layout":"default","ast-global-header-display":"","ast-banner-title-visibility":"","ast-main-header-display":"","ast-hfb-above-header-display":"","ast-hfb-below-header-display":"","ast-hfb-mobile-header-display":"","site-post-title":"","ast-breadcrumbs-content":"","ast-featured-img":"","footer-sml-layout":"","theme-transparent-header-meta":"default","adv-header-id-meta":"","stick-header-meta":"","header-above-stick-meta":"","header-main-stick-meta":"","header-below-stick-meta":""},"categories":[758,1837],"tags":[],"acf":[],"_links":{"self":[{"href":"https:\/\/www.cnbb.org.br\/cnbb-app\/wp\/v2\/posts\/995969"}],"collection":[{"href":"https:\/\/www.cnbb.org.br\/cnbb-app\/wp\/v2\/posts"}],"about":[{"href":"https:\/\/www.cnbb.org.br\/cnbb-app\/wp\/v2\/types\/post"}],"author":[{"embeddable":true,"href":"https:\/\/www.cnbb.org.br\/cnbb-app\/wp\/v2\/users\/79"}],"replies":[{"embeddable":true,"href":"https:\/\/www.cnbb.org.br\/cnbb-app\/wp\/v2\/comments?post=995969"}],"version-history":[{"count":3,"href":"https:\/\/www.cnbb.org.br\/cnbb-app\/wp\/v2\/posts\/995969\/revisions"}],"predecessor-version":[{"id":995972,"href":"https:\/\/www.cnbb.org.br\/cnbb-app\/wp\/v2\/posts\/995969\/revisions\/995972"}],"wp:attachment":[{"href":"https:\/\/www.cnbb.org.br\/cnbb-app\/wp\/v2\/media?parent=995969"}],"wp:term":[{"taxonomy":"category","embeddable":true,"href":"https:\/\/www.cnbb.org.br\/cnbb-app\/wp\/v2\/categories?post=995969"},{"taxonomy":"post_tag","embeddable":true,"href":"https:\/\/www.cnbb.org.br\/cnbb-app\/wp\/v2\/tags?post=995969"}],"curies":[{"name":"wp","href":"https:\/\/api.w.org\/{rel}","templated":true}]}}