{"id":995973,"date":"2026-03-12T12:57:20","date_gmt":"2026-03-12T15:57:20","guid":{"rendered":"https:\/\/www.cnbb.org.br\/?p=995973"},"modified":"2026-03-12T12:57:49","modified_gmt":"2026-03-12T15:57:49","slug":"o-oasis-em-nossa-caminhada-quaresmal","status":"publish","type":"post","link":"https:\/\/www.cnbb.org.br\/o-oasis-em-nossa-caminhada-quaresmal\/","title":{"rendered":"O o\u00e1sis em nossa caminhada quaresmal"},"content":{"rendered":"<p style=\"text-align: right;\"><b><span data-contrast=\"none\">Cardeal Orani Jo\u00e3o Tempesta<\/span><\/b><span data-ccp-props=\"{&quot;134233117&quot;:true,&quot;134233118&quot;:true,&quot;201341983&quot;:0,&quot;335551550&quot;:3,&quot;335551620&quot;:3,&quot;335559739&quot;:160,&quot;335559740&quot;:240}\"><br \/>\n<\/span><b><span data-contrast=\"none\">Arcebispo do Rio de Janeiro (RJ)<\/span><\/b><span data-ccp-props=\"{&quot;134233117&quot;:true,&quot;134233118&quot;:true,&quot;201341983&quot;:0,&quot;335551550&quot;:3,&quot;335551620&quot;:3,&quot;335559739&quot;:160,&quot;335559740&quot;:240}\">\u00a0<\/span><\/p>\n<p style=\"text-align: justify;\">\n<p>Eu vim para salvar o mundo (Jo\u00a012,47)<span data-ccp-props=\"{&quot;134233117&quot;:true,&quot;134233118&quot;:true,&quot;201341983&quot;:0,&quot;335551550&quot;:2,&quot;335551620&quot;:2,&quot;335559739&quot;:160,&quot;335559740&quot;:240}\">\u00a0<\/span><\/p>\n<p style=\"text-align: justify;\"><span data-contrast=\"auto\">O tempo santo\u00a0e favor\u00e1vel\u00a0da Quaresma \u00e9, por excel\u00eancia, um itiner\u00e1rio de convers\u00e3o e de retorno ao cora\u00e7\u00e3o do Evangelho. A Igreja, em sua sabedoria milenar, oferece-nos este per\u00edodo de quarenta dias como um retiro espiritual em prepara\u00e7\u00e3o para a celebra\u00e7\u00e3o do Mist\u00e9rio Pascal, que \u00e9 o centro da nossa f\u00e9. Neste contexto de penit\u00eancia, jejum e esmola, somos convidados a olhar para as nossas pr\u00f3prias fragilidades n\u00e3o com o desespero de quem se v\u00ea perdido, mas com a esperan\u00e7a de quem sabe que o amor de Deus \u00e9 infinitamente maior do que qualquer falta que possamos cometer. \u00c9 exatamente nesta atmosfera de revis\u00e3o de vida e de busca pela santidade que a Igreja vivencia um momento de particular intensidade espiritual com a iniciativa\u00a0iniciada pelo Papa Francisco\u00a0conhecida como 24 Horas para o Senhor, realizada tradicionalmente \u00e0s v\u00e9speras do quarto domingo da Quaresma, o domingo\u00a0Laetare, ou seja, da alegria que neste ano acontece nesta sexta e s\u00e1bado, dias 13 e 14 de mar\u00e7o.\u00a0Esta jornada de ora\u00e7\u00e3o e reconcilia\u00e7\u00e3o tornou-se um verdadeiro farol de luz, recordando-nos que a miseric\u00f3rdia divina n\u00e3o \u00e9 uma ideia abstrata, mas uma realidade palp\u00e1vel que nos alcan\u00e7a e nos transforma.\u00a0O tema deste ano que o Papa Le\u00e3o XIV escolheu \u00e9 significativo: \u201cEu vim para salvar o mundo\u201d (Jo\u00a012,47) nos remete a colocar o centro de nossa vida\u00a0nAquele\u00a0que nos salva e conduz e, com renovado ardor,\u00a0anuncia-lO\u00a0ao mundo de hoje.\u00a0<\/span><span data-ccp-props=\"{&quot;134233117&quot;:true,&quot;134233118&quot;:true,&quot;201341983&quot;:0,&quot;335551550&quot;:6,&quot;335551620&quot;:6,&quot;335559739&quot;:160,&quot;335559740&quot;:240}\">\u00a0<\/span><\/p>\n<p style=\"text-align: justify;\"><span data-contrast=\"auto\">A din\u00e2mica desta iniciativa \u00e9 de uma beleza singular e de uma profundidade teol\u00f3gica inestim\u00e1vel.\u00a0Ao propormos que as igrejas permane\u00e7am de portas abertas ininterruptamente durante um dia e uma noite, a Igreja envia uma mensagem visual e espiritual muito clara ao mundo: o cora\u00e7\u00e3o de Deus nunca se fecha. Em nossa Arquidiocese de S\u00e3o Sebasti\u00e3o do Rio de Janeiro, uma metr\u00f3pole marcada pela pressa, pelo barulho incessante, pelas tens\u00f5es sociais e, muitas vezes, pela ang\u00fastia do isolamento urbano, ver as portas de um templo escancaradas durante a madrugada \u00e9 um convite ao repouso no Senhor. \u00c9 a concretiza\u00e7\u00e3o do apelo de Jesus narrado no Evangelho de Mateus:\u00a0\u201cVinde a mim, todos v\u00f3s que estais cansados e fatigados sob o peso dos vossos fardos, e eu vos darei descanso\u201d. A\u00a0Igreja de portas abertas \u00e9 o s\u00edmbolo da Igreja em sa\u00edda, que n\u00e3o apenas espera passivamente pelos fi\u00e9is, mas que se coloca como um hospital de campanha pronto para acolher os feridos da vida a qualquer hora do dia ou da noite, oferecendo-lhes o rem\u00e9dio da gra\u00e7a.\u00a0\u00c9 tamb\u00e9m a oportunidade\u00a0da\u00a0Igreja sair \u00e0s ruas e\u00a0\u00e0\u00a0pra\u00e7as para atender as pessoas que passam\u00a0e anunciar a todos a miseric\u00f3rdia de Deus.<\/span><span data-ccp-props=\"{&quot;134233117&quot;:true,&quot;134233118&quot;:true,&quot;201341983&quot;:0,&quot;335551550&quot;:6,&quot;335551620&quot;:6,&quot;335559739&quot;:160,&quot;335559740&quot;:240}\">\u00a0<\/span><\/p>\n<p style=\"text-align: justify;\"><span data-contrast=\"auto\">O cora\u00e7\u00e3o desta jornada ininterrupta de ora\u00e7\u00e3o \u00e9 o sacramento da Reconcilia\u00e7\u00e3o. O mundo contempor\u00e2neo, frequentemente marcado pelo relativismo moral, tem perdido a consci\u00eancia do pecado. Quando perdemos a no\u00e7\u00e3o daquilo que nos afasta de Deus, perdemos tamb\u00e9m a imensa alegria de sermos perdoados. A confiss\u00e3o n\u00e3o \u00e9 um tribunal de condena\u00e7\u00e3o, mas um encontro pessoal com o Pai das Miseric\u00f3rdias. A par\u00e1bola do filho pr\u00f3digo, t\u00e3o central na espiritualidade quaresmal, ilustra perfeitamente o que acontece no confession\u00e1rio: um Pai que aguarda ansiosamente o retorno do filho e que, ao v\u00ea-lo ainda de longe, corre ao seu encontro, abra\u00e7a-o e restitui-lhe a dignidade de herdeiro.\u00a0As\u00a024 Horas para o Senhor oferecem a oportunidade prop\u00edcia para que muitos que se encontram afastados da pr\u00e1tica sacramental possam redescobrir a beleza deste abra\u00e7o paterno. O perd\u00e3o de Deus n\u00e3o apenas apaga as nossas faltas, mas reconstr\u00f3i a nossa humanidade, devolvendo-nos a paz interior que as coisas deste mundo jamais poder\u00e3o nos dar.<\/span><span data-ccp-props=\"{&quot;134233117&quot;:true,&quot;134233118&quot;:true,&quot;201341983&quot;:0,&quot;335551550&quot;:6,&quot;335551620&quot;:6,&quot;335559739&quot;:160,&quot;335559740&quot;:240}\">\u00a0<\/span><\/p>\n<p style=\"text-align: justify;\"><span data-contrast=\"auto\">Ao lado do sacramento da Reconcilia\u00e7\u00e3o, a\u00a0Adora\u00e7\u00e3o\u00a0Eucar\u00edstica sustenta estas preciosas horas de\u00a0Vig\u00edlia. Permanecer diante do Sant\u00edssimo Sacramento exposto no altar \u00e9 um ato de f\u00e9 suprema na presen\u00e7a real de Jesus Cristo entre n\u00f3s. A adora\u00e7\u00e3o \u00e9 a escola onde aprendemos a ouvir a voz de Deus. Em um tempo\u00a0em que\u00a0somos bombardeados por milhares de informa\u00e7\u00f5es, imagens e opini\u00f5es a cada segundo, o sil\u00eancio diante da Eucaristia torna-se um ato de resist\u00eancia espiritual e de liberta\u00e7\u00e3o. Quem se ajoelha diante da H\u00f3stia Consagrada reconhece que n\u00e3o \u00e9 o senhor absoluto da pr\u00f3pria vida, mas que depende inteiramente da\u00a0Provid\u00eancia\u00a0Divina. Al\u00e9m disso, a adora\u00e7\u00e3o\u00a0Eucar\u00edstica possui uma dimens\u00e3o profundamente social e solid\u00e1ria. Enquanto adoramos o Senhor, levamos em nosso cora\u00e7\u00e3o as dores da nossa cidade, intercedendo pelas fam\u00edlias enlutadas, pelos desempregados, pelos doentes em nossos hospitais e por todos aqueles que s\u00e3o v\u00edtimas da viol\u00eancia. A ora\u00e7\u00e3o\u00a0Eucar\u00edstica rompe as barreiras do individualismo e nos faz sentir respons\u00e1veis uns pelos outros.<\/span><span data-ccp-props=\"{&quot;134233117&quot;:true,&quot;134233118&quot;:true,&quot;201341983&quot;:0,&quot;335551550&quot;:6,&quot;335551620&quot;:6,&quot;335559739&quot;:160,&quot;335559740&quot;:240}\">\u00a0<\/span><\/p>\n<p style=\"text-align: justify;\"><span data-contrast=\"auto\">Exorto, com afeto de pai e pastor, todos os sacerdotes de nossa Arquidiocese a se colocarem com redobrada generosidade \u00e0 disposi\u00e7\u00e3o do povo de Deus para o atendimento das confiss\u00f5es durante esta jornada\u00a0al\u00e9m dos atendimentos durante os mutir\u00f5es de confiss\u00f5es e os atendimentos\u00a0paroquais. Que cada sacerdote, agindo na pessoa de Cristo, seja um reflexo fiel da mansid\u00e3o e da paci\u00eancia do Bom Pastor. De igual modo, fa\u00e7o um apelo ardoroso aos fi\u00e9is leigos: sejam os mission\u00e1rios desta iniciativa. Convidem seus familiares, vizinhos e amigos, especialmente aqueles que por algum motivo se sentem exclu\u00eddos ou indignos do amor de Deus, para fazerem uma breve visita ao Sant\u00edssimo Sacramento ou para procurarem o confession\u00e1rio. Muitas vezes, uma simples palavra de incentivo, um convite feito com carinho, \u00e9 o instrumento que o Esp\u00edrito Santo utiliza para quebrar as barreiras do medo e da vergonha, proporcionando um encontro que pode mudar o rumo de uma vida inteira.<\/span><span data-ccp-props=\"{&quot;134233117&quot;:true,&quot;134233118&quot;:true,&quot;201341983&quot;:0,&quot;335551550&quot;:6,&quot;335551620&quot;:6,&quot;335559739&quot;:160,&quot;335559740&quot;:240}\">\u00a0<\/span><\/p>\n<p style=\"text-align: justify;\"><span data-contrast=\"auto\">\u00c9 fundamental recordarmos que vivenciamos este momento em profunda comunh\u00e3o com toda a Igreja Cat\u00f3lica espalhada pelo mundo, unidos em ora\u00e7\u00e3o sob a guia do nosso Santo Padre, o Papa Le\u00e3o XIV. A barca de Pedro continua a sua travessia pelos mares da hist\u00f3ria, enfrentando os desafios do nosso tempo com a mesma confian\u00e7a dos ap\u00f3stolos, porque sabe que o Cristo Ressuscitado navega conosco. Perseverar nesta tradi\u00e7\u00e3o das 24 Horas para o Senhor \u00e9 reafirmar o nosso compromisso com a unidade da Igreja e com a miss\u00e3o de anunciar o Evangelho da esperan\u00e7a a todas as criaturas. Cada h\u00f3stia exposta e cada absolvi\u00e7\u00e3o pronunciada em nossos templos formam uma imensa rede de gra\u00e7a que envolve o planeta, purificando a humanidade e apressando a vinda do Reino de Deus. A miseric\u00f3rdia \u00e9 a for\u00e7a que vence o mundo e \u00e9 o \u00fanico ant\u00eddoto capaz de curar as divis\u00f5es que ferem a sociedade civil e a pr\u00f3pria comunidade crist\u00e3.<\/span><span data-ccp-props=\"{&quot;134233117&quot;:true,&quot;134233118&quot;:true,&quot;201341983&quot;:0,&quot;335551550&quot;:6,&quot;335551620&quot;:6,&quot;335559739&quot;:160,&quot;335559740&quot;:240}\">\u00a0<\/span><\/p>\n<p style=\"text-align: justify;\"><span data-contrast=\"auto\">Que a Virgem Maria, a M\u00e3e da Divina Gra\u00e7a, a quem invocamos sob tantos t\u00edtulos de amor em nossa Arquidiocese, acompanhe cada passo desta nossa\u00a0Vig\u00edlia. Ela, que permaneceu de p\u00e9 junto \u00e0 Cruz de seu Filho, ensina-nos a n\u00e3o fugir diante do sofrimento e a confiar plenamente na vit\u00f3ria do amor sobre a morte. Que estas 24 Horas para o Senhor preparem os nossos cora\u00e7\u00f5es para vivenciarmos os mist\u00e9rios da Paix\u00e3o, Morte e Ressurrei\u00e7\u00e3o de Jesus com uma f\u00e9 mais viva e um amor mais aut\u00eantico. Que todos os que entrarem em nossas igrejas durante esta jornada possam sair transformados, irradiando a paz de Cristo em seus lares, em seus ambientes de trabalho e em toda a nossa cidade de S\u00e3o Sebasti\u00e3o do Rio de Janeiro.\u00a0<\/span><span data-ccp-props=\"{&quot;134233117&quot;:true,&quot;134233118&quot;:true,&quot;201341983&quot;:0,&quot;335551550&quot;:6,&quot;335551620&quot;:6,&quot;335559739&quot;:160,&quot;335559740&quot;:240}\">\u00a0<\/span><\/p>\n<p><span data-ccp-props=\"{&quot;201341983&quot;:0,&quot;335559739&quot;:160,&quot;335559740&quot;:278}\">\u00a0<\/span><\/p>\n","protected":false},"excerpt":{"rendered":"<p>Cardeal Orani Jo\u00e3o Tempesta Arcebispo do Rio de Janeiro (RJ)\u00a0 Eu vim para salvar o mundo (Jo\u00a012,47)\u00a0 O tempo santo\u00a0e favor\u00e1vel\u00a0da Quaresma \u00e9, por excel\u00eancia, um itiner\u00e1rio de convers\u00e3o e de retorno ao cora\u00e7\u00e3o do Evangelho. A Igreja, em sua sabedoria milenar, oferece-nos este per\u00edodo de quarenta dias como um retiro espiritual em prepara\u00e7\u00e3o para &hellip;<\/p>\n<p class=\"read-more\"> <a class=\"\" href=\"https:\/\/www.cnbb.org.br\/o-oasis-em-nossa-caminhada-quaresmal\/\"> <span class=\"screen-reader-text\">O o\u00e1sis em nossa caminhada quaresmal<\/span> Leia mais &raquo;<\/a><\/p>\n","protected":false},"author":31,"featured_media":0,"comment_status":"closed","ping_status":"closed","sticky":false,"template":"","format":"standard","meta":{"site-sidebar-layout":"default","site-content-layout":"default","ast-global-header-display":"","ast-banner-title-visibility":"","ast-main-header-display":"","ast-hfb-above-header-display":"","ast-hfb-below-header-display":"","ast-hfb-mobile-header-display":"","site-post-title":"","ast-breadcrumbs-content":"","ast-featured-img":"","footer-sml-layout":"","theme-transparent-header-meta":"default","adv-header-id-meta":"","stick-header-meta":"","header-above-stick-meta":"","header-main-stick-meta":"","header-below-stick-meta":""},"categories":[758],"tags":[],"acf":[],"_links":{"self":[{"href":"https:\/\/www.cnbb.org.br\/cnbb-app\/wp\/v2\/posts\/995973"}],"collection":[{"href":"https:\/\/www.cnbb.org.br\/cnbb-app\/wp\/v2\/posts"}],"about":[{"href":"https:\/\/www.cnbb.org.br\/cnbb-app\/wp\/v2\/types\/post"}],"author":[{"embeddable":true,"href":"https:\/\/www.cnbb.org.br\/cnbb-app\/wp\/v2\/users\/31"}],"replies":[{"embeddable":true,"href":"https:\/\/www.cnbb.org.br\/cnbb-app\/wp\/v2\/comments?post=995973"}],"version-history":[{"count":3,"href":"https:\/\/www.cnbb.org.br\/cnbb-app\/wp\/v2\/posts\/995973\/revisions"}],"predecessor-version":[{"id":995976,"href":"https:\/\/www.cnbb.org.br\/cnbb-app\/wp\/v2\/posts\/995973\/revisions\/995976"}],"wp:attachment":[{"href":"https:\/\/www.cnbb.org.br\/cnbb-app\/wp\/v2\/media?parent=995973"}],"wp:term":[{"taxonomy":"category","embeddable":true,"href":"https:\/\/www.cnbb.org.br\/cnbb-app\/wp\/v2\/categories?post=995973"},{"taxonomy":"post_tag","embeddable":true,"href":"https:\/\/www.cnbb.org.br\/cnbb-app\/wp\/v2\/tags?post=995973"}],"curies":[{"name":"wp","href":"https:\/\/api.w.org\/{rel}","templated":true}]}}