{"id":995977,"date":"2026-03-12T12:58:39","date_gmt":"2026-03-12T15:58:39","guid":{"rendered":"https:\/\/www.cnbb.org.br\/?p=995977"},"modified":"2026-03-12T12:59:20","modified_gmt":"2026-03-12T15:59:20","slug":"vivei-como-filhos-da-luz","status":"publish","type":"post","link":"https:\/\/www.cnbb.org.br\/vivei-como-filhos-da-luz\/","title":{"rendered":"\u201cVivei como filhos da luz!\u201d\u00a0"},"content":{"rendered":"<p style=\"text-align: right;\"><span data-contrast=\"auto\"><strong>Dom Rodolfo Lu\u00eds Weber<\/strong><br \/>\n<strong>Arcebispo de Passo Fundo (RS)<\/strong><\/p>\n<p><\/span><\/p>\n<p style=\"text-align: justify;\"><span data-contrast=\"auto\">\u201c\u00d3 Deus, que por vossa Palavra realizais de modo admir\u00e1vel a reconcilia\u00e7\u00e3o do g\u00eanero humano, concedei\u00a0ao povo crist\u00e3o correr ao encontro das festas que se aproximam, cheio de fervor e exultando de f\u00e9\u201d, reza a Igreja no quarto domingo da Quaresma.\u00a0Uma parte do\u00a0caminho\u00a0quaresmal\u00a0j\u00e1 foi percorrido e a P\u00e1scoa vai se aproximando.\u00a0\u00c9\u00a0um caminho\u00a0de ora\u00e7\u00e3o, de caridade,\u00a0de\u00a0penit\u00eancia, de reconcilia\u00e7\u00e3o e escuta da Palavra\u00a0de Deus\u00a0que resulta em alegria a quem o percorre, pois, o dia da vit\u00f3ria de Cristo sobre a morte est\u00e1 mais pr\u00f3ximo.\u00a0<\/span><span data-ccp-props=\"{&quot;335551550&quot;:6,&quot;335551620&quot;:6,&quot;335559739&quot;:120}\">\u00a0<\/span><\/p>\n<p style=\"text-align: justify;\"><span data-contrast=\"auto\">A cura de um cego de nascen\u00e7a se torna\u00a0oportunidade para que Jesus se apresente como \u201ca luz do mundo\u201d. Luz que\u00a0dissipa\u00a0as trevas\u00a0e\u00a0faz ver al\u00e9m das apar\u00eancias (1 Samuel 16,1.6-7.10-13, Salmo 22, Ef\u00e9sios 5,8-14 e Jo\u00e3o 9,1-41). Esta luz se propaga atrav\u00e9s dos di\u00e1logos que Deus estabelece com Samuel, de Jesus com o cego curado e os questionamentos dos fariseus, dos vizinhos\u00a0em rela\u00e7\u00e3o com o que aconteceu com o cego e quem o curou.<\/span><span data-ccp-props=\"{&quot;335551550&quot;:6,&quot;335551620&quot;:6,&quot;335559739&quot;:120}\">\u00a0<\/span><\/p>\n<p style=\"text-align: justify;\"><span data-contrast=\"auto\">O profeta Samuel recebe a miss\u00e3o de ungir o rei escolhido entre os filhos de Jess\u00e9 de Bel\u00e9m. O profeta j\u00e1 experimentado pela idade e pela vida\u00a0raciocina ainda segundo os crit\u00e9rios humanos considerando apar\u00eancia, for\u00e7a f\u00edsica, habilidade verbal. Deus o adverte dizendo: \u201cN\u00e3o julgo segundo crit\u00e9rios do homem: o homem v\u00ea as apar\u00eancias, mas o Senhor olha o cora\u00e7\u00e3o\u201d.\u00a0O\u00a0cora\u00e7\u00e3o, na concep\u00e7\u00e3o b\u00edblica, \u00e9 o centro das decis\u00f5es humanas. L\u00e1 s\u00e3o\u00a0articuladas\u00a0as\u00a0a\u00e7\u00f5es, l\u00e1 s\u00e3o cultivados os sentimentos, l\u00e1 se escuta Deus. Samuel deixa-se iluminar e por isso unge\u00a0Davi, o escolhido por Deus.<\/span><span data-ccp-props=\"{&quot;335551550&quot;:6,&quot;335551620&quot;:6,&quot;335559739&quot;:120}\">\u00a0<\/span><\/p>\n<p style=\"text-align: justify;\"><span data-contrast=\"auto\">Ap\u00f3s o breve relato\u00a0de como foi a\u00a0cura do cego, inicia-se um frutuoso e revelador di\u00e1logo.\u00a0Os \u201cvizinhos e os que costumavam ver o cego\u201d constatam a cura, perguntam como aconteceu, mas n\u00e3o v\u00e3o al\u00e9m. Se contentam com a curiosidade. Os fariseus interrogam o cego e seus pais, mas n\u00e3o creem em quem fez o milagre da cura. Sentem-se autossuficientes e autorizados a julgar e desprezar os outros. Creem que possuem a verdade e n\u00e3o tem mais nada a aprender, muito menos de um cego. A discuss\u00e3o com o curado termina com a senten\u00e7a condenat\u00f3ria: \u201cTu nasceste todo em pecado e est\u00e1s nos ensinando?\u201d\u00a0<\/span><span data-ccp-props=\"{&quot;335551550&quot;:6,&quot;335551620&quot;:6,&quot;335559739&quot;:120}\">\u00a0<\/span><\/p>\n<p style=\"text-align: justify;\"><span data-contrast=\"auto\">Os pais do cego creem em Jesus Cristo, mas n\u00e3o d\u00e3o testemunho. Diante do medo, passam a responsabilidade para o filho porque \u201c\u00e9 maior de idade\u201d. Representam tantas pessoas sens\u00edveis, de bons sentimentos, mas sem coragem. Por fim, o cego e Jesus se reencontram: o curado se prostra e exclama: \u201cEu creio, Senhor!\u201d<\/span><span data-ccp-props=\"{&quot;335551550&quot;:6,&quot;335551620&quot;:6,&quot;335559739&quot;:120}\">\u00a0<\/span><\/p>\n<p style=\"text-align: justify;\"><span data-contrast=\"auto\">A carta aos Ef\u00e9sios diz com clareza como Cristo, a \u201cluz do mundo\u201d deseja que seus filhos\u00a0vivam\u00a0iluminados\u00a0pela\u00a0gra\u00e7a recebida da\u00a0Sant\u00edssima Trindade\u00a0no batismo: \u201cIrm\u00e3os, outrora \u00e9reis trevas, mas agora sois luz no Senhor. Vivei como filhos da luz. E o fruto da\u00a0luz chama-se: bondade, justi\u00e7a, verdade. Discerni o que agrada ao Senhor. N\u00e3o vos associeis \u00e0s obras das trevas, que n\u00e3o levam a nada; antes, desmascarai-as. O que\u00a0esta\u00a0gente faz em segredo, tem vergonha at\u00e9 de diz\u00ea-lo. Mas tudo que\u00a0\u00e9\u00a0conden\u00e1vel\u00a0torna-se manifesto pela luz; e tudo o que \u00e9 manifesto \u00e9 luz. \u00c9 por isso que se diz: \u201cDesperta, tu que dormes, levanta-te dentre os mortos e sobre ti Cristo resplandecer\u00e1\u201d.\u00a0Usando o recurso de contrapor luz\u00a0e trevas, isto \u00e9, conduta crist\u00e3 e pag\u00e3, justi\u00e7a e pecado, Paulo exorta\u00a0para a dimens\u00e3o moral dos crist\u00e3os a caminharem como filhos da luz. Os frutos da luz\u00a0chamam-se:\u00a0bondade, justi\u00e7a e verdade.<\/span><span data-ccp-props=\"{&quot;335551550&quot;:6,&quot;335551620&quot;:6,&quot;335559739&quot;:120}\">\u00a0<\/span><\/p>\n<p style=\"text-align: justify;\"><span data-contrast=\"auto\">A cura do cego \u00e9 convite para deixar-se curar de todas as formas de cegueira, seja pessoal ou comunit\u00e1ria.\u00a0Jesus veio \u201cpara exercer um julgamento, a fim de que os que n\u00e3o veem, vejam, e os que veem se tornem cegos\u201d. Livres das cegueiras podemos orientar a vida com crit\u00e9rios divinos, n\u00e3o pelas apar\u00eancias, mas pelo que est\u00e1 no cora\u00e7\u00e3o.<\/span><span data-ccp-props=\"{&quot;335551550&quot;:6,&quot;335551620&quot;:6,&quot;335559731&quot;:708,&quot;335559739&quot;:120}\">\u00a0<\/span><\/p>\n<p style=\"text-align: justify;\">\n<p style=\"text-align: justify;\"><span data-contrast=\"auto\">\u00a0<\/span><span data-ccp-props=\"{&quot;335551550&quot;:6,&quot;335551620&quot;:6,&quot;335559739&quot;:120}\">\u00a0<\/span><\/p>\n","protected":false},"excerpt":{"rendered":"<p>Dom Rodolfo Lu\u00eds Weber Arcebispo de Passo Fundo (RS) \u201c\u00d3 Deus, que por vossa Palavra realizais de modo admir\u00e1vel a reconcilia\u00e7\u00e3o do g\u00eanero humano, concedei\u00a0ao povo crist\u00e3o correr ao encontro das festas que se aproximam, cheio de fervor e exultando de f\u00e9\u201d, reza a Igreja no quarto domingo da Quaresma.\u00a0Uma parte do\u00a0caminho\u00a0quaresmal\u00a0j\u00e1 foi percorrido e &hellip;<\/p>\n<p class=\"read-more\"> <a class=\"\" href=\"https:\/\/www.cnbb.org.br\/vivei-como-filhos-da-luz\/\"> <span class=\"screen-reader-text\">\u201cVivei como filhos da luz!\u201d\u00a0<\/span> Leia mais &raquo;<\/a><\/p>\n","protected":false},"author":27,"featured_media":0,"comment_status":"closed","ping_status":"closed","sticky":false,"template":"","format":"standard","meta":{"site-sidebar-layout":"default","site-content-layout":"default","ast-global-header-display":"","ast-banner-title-visibility":"","ast-main-header-display":"","ast-hfb-above-header-display":"","ast-hfb-below-header-display":"","ast-hfb-mobile-header-display":"","site-post-title":"","ast-breadcrumbs-content":"","ast-featured-img":"","footer-sml-layout":"","theme-transparent-header-meta":"default","adv-header-id-meta":"","stick-header-meta":"","header-above-stick-meta":"","header-main-stick-meta":"","header-below-stick-meta":""},"categories":[758],"tags":[],"acf":[],"_links":{"self":[{"href":"https:\/\/www.cnbb.org.br\/cnbb-app\/wp\/v2\/posts\/995977"}],"collection":[{"href":"https:\/\/www.cnbb.org.br\/cnbb-app\/wp\/v2\/posts"}],"about":[{"href":"https:\/\/www.cnbb.org.br\/cnbb-app\/wp\/v2\/types\/post"}],"author":[{"embeddable":true,"href":"https:\/\/www.cnbb.org.br\/cnbb-app\/wp\/v2\/users\/27"}],"replies":[{"embeddable":true,"href":"https:\/\/www.cnbb.org.br\/cnbb-app\/wp\/v2\/comments?post=995977"}],"version-history":[{"count":2,"href":"https:\/\/www.cnbb.org.br\/cnbb-app\/wp\/v2\/posts\/995977\/revisions"}],"predecessor-version":[{"id":995979,"href":"https:\/\/www.cnbb.org.br\/cnbb-app\/wp\/v2\/posts\/995977\/revisions\/995979"}],"wp:attachment":[{"href":"https:\/\/www.cnbb.org.br\/cnbb-app\/wp\/v2\/media?parent=995977"}],"wp:term":[{"taxonomy":"category","embeddable":true,"href":"https:\/\/www.cnbb.org.br\/cnbb-app\/wp\/v2\/categories?post=995977"},{"taxonomy":"post_tag","embeddable":true,"href":"https:\/\/www.cnbb.org.br\/cnbb-app\/wp\/v2\/tags?post=995977"}],"curies":[{"name":"wp","href":"https:\/\/api.w.org\/{rel}","templated":true}]}}