{"id":995985,"date":"2026-03-13T08:00:14","date_gmt":"2026-03-13T11:00:14","guid":{"rendered":"https:\/\/www.cnbb.org.br\/?p=995985"},"modified":"2026-03-12T17:01:51","modified_gmt":"2026-03-12T20:01:51","slug":"papa-nomeia-o-padre-jefferson-santos-pinheiro-como-bispo-auxiliar-da-arquidiocese-de-aracaju-se","status":"publish","type":"post","link":"https:\/\/www.cnbb.org.br\/papa-nomeia-o-padre-jefferson-santos-pinheiro-como-bispo-auxiliar-da-arquidiocese-de-aracaju-se\/","title":{"rendered":"Papa nomeia o padre Jefferson Santos Pinheiro como bispo auxiliar da arquidiocese de Aracaju (SE)"},"content":{"rendered":"<div style=\"text-align: justify;\">O Papa Le\u00e3o XIV, acolhendo a solicita\u00e7\u00e3o de dom Josaf\u00e1 Menezes da Silva de poder contar com a colabora\u00e7\u00e3o de um auxiliar, nomeou o padre Jefferson Santos Pinheiro como bispo titular de \u201cTagaria\u201d e auxiliar na arquidiocese de Aracaj\u00fa (SE). O monsenhor Jefferson pertence ao clero de Aracaju e atualmente \u00e9 p\u00e1roco da par\u00f3quia Nossa Senhora da Concei\u00e7\u00e3o, em Mosqueiro, Aracaju (SE). A Confer\u00eancia Nacional dos Bispos do Brasil (CNBB) enviou sauda\u00e7\u00e3o ao monsenhor Jefferson.<\/div>\n<h3><\/h3>\n<blockquote>\n<h3>Sauda\u00e7\u00e3o da CNBB ao Monsenhor Jefferson Santos Pinheiro<\/h3>\n<div>\n<p>&nbsp;<\/p>\n<p>A Confer\u00eancia Nacional dos Bispos do Brasil agradece ao Papa Le\u00e3o XIV a nomea\u00e7\u00e3o, nesta sexta-feira, 13 de mar\u00e7o, de um bispo auxiliar para a arquidiocese de Aracaju, em Sergipe, em nosso Regional Nordeste 2: o monsenhor Jefferson Santos Pinheiro, pertencente ao clero da mesma Igreja Particular.<\/p>\n<\/div>\n<div>Nesta ocasi\u00e3o especial, recordamos as palavras do Papa Le\u00e3o XIV por ocasi\u00e3o do Jubileu dos Bispos celebrado em Roma: \u201co bispo \u00e9 o princ\u00edpio vis\u00edvel de unidade na Igreja particular que lhe foi confiada tendo como dever zelar pela sua constru\u00e7\u00e3o na comunh\u00e3o entre todos os seus membros e com a Igreja universal, valorizando o contributo dos v\u00e1rios dons e minist\u00e9rios para o crescimento comum e a difus\u00e3o do Evangelho\u201d.<\/div>\n<div><\/div>\n<div>\n<p>Que Nossa Senhora da Concei\u00e7\u00e3o, padroeira da arquidiocese de Aracaju, conduza-o e fortale\u00e7a-o nesta nova miss\u00e3o conferida pela Igreja.<\/p>\n<p><span style=\"font-size: 17.6px;\">Nossas preces e nosso fraterno abra\u00e7o,<\/span><\/p>\n<p><strong style=\"font-size: 17.6px;\">Dom Jaime Cardeal Spengler<br \/>\n<\/strong><span style=\"font-size: 17.6px;\">Arcebispo de Porto Alegre (RS)<br \/>\n<\/span><em style=\"font-size: 17.6px;\">Presidente da CNBB<\/em><\/p>\n<p><strong style=\"font-size: 17.6px;\">Dom Jo\u00e3o Justino de Medeiros da Silva<br \/>\n<\/strong><span style=\"font-size: 17.6px;\">Arcebispo de Goi\u00e2nia (GO)<br \/>\n<\/span><em style=\"font-size: 17.6px;\">1\u00ba Vice- Presidente da CNBB<\/em><\/p>\n<p><strong style=\"font-size: 17.6px;\">Dom Paulo Jackson N\u00f3brega de Sousa<br \/>\n<\/strong><span style=\"font-size: 17.6px;\">Arcebispo de Olinda e Recife (PE)<br \/>\n<\/span><em style=\"font-size: 17.6px;\">2\u00ba Vice-Presidente da CNBB<\/em><\/p>\n<p><strong style=\"font-size: 17.6px;\">Dom Ricardo Hoepers<br \/>\n<\/strong><span style=\"font-size: 17.6px;\">Bispo Auxiliar da Arquidiocese de Bras\u00edlia (DF)<br \/>\n<\/span><em style=\"font-size: 17.6px;\">Secret\u00e1rio-Geral da CNBB<\/em><\/p>\n<\/div>\n<\/blockquote>\n<h3>Curr\u00edculo e trajet\u00f3ria eclesial do monsenhor Jefferson Santos Pinheiro<\/h3>\n<div><\/div>\n<div style=\"text-align: justify;\">\n<p>Padre Jefferson Santos Pinheiro, nasceu no dia 17 de julho de 1976, na maternidade S\u00e3o Vicente de Paula, Munic\u00edpio de Propri\u00e1 (SE), filho de Jos\u00e9 Oliveira Pinheiro e Maria das Dores Santos Pinheiro.<\/p>\n<\/div>\n<div style=\"text-align: justify;\">Ingressou no semin\u00e1rio Sagrado Cora\u00e7\u00e3o de Jesus (1994) passa a estudar no Col\u00e9gio Estadual Atheneu Sergipense (1994-1995), onde concluiu esta etapa da sua forma\u00e7\u00e3o.<\/p>\n<\/div>\n<div style=\"text-align: justify;\">Iniciou o curso de Filosofia no convento S\u00e3o Francisco, em S\u00e3o Crist\u00f3v\u00e3o (SE) em 1996; continuou sua forma\u00e7\u00e3o posteriormente no semin\u00e1rio maior Nossa Senhora da Concei\u00e7\u00e3o, da prov\u00edncia eclesi\u00e1stica de Aracaju. Em 1997 foi transferido para a sede do semin\u00e1rio Sagrado Cora\u00e7\u00e3o de Jesus, em Aracaju.<\/div>\n<div><\/div>\n<div style=\"text-align: justify;\">Em 1999 iniciou seus estudos teol\u00f3gicos no semin\u00e1rio S\u00e3o Jos\u00e9, na arquidiocese de Mariana (MG), onde permanece at\u00e9 a sua conclus\u00e3o em 2002.\u00a0Possui forma\u00e7\u00e3o em Filosofia pelo semin\u00e1rio maior Nossa Senhora da Concei\u00e7\u00e3o, em Aracaju (SE), e Teologia no semin\u00e1rio S\u00e3o Jos\u00e9 da arquidiocese de Mariana (MG). \u00c9 graduado em Psicologia pela Universidade Tiradentes (UNIT), Campus Farol\u00e2ndia.<\/div>\n<div><\/div>\n<div>Sua ordena\u00e7\u00e3o diaconal foi realizada em 6 de agosto de 2002 na catedral metropolitana de Aracaju. Foi ordenado presb\u00edtero em 21 de dezembro de 2002 no gin\u00e1sio de esportes \u201cConst\u00e2ncio Vieira\u201d em Aracaju.<\/div>\n<div><\/div>\n<div style=\"text-align: justify;\">O monsenhor exerceu as seguintes fun\u00e7\u00f5es: administrador paroquial da par\u00f3quia Santo Amaro, de Santo Amaro das Brotas; Atuou como secret\u00e1rio na Funda\u00e7\u00e3o Diva Ribeiro; Administrador paroquial da par\u00f3quia S\u00e3o Jos\u00e9 de Anchieta, no Conjunto Augusto Franco; Atuou na associa\u00e7\u00e3o de R\u00e1dio Difus\u00e3o padre Jose de Anchieta; Foi diretor espiritual e professor do semin\u00e1rio menor Sagrado Cora\u00e7\u00e3o de Jesus; Vig\u00e1rio episcopal do vicariato S\u00e3o Jo\u00e3o Evangelista; P\u00e1roco da par\u00f3quia Nossa Senhora do Ros\u00e1rio, em Ros\u00e1rio do Catete (SE); Presidente da Obra Social Nossa Senhora do Ros\u00e1rio; Psic\u00f3logo, reitor e professor do semin\u00e1rio maior Nossa Senhora da Concei\u00e7\u00e3o; Membro da equipe eclesial do Encontro Matrimonial Mundial (EMM); P\u00e1roco da par\u00f3quia Nossa Senhora da Concei\u00e7\u00e3o do Mosqueiro, Aracaju; Membro do Conselho de Presb\u00edteros e do Col\u00e9gio de Consultores da arquidiocese de Aracaju.<\/div>\n<div><\/div>\n","protected":false},"excerpt":{"rendered":"<p>O monsenhor Jefferson pertence ao clero de Aracaju e atualmente \u00e9 p\u00e1roco da par\u00f3quia Nossa Senhora da Concei\u00e7\u00e3o, em Mosqueiro, Aracaju (SE). A Confer\u00eancia Nacional dos Bispos do Brasil (CNBB) enviou sauda\u00e7\u00e3o ao monsenhor Jefferson<\/p>\n","protected":false},"author":142,"featured_media":995988,"comment_status":"closed","ping_status":"closed","sticky":false,"template":"","format":"standard","meta":{"site-sidebar-layout":"default","site-content-layout":"default","ast-global-header-display":"","ast-banner-title-visibility":"","ast-main-header-display":"","ast-hfb-above-header-display":"","ast-hfb-below-header-display":"","ast-hfb-mobile-header-display":"","site-post-title":"","ast-breadcrumbs-content":"","ast-featured-img":"","footer-sml-layout":"","theme-transparent-header-meta":"default","adv-header-id-meta":"","stick-header-meta":"","header-above-stick-meta":"","header-main-stick-meta":"","header-below-stick-meta":""},"categories":[1841,872],"tags":[5132],"acf":[],"_links":{"self":[{"href":"https:\/\/www.cnbb.org.br\/cnbb-app\/wp\/v2\/posts\/995985"}],"collection":[{"href":"https:\/\/www.cnbb.org.br\/cnbb-app\/wp\/v2\/posts"}],"about":[{"href":"https:\/\/www.cnbb.org.br\/cnbb-app\/wp\/v2\/types\/post"}],"author":[{"embeddable":true,"href":"https:\/\/www.cnbb.org.br\/cnbb-app\/wp\/v2\/users\/142"}],"replies":[{"embeddable":true,"href":"https:\/\/www.cnbb.org.br\/cnbb-app\/wp\/v2\/comments?post=995985"}],"version-history":[{"count":12,"href":"https:\/\/www.cnbb.org.br\/cnbb-app\/wp\/v2\/posts\/995985\/revisions"}],"predecessor-version":[{"id":996002,"href":"https:\/\/www.cnbb.org.br\/cnbb-app\/wp\/v2\/posts\/995985\/revisions\/996002"}],"wp:featuredmedia":[{"embeddable":true,"href":"https:\/\/www.cnbb.org.br\/cnbb-app\/wp\/v2\/media\/995988"}],"wp:attachment":[{"href":"https:\/\/www.cnbb.org.br\/cnbb-app\/wp\/v2\/media?parent=995985"}],"wp:term":[{"taxonomy":"category","embeddable":true,"href":"https:\/\/www.cnbb.org.br\/cnbb-app\/wp\/v2\/categories?post=995985"},{"taxonomy":"post_tag","embeddable":true,"href":"https:\/\/www.cnbb.org.br\/cnbb-app\/wp\/v2\/tags?post=995985"}],"curies":[{"name":"wp","href":"https:\/\/api.w.org\/{rel}","templated":true}]}}